{"id":9666,"date":"2025-08-01T17:18:17","date_gmt":"2025-08-01T22:18:17","guid":{"rendered":"https:\/\/procana.org\/site\/?p=9666"},"modified":"2025-08-04T16:25:58","modified_gmt":"2025-08-04T21:25:58","slug":"apostemosle-al-futuro-porque-el-futuro-es-nuestro","status":"publish","type":"post","link":"https:\/\/procana.org\/site\/apostemosle-al-futuro-porque-el-futuro-es-nuestro\/","title":{"rendered":"Apost\u00e9mosle al futuro, porque el futuro es nuestro"},"content":{"rendered":"\n<p>Apartes del discurso realizado en la LII Asamblea de Proca\u00f1a<\/p>\n\n\n\n<p>Por: Martha Lince &#8211; Presidente Junta Directiva<\/p>\n\n\n\n<p>En el actual contexto pol\u00edtico, el di\u00e1logo articulado con la SAC, el Consejo Gremial, la SAG del Valle y el Comit\u00e9 Intergremial ha sido fundamental para defender al sector agroindustrial, resaltando siempre su aporte al desarrollo econ\u00f3mico y social de las regiones ca\u00f1eras.&nbsp;<\/p>\n\n\n\n<p>Nuestro gremio espec\u00edficamente en 2024 y en lo corrido del 2025, tambi\u00e9n ha estado muy cercano a los Gobernadores de los departamentos y a los alcaldes en las zonas de influencia de nuestra actividad, pues la soluci\u00f3n, adem\u00e1s de un alto componente social, requiere compromiso del gobierno en obras de infraestructura y oportunidades que se traduzcan en generaci\u00f3n de empleo y desarrollo econ\u00f3mico.&nbsp;<\/p>\n\n\n\n<p>Hemos sostenido reuniones con ministras de Agricultura, Ambiente, el presidente del Congreso y l\u00edderes de distintas bancadas para expresar nuestra preocupaci\u00f3n por temas como la jurisdicci\u00f3n agraria, la expropiaci\u00f3n expr\u00e9s y la vulneraci\u00f3n de derechos fundamentales, reafirmando la importancia de un di\u00e1logo institucional constante y sin sesgos ideol\u00f3gicos.<\/p>\n\n\n\n<p><strong>Es un deber ser de Proca\u00f1a la defensa de los intereses de nuestros afiliados; no hacemos pol\u00edtica, pero estamos al tanto de las decisiones pol\u00edticas que afectan el normal desarrollo de nuestra actividad.<\/strong><\/p>\n\n\n\n<p>En las diferentes reuniones manifestamos la violaci\u00f3n de los derechos consagrados en la Constituci\u00f3n Nacional y la necesidad de un desarrollo rural integral en las tierras que se han adjudicado; tener tierra, sin un proyecto productivo rentable no permitir\u00e1 la anhelada estabilidad social y econ\u00f3mica.<\/p>\n\n\n\n<p>El actual panorama nacional es complejo, pero es conveniente recordar que la historia del campo colombiano no ha sido un camino de rosas. El trabajo, tenacidad, resiliencia, y el manejo de la adversidad en todos los terrenos, han sido elementos que hemos sabido manejar a lo largo de varios siglos; en especial la violencia ha sido una constante en nuestro medio. Por razones partidistas o por mezquinos intereses econ\u00f3micos y pol\u00edticos, muchos de nuestros agricultores han arriesgado su vida, su libertad y su patrimonio. Si fu\u00e9ramos a la definici\u00f3n de \u201cdesplazados\u201d o de \u201cvictimas\u201d de a\u00f1os de conflicto, muchos de ellos lo han sido al no poder regresar a sus fincas, incluso algunos a venderlas contra su voluntad, y otros a enviar a sus hijos fuera del pa\u00eds, perdi\u00e9ndose la conexi\u00f3n con la tierra, la agricultura, y por consiguiente con la necesaria integraci\u00f3n generacional vital para dar impulso y proyecci\u00f3n a nuestro sector. Todo esto lo digo para recordar la pujanza y el coraje de los hombres y mujeres de nuestro agro.<\/p>\n\n\n\n<p>Que las nuevas generaciones no se intimiden ante los desaf\u00edos de hoy y valoremos y preservemos lo construido.<\/p>\n\n\n\n<p><strong>\u00a1NADIE NOS QUITAR\u00c1 LO SUDADO A TRAV\u00c9S DE GENERACIONES!<\/strong><\/p>\n\n\n\n<p>En el departamento del Cauca persiste un entorno de alta conflictividad territorial y fragilidad institucional, marcado por el avance de actividades al margen de la ley que afectan la inversi\u00f3n, la seguridad y el bienestar de las comunidades. Estas din\u00e1micas generan un entorno de inseguridad f\u00edsica y jur\u00eddica. La falta de soluciones estructurales aumenta la incertidumbre, afectando el desarrollo sostenible y la estabilidad democr\u00e1tica en esta regi\u00f3n clave para el sector agroindustrial y social del pa\u00eds.<\/p>\n\n\n\n<p>Frente a esto, debemos rodear a nuestras instituciones que han dado muestras de coraje e independencia y de manera especial tenemos que apoyar a la fuerza p\u00fablica, quienes con admirable valent\u00eda cumplen su deber en medio de limitaciones jur\u00eddicas y log\u00edsticas.<\/p>\n\n\n\n<p><strong>Hoy hacemos un sincero reconocimiento para ellos, verdaderos h\u00e9roes en la defensa de nuestra patria.<\/strong><\/p>\n\n\n\n<p>Apostamos al relacionamiento social como motor de transformaci\u00f3n en nuestras zonas de influencia. \u201cCompromiso Territorio\u201d y el \u201cFondo Social de la Agroindustria de la Ca\u00f1a\u201d son ejemplos de integraci\u00f3n entre sectores y comunidades, donde destaca la participaci\u00f3n activa de los j\u00f3venes en la construcci\u00f3n de territorios sostenibles. Resaltamos tambi\u00e9n la labor de la Fundaci\u00f3n Coraz\u00f3n de Ca\u00f1a, bajo el liderazgo de David Gironza quien ha interpretado adecuadamente nuestras expectativas.<\/p>\n\n\n\n<p><strong>Pero entre m\u00e1s interactuamos con David y con los l\u00edderes comunitarios, m\u00e1s nos convencemos de que no es suficiente girar los recursos econ\u00f3micos: debemos ponerle nuestra cara, y de manera especial, nuestro coraz\u00f3n a esta relaci\u00f3n. Sino se da esa interacci\u00f3n entre los ca\u00f1icultores y sus trabajadores.<\/strong><\/p>\n\n\n\n<p>Cada acto sostenible de nuestra parte con la comunidad debe ir acompa\u00f1ado de la expresi\u00f3n afectuosa del ca\u00f1icultor. Perm\u00edtanme hacer un \u00e9nfasis: <strong>la participaci\u00f3n de nuestros hijos y nietos es importante&nbsp; en este proceso.<\/strong><\/p>\n\n\n\n<p>En los di\u00e1logos francos y abiertos en los territorios, encontramos que una buena receta puede ser la <strong>relaci\u00f3n emp\u00e1tica que surge entre los j\u00f3venes, independientemente de su nivel social o cultural.<\/strong> Soci\u00f3logos que nos han acompa\u00f1ado encuentran similitudes entre los anhelos, expectativas y frustraciones de los j\u00f3venes, sean nuestros hijos, los de nuestros trabajadores o vecinos. <strong>Las nuevas generaciones est\u00e1n llamadas a ser un eslab\u00f3n de di\u00e1logo y conexi\u00f3n con las comunidades de nuestras zonas de influencia.<\/strong> Contamos con la certeza que tendremos un verdadero cambio si aceptamos este reto y logramos reconstruir el tejido social que debido a las condiciones de seguridad ocasion\u00f3 una ruptura y p\u00e9rdida de una generaci\u00f3n en el tradicional contacto con las comunidades.<\/p>\n\n\n\n<p>Todos los esfuerzos de <strong>Compromiso Territorio, Fondo Social, Fundaci\u00f3n&nbsp; Coraz\u00f3n de Ca\u00f1a,&nbsp; huertas familiares rurales (ALDEAS),<\/strong> son invaluables y hacen un trabajo muy importante, pero, reitero, se requiere m\u00e1s di\u00e1logo directo entre&nbsp; el empresario del campo y su entorno.<\/p>\n\n\n\n<p>Siempre ser\u00e1 imperioso optimizar la productividad expresada en toneladas de ca\u00f1a por hect\u00e1rea y sacarosa, bases de la sostenibilidad sectorial. Es importante la adaptaci\u00f3n y mitigaci\u00f3n en un entorno donde la variabilidad clim\u00e1tica se intensifica haciendo indispensable la incorporaci\u00f3n de nuevas pr\u00e1cticas y tecnolog\u00edas.&nbsp;&nbsp;<\/p>\n\n\n\n<p>De igual manera reforzar el mensaje de mantener y defender el FEPA , Fondo de estabilizaci\u00f3n de Precios del Az\u00facar, clave para la sostenibilidad de nuestro sector.<\/p>\n\n\n\n<p>Todos debemos aprovechar nuestro centro de investigaci\u00f3n, Cenica\u00f1a,&nbsp; orgullo de la agroindustria del Valle del Cauca y donde aportamos de manera voluntaria ingenios y cultivadores.<\/p>\n\n\n\n<p><strong>\u00a1Pertenecemos a un sector con muchas fortalezas y futuro!<\/strong> Recordemos que la ca\u00f1a es m\u00e1s que az\u00facar, es etanol, es energ\u00eda, es compostaje, es bagazo. Como lo resumi\u00f3 un ejecutivo del sector <strong>\u201cCon la ca\u00f1a se puede hacer casi todo lo que se hace con el petr\u00f3leo\u201d<\/strong><\/p>\n\n\n\n<p>Es Importante resaltar el proyecto de la contribuci\u00f3n al medio ambiente con los corredores biol\u00f3gicos que van a enlazar 890 Kil\u00f3metros de bosques nativos, lo cual exige de nuestra parte voluntad y cesi\u00f3n de algunas franjas de terreno para lograr una mayor protecci\u00f3n ambiental.<\/p>\n\n\n\n<p><strong>En estas \u00e9pocas de incertidumbre para la democracia, es fundamental para fortalecer a Proca\u00f1a el apoyo de todos, atraer m\u00e1s afiliados e incrementar nuestra representatividad.<\/strong><\/p>\n\n\n\n<p><strong>Hacemos una invitaci\u00f3n muy especial: \u00a1DEBEMOS DEFENDER&nbsp; Y CUIDAR NUESTRA DEMOCRACIA!<\/strong><\/p>\n\n\n\n<p>Requerimos de nuestros afiliados y del entorno una MIRADA POSITIVA sobre nuestro futuro. Esta se construye con la sumatoria de compromisos individuales y de acciones como las ya mencionadas.<\/p>\n\n\n\n<p>&nbsp;Los invitamos a participar todos juntos, remando la barca con la misma vocaci\u00f3n y destino. No podemos caer en la trampa de la agenda de divisiones y odios.<\/p>\n\n\n\n<p><strong>Juntos podemos ser verdaderos agentes de cambio, pero se necesita de nuestro esfuerzo y perseverancia.<\/strong><\/p>\n\n\n\n<figure class=\"wp-block-image aligncenter size-large is-resized\"><img loading=\"lazy\" decoding=\"async\" width=\"1024\" height=\"576\" src=\"https:\/\/procana.org\/site\/wp-content\/uploads\/2024\/12\/DSC00973-1-1024x576.jpg\" alt=\"\" class=\"wp-image-8783\" style=\"width:583px;height:auto\"\/><\/figure>\n\n\n\n<p><br><strong>Comun\u00edquese al <a href=\"https:\/\/api.whatsapp.com\/send?phone=573108259113&amp;text=Enlace%3A%0Ahttps%3A%2F%2Ffb.me%2F8kARUKSug%0A%0AVi%20esto%20en%20Facebook...&amp;context=AfckzIegPBlRin2ZYmD5IvAHJq0Z65GVvAmMXcsxLzAyqELM6DwuR830ucWuJWhws4DRFU1p9s8PPfr4AJ67J0DG8bQ6j8QeQ50YzoAkhnbStB3rsqkXpoQa7V-a2DlH4RwEGoA3yvaZsTZqqtat43xNWw&amp;source&amp;app=facebook&amp;fbclid=IwZXh0bgNhZW0CMTAAYnJpZBExblVTT2c3TU43bXJGd0JzTQEecQ9LY6YGfHSPIe6knxoPXgjNmALvZv9nb5pc9LVGtF6S9Iakvya5InZLJcM_aem_KP3Up7jSvcGf6tQQN3Ol-Q\" target=\"_blank\" rel=\"noreferrer noopener\">310 8259113<\/a> si desea hacer parte de nuestra pr\u00f3xima revista.<\/strong><\/p>\n","protected":false},"excerpt":{"rendered":"<p>Apartes del discurso realizado en la LII Asamblea de Proca\u00f1a Por: Martha Lince &#8211; Presidente Junta Directiva En el actual contexto pol\u00edtico, el di\u00e1logo articulado con la SAC, el Consejo Gremial, la SAG del Valle y el Comit\u00e9 Intergremial ha sido fundamental para defender al sector agroindustrial, resaltando siempre su aporte al desarrollo econ\u00f3mico y [&hellip;]<\/p>\n","protected":false},"author":442,"featured_media":9669,"comment_status":"open","ping_status":"open","sticky":false,"template":"","format":"standard","meta":{"_et_pb_use_builder":"off","_et_pb_old_content":"","_et_gb_content_width":"","footnotes":""},"categories":[9,11],"tags":[26,30,27,93,28],"class_list":["post-9666","post","type-post","status-publish","format-standard","has-post-thumbnail","hentry","category-revista","category-revista-general","tag-cana","tag-cana-de-azucar","tag-colombia","tag-cultivadores","tag-procana"],"_links":{"self":[{"href":"https:\/\/procana.org\/site\/wp-json\/wp\/v2\/posts\/9666","targetHints":{"allow":["GET"]}}],"collection":[{"href":"https:\/\/procana.org\/site\/wp-json\/wp\/v2\/posts"}],"about":[{"href":"https:\/\/procana.org\/site\/wp-json\/wp\/v2\/types\/post"}],"author":[{"embeddable":true,"href":"https:\/\/procana.org\/site\/wp-json\/wp\/v2\/users\/442"}],"replies":[{"embeddable":true,"href":"https:\/\/procana.org\/site\/wp-json\/wp\/v2\/comments?post=9666"}],"version-history":[{"count":3,"href":"https:\/\/procana.org\/site\/wp-json\/wp\/v2\/posts\/9666\/revisions"}],"predecessor-version":[{"id":9682,"href":"https:\/\/procana.org\/site\/wp-json\/wp\/v2\/posts\/9666\/revisions\/9682"}],"wp:featuredmedia":[{"embeddable":true,"href":"https:\/\/procana.org\/site\/wp-json\/wp\/v2\/media\/9669"}],"wp:attachment":[{"href":"https:\/\/procana.org\/site\/wp-json\/wp\/v2\/media?parent=9666"}],"wp:term":[{"taxonomy":"category","embeddable":true,"href":"https:\/\/procana.org\/site\/wp-json\/wp\/v2\/categories?post=9666"},{"taxonomy":"post_tag","embeddable":true,"href":"https:\/\/procana.org\/site\/wp-json\/wp\/v2\/tags?post=9666"}],"curies":[{"name":"wp","href":"https:\/\/api.w.org\/{rel}","templated":true}]}}