{"id":9616,"date":"2025-07-14T08:54:20","date_gmt":"2025-07-14T13:54:20","guid":{"rendered":"https:\/\/procana.org\/site\/?p=9616"},"modified":"2025-07-14T09:20:03","modified_gmt":"2025-07-14T14:20:03","slug":"campo-clama-por-seguridad","status":"publish","type":"post","link":"https:\/\/procana.org\/site\/campo-clama-por-seguridad\/","title":{"rendered":"El campo clama por seguridad"},"content":{"rendered":"\n<p>Por: Martha Betancourt &#8211; Directora Ejecutiva de Proca\u00f1a<\/p>\n\n\n\n<p>Nos reunimos en el marco de la LII Asamblea Anual de Proca\u00f1a, en un momento decisivo y trascendental de nuestra querida patria que exige reflexi\u00f3n y unidad.<\/p>\n\n\n\n<p><strong>Nuestro pa\u00eds atraviesa d\u00edas de angustia e incertidumbre<\/strong>. Las heridas reabiertas por la violencia, evidenciadas en el reciente atentado contra el senador y precandidato presidencial doctor Miguel Uribe Turbay, los actos terroristas en Cali, Jamund\u00ed y Buenaventura, as\u00ed como en el departamento del Cauca, nos duelen profundamente.<strong> \u00a1Estos atentados hieren a la democracia y nos dividen como naci\u00f3n<\/strong>!<\/p>\n\n\n\n<p>Y, sin embargo, cuando todo parece desmoronarse<strong>, siempre surge la otra Colombia. La que no se rinde. La que prefiere marchar en silencio, con dignidad y abrazados en una sola oraci\u00f3n,<\/strong> en lugar de responder con m\u00e1s violencia.<\/p>\n\n\n\n<p>La Colombia que decide sembrar, aun cuando otros destruyen. La que defiende la libertad, exige respeto por la vida. La que se levanta cada d\u00eda a trabajar por la paz.<\/p>\n\n\n\n<p>Hoy, en esta tierra f\u00e9rtil, que es la nuestra, la del campo<strong>, reiteramos nuestro compromiso, ese que cultiva, produce y genera oportunidades, <\/strong>que no se detiene. Porque nuestros agricultores y agremiados \u2014como la ca\u00f1a\u2014 sabemos adaptarnos, resistir\u2026 y renacer.<\/p>\n\n\n\n<p>El Valle del Cauca es el escenario perfecto para destacar la ca\u00f1a de az\u00facar<strong>, como el cultivo que representa la fortaleza, adaptaci\u00f3n y sostenibilidad de nuestro sector<\/strong>.<strong> <\/strong>Con m\u00e1s de 150 a\u00f1os, nuestra cadena productiva demuestra su capacidad de evolucionar en un mundo que demanda compromiso con las personas, el planeta y la sociedad.<\/p>\n\n\n\n<p><strong>La ca\u00f1a es nuestra mejor aliada para mitigar el cambio clim\u00e1tico<\/strong>. Su alta eficiencia fotosint\u00e9tica le permite capturar hasta 110 toneladas de CO\u2082, liberando 60 toneladas de ox\u00edgeno por hect\u00e1rea al a\u00f1o. No solo produce, tambi\u00e9n purifica el aire que respiramos. Adem\u00e1s, es la planta que m\u00e1s biomasa genera, la cual en gran parte regresa al campo, mejorando el suelo y devolviendo vida al ecosistema<strong>.<\/strong><\/p>\n\n\n\n<p><strong>Es tambi\u00e9n una poderosa fuente de energ\u00eda limpia. <\/strong>El bagazo se transforma en electricidad a trav\u00e9s de la cogeneraci\u00f3n, permitiendo que muchas f\u00e1bricas se autoabastezcan e incluso aporten a la red nacional<strong>. \u00a1Una tonelada de biomasa de ca\u00f1a es energ\u00e9ticamente equivalente a 1.2 barriles de petr\u00f3leo!<\/strong><\/p>\n\n\n\n<p><strong>En cada hect\u00e1rea sembrada de ca\u00f1a hay innovaci\u00f3n, ciencia, econom\u00eda circular. Como decimos con orgullo: \u201c\u00a1El que quiera m\u00e1s\u2026 que le piquen ca\u00f1a!\u201d.<\/strong>&nbsp;<\/p>\n\n\n\n<p>Este compromiso con la sostenibilidad es posible gracias a la ciencia y tecnolog\u00eda al servicio del campo. <strong>Hay una apuesta por el presente y por el futuro.<\/strong><\/p>\n\n\n\n<p><strong>Y ese futuro solo ser\u00e1 posible si seguimos caminando juntos: gremios, productores, academia, industria, comunidades y, por supuesto, el Estado.<\/strong><\/p>\n\n\n\n<p>A trav\u00e9s de Cenica\u00f1a, en Proca\u00f1a, impulsamos la adopci\u00f3n de tecnolog\u00edas innovadoras<strong>.<\/strong> Implementamos agricultura de precisi\u00f3n con sistemas satelitales, sensores IoT para riego eficiente, monitoreo con drones y an\u00e1lisis en tiempo real del suelo. <strong>Nuestro mejoramiento gen\u00e9tico desarrolla variedades m\u00e1s resistentes y eficientes.<\/strong><\/p>\n\n\n\n<p>Estamos digitalizando procesos para una gesti\u00f3n agr\u00edcola optimizada. <strong>Todo esto es una clara demostraci\u00f3n de nuestra capacidad de adaptaci\u00f3n y visi\u00f3n de futuro<\/strong>.<\/p>\n\n\n\n<h3 class=\"wp-block-heading\">Nuestro compromiso social se fortalece cada d\u00eda<\/h3>\n\n\n\n<p>Por intermedio de la <strong>Fundaci\u00f3n Coraz\u00f3n de Ca\u00f1a<\/strong>, impulsamos el desarrollo educativo y social, beneficiando <strong>a m\u00e1s de 30.000 familias en 2024.<\/strong> Trabajamos en la mejora de la calidad educativa, reducci\u00f3n de la pobreza de aprendizaje y la inclusi\u00f3n socioecon\u00f3mica de j\u00f3venes. <strong>Hemos trabajado en proyectos de cobertura de alimentaci\u00f3n escolar en 18 instituciones educativas donde la gobernaci\u00f3n llega con PAE beneficiando a 7.361 estudiantes.&nbsp;<\/strong><\/p>\n\n\n\n<p><strong>Adem\u00e1s, <\/strong>con el programa de <strong>Huertas Familiares ALDEAS<\/strong>, en alianza con la Fundaci\u00f3n Caicedo Gonz\u00e1lez Riopaila Castilla<strong>, promovemos la seguridad alimentaria y el desarrollo autosostenible<\/strong>. En 2024, beneficiamos a m\u00e1s de 1.710 familias, con una producci\u00f3n de m\u00e1s de 1.778 toneladas de alimentos agr\u00edcolas. <strong>El 70% de estas huertas son lideradas por mujeres, fortaleciendo su rol y la equidad de g\u00e9nero.<\/strong><\/p>\n\n\n\n<p>Tambi\u00e9n destacamos el <strong>Programa INTEGRA, que promueve la sostenibilidad integral con una herramienta tecnol\u00f3gica gratuita y 213 indicadores agroambientales, sociales y econ\u00f3micos. <\/strong>Y <strong>Compromiso Territorio,<\/strong> una iniciativa colaborativa que impulsa el desarrollo sostenible en el norte del Cauca y sur del Valle. Estas son pruebas que productores y empresarios estamos unidos y comprometidos con la generaci\u00f3n de empleo y la inversi\u00f3n social.<\/p>\n\n\n\n<p><strong>Estos esfuerzos enfrentan desaf\u00edos.<\/strong> La crisis de seguridad, derivada de la fracasada pol\u00edtica de Paz Total, ha fortalecido a grupos al margen de la ley, afectando al sector agropecuario con extorsiones, secuestros y vulneraciones a la movilidad y los derechos esenciales<strong>.<\/strong><\/p>\n\n\n\n<p>La violaci\u00f3n de la propiedad privada en el Norte del Cauca, una problem\u00e1tica que se extiende por m\u00e1s de 11 a\u00f1os, ha alcanzado cifras alarmantes. M\u00e1s de 5 mil hect\u00e1reas afectadas, 6 mil empleos perdidos, trabajadores asesinados, heridos y secuestrados; delitos contra el medio ambiente y la violaci\u00f3n a Derechos Humanos y Constitucionales.<\/p>\n\n\n\n<p><strong>Se han interpuesto m\u00e1s de 700 denuncias ante la fiscal\u00eda general de la Naci\u00f3n. A pesar de las \u00f3rdenes de captura emitidas, a la fecha ninguna ha resultado en judicializaci\u00f3n.<\/strong><\/p>\n\n\n\n<p>Frente a esta dif\u00edcil situaci\u00f3n, los agricultores como \u00fanica salida han ofertado sus predios a la ANT desde hace m\u00e1s de tres a\u00f1os y a pesar de cumplir con todos y cada uno de los requisitos exigidos, la ANT no ha logrado concretar los procesos de compra.<\/p>\n\n\n\n<p><strong>La inestabilidad jur\u00eddica generada por una avalancha de normas y decretos tambi\u00e9n nos preocupa<\/strong>. La pol\u00edtica agraria se ha centrado exclusivamente en la propiedad de la tierra, descuidando lo verdaderamente fundamental para los productores agropecuarios: <strong>el desarrollo rural integral.<\/strong> Este debe articular la asistencia t\u00e9cnica permanente, la financiaci\u00f3n oportuna y una comercializaci\u00f3n garantizada<strong>.<\/strong><\/p>\n\n\n\n<p>La elevada carga impositiva se ha convertido en un obst\u00e1culo cr\u00edtico para la producci\u00f3n de alimentos, el aumento exagerado de los aval\u00faos catastrales, los costos derivados de fen\u00f3menos clim\u00e1ticos, econ\u00f3micos y de seguridad son problemas que enfrentan los agricultores en Colombia.<\/p>\n\n\n\n<p><strong>Proca\u00f1a, junto a la SAC, ha participado activamente en el debate y dise\u00f1o de pol\u00edticas p\u00fablicas para defender los intereses del campo.<\/strong><\/p>\n\n\n\n<p>Es imperativo detener la estigmatizaci\u00f3n y mensajes de odio contra los empresarios<strong>. El pa\u00eds no soporta m\u00e1s irrespeto hacia quienes, d\u00eda a d\u00eda, generamos oportunidades de empleo. <\/strong>Invitamos a la sociedad a mirarnos como compatriotas y aliados, para el pa\u00eds que merecen nuestros hijos y nietos.<\/p>\n\n\n\n<p>Nuestro llamado al Gobierno Nacional es contundente<strong>: <\/strong>cumplir con su obligaci\u00f3n de asegurar el orden constitucional, la separaci\u00f3n de poderes y la democracia<strong>.<\/strong><\/p>\n\n\n\n<p><strong>Colombia clama por seguridad, protecci\u00f3n de la vida y tranquilidad.<\/strong><\/p>\n\n\n\n<p>Desde Proca\u00f1a<strong>, respaldamos, respetamos y admiramos a nuestras Fuerzas Militares y de Polic\u00eda, <\/strong>que con su entrega defienden el orden constitucional<strong>.<\/strong><\/p>\n\n\n\n<p>La situaci\u00f3n del pa\u00eds es delicada. Hoy m\u00e1s que nunca, necesitamos estar unidos, no por intereses individuales, sino por la convicci\u00f3n que <strong>no podemos seguir viviendo bajo el miedo ni sometidos a la violencia. Nos duele cada vida perdida. Acompa\u00f1amos de coraz\u00f3n a las v\u00edctimas y sus familias.<\/strong><\/p>\n\n\n\n<p>Los invito, con profundo respeto a guardar juntos un minuto de silencio por las v\u00edctimas. Que este gesto sea un s\u00edmbolo de uni\u00f3n, gratitud y, sobre todo, de la esperanza inquebrantable que juntos construiremos un futuro m\u00e1s seguro y pr\u00f3spero para Colombia.<\/p>\n\n\n\n<p><strong>\u00a1Gracias por estar aqu\u00ed, por no rendirse, por creer!<\/strong><\/p>\n\n\n\n<p><br><\/p>\n","protected":false},"excerpt":{"rendered":"<p>Por: Martha Betancourt &#8211; Directora Ejecutiva de Proca\u00f1a Nos reunimos en el marco de la LII Asamblea Anual de Proca\u00f1a, en un momento decisivo y trascendental de nuestra querida patria que exige reflexi\u00f3n y unidad. Nuestro pa\u00eds atraviesa d\u00edas de angustia e incertidumbre. Las heridas reabiertas por la violencia, evidenciadas en el reciente atentado contra [&hellip;]<\/p>\n","protected":false},"author":1,"featured_media":9618,"comment_status":"open","ping_status":"open","sticky":false,"template":"","format":"standard","meta":{"_et_pb_use_builder":"off","_et_pb_old_content":"","_et_gb_content_width":"","footnotes":""},"categories":[9,11],"tags":[96,26,30,27,93,28,39],"class_list":["post-9616","post","type-post","status-publish","format-standard","has-post-thumbnail","hentry","category-revista","category-revista-general","tag-agroindustria-de-la-cana-agricultores-cana","tag-cana","tag-cana-de-azucar","tag-colombia","tag-cultivadores","tag-procana","tag-suelo"],"_links":{"self":[{"href":"https:\/\/procana.org\/site\/wp-json\/wp\/v2\/posts\/9616","targetHints":{"allow":["GET"]}}],"collection":[{"href":"https:\/\/procana.org\/site\/wp-json\/wp\/v2\/posts"}],"about":[{"href":"https:\/\/procana.org\/site\/wp-json\/wp\/v2\/types\/post"}],"author":[{"embeddable":true,"href":"https:\/\/procana.org\/site\/wp-json\/wp\/v2\/users\/1"}],"replies":[{"embeddable":true,"href":"https:\/\/procana.org\/site\/wp-json\/wp\/v2\/comments?post=9616"}],"version-history":[{"count":1,"href":"https:\/\/procana.org\/site\/wp-json\/wp\/v2\/posts\/9616\/revisions"}],"predecessor-version":[{"id":9617,"href":"https:\/\/procana.org\/site\/wp-json\/wp\/v2\/posts\/9616\/revisions\/9617"}],"wp:featuredmedia":[{"embeddable":true,"href":"https:\/\/procana.org\/site\/wp-json\/wp\/v2\/media\/9618"}],"wp:attachment":[{"href":"https:\/\/procana.org\/site\/wp-json\/wp\/v2\/media?parent=9616"}],"wp:term":[{"taxonomy":"category","embeddable":true,"href":"https:\/\/procana.org\/site\/wp-json\/wp\/v2\/categories?post=9616"},{"taxonomy":"post_tag","embeddable":true,"href":"https:\/\/procana.org\/site\/wp-json\/wp\/v2\/tags?post=9616"}],"curies":[{"name":"wp","href":"https:\/\/api.w.org\/{rel}","templated":true}]}}