{"id":9381,"date":"2025-06-06T11:59:23","date_gmt":"2025-06-06T16:59:23","guid":{"rendered":"https:\/\/procana.org\/site\/?p=9381"},"modified":"2025-06-06T12:02:28","modified_gmt":"2025-06-06T17:02:28","slug":"finca-churimal-pasion-sostenibilidad-y-un-legado-que-florece-en-el-campo","status":"publish","type":"post","link":"https:\/\/procana.org\/site\/finca-churimal-pasion-sostenibilidad-y-un-legado-que-florece-en-el-campo\/","title":{"rendered":"Finca Churimal, pasi\u00f3n, sostenibilidad y un legado que florece en el campo"},"content":{"rendered":"\n<p>En el coraz\u00f3n del Valle del Cauca, donde la tierra parece susurrar historias de esfuerzo y dedicaci\u00f3n, se encuentra la Finca Churimal. Un lugar que no solo cultiva ca\u00f1a de az\u00facar, sino que tambi\u00e9n siembra valores, tradici\u00f3n y un profundo respeto por la tierra.<\/p>\n\n\n\n<figure class=\"wp-block-image aligncenter size-large is-resized\"><img loading=\"lazy\" decoding=\"async\" width=\"1024\" height=\"768\" src=\"https:\/\/procana.org\/site\/wp-content\/uploads\/2025\/06\/IMG-20250206-WA0057-1024x768.jpg\" alt=\"\" class=\"wp-image-9382\" style=\"width:556px;height:auto\"\/><\/figure>\n\n\n\n<p>Con m\u00e1s de 27 a\u00f1os de experiencia en el cultivo de ca\u00f1a, esta familia de agricultores ha demostrado que la agricultura no es solo un negocio, sino un estilo de vida que se lleva en la sangre.<\/p>\n\n\n\n<p>Conversamos con Mar\u00eda Clara Mej\u00eda, una de las representantes de la finca, quien, junto a sus dos hermanas Beatriz Mej\u00eda Arango y Julia Clemencia Mej\u00eda Arango y sus respectivos esposos, han llevado adelante el legado que sus padres les dejaron. Una historia que comenz\u00f3 con el cultivo de ma\u00edz, soya, sorgo y algod\u00f3n que, tras enfrentar una crisis en los a\u00f1os 80, dio un giro hacia la ca\u00f1a de az\u00facar. \u201cMi pap\u00e1 siempre fue un agricultor de coraz\u00f3n. Cuando la soya y el algod\u00f3n se enfrentaron con la apertura econ\u00f3mica, decidimos asociarnos con R\u00edoPaila y desde entonces venimos desarrollando el cultivo de ca\u00f1a de az\u00facar\u201d, relata Mar\u00eda Clara con una mezcla de nostalgia y orgullo.<\/p>\n\n\n\n<h3 class=\"wp-block-heading\"><strong>Integra: Un compromiso con la sostenibilidad que rinde frutos<\/strong><\/h3>\n\n\n\n<p><strong>En 2017, la Finca Churimal dio un paso importante al unirse al programa\u00a0Integra, una iniciativa de Proca\u00f1a que promueve pr\u00e1cticas agr\u00edcolas sostenibles. \u201cNos invitaron a ser parte de este proyecto, que en ese entonces se llamaba Proyecto F\u00e9nix. <\/strong>Empezamos a realizar cambios y a recibir recomendaciones para tener un cultivo m\u00e1s sostenible\u201d, recuerda Mar\u00eda Clara. Aunque el camino es exigente, los resultados han sido m\u00e1s que alentadores.<\/p>\n\n\n\n<p>Uno de los desaf\u00edos m\u00e1s grandes fue crear conciencia entre los empleados. \u201cAntes encontr\u00e1bamos desechos contaminantes (residuos pl\u00e1sticos) abandonados en el campo. Hoy, gracias a la educaci\u00f3n y a los incentivos que hemos implementado internamente, eso ya es asunto del pasado\u201d, explica la agricultora.\u00a0<\/p>\n\n\n\n<p>La finca ha establecido un sistema de premiaci\u00f3n trimestral entre sus colaboradores que no solo reconoce la productividad, sino tambi\u00e9n el cuidado del medio ambiente y la seguridad en el trabajo.\u00a0 <strong>\u201cEs importante que ellos se sientan parte de algo m\u00e1s grande, y que entiendan que su trabajo no solo beneficia a la finca, sino tambi\u00e9n a la comunidad y al planeta\u201d.<\/strong><\/p>\n\n\n\n<h3 class=\"wp-block-heading\"><strong>Productividad que habla por s\u00ed sola<\/strong><\/h3>\n\n\n\n<p>La implementaci\u00f3n de estas pr\u00e1cticas sostenibles no solo ha tenido un impacto positivo en el medio ambiente, sino tambi\u00e9n en la productividad de la finca. <strong>A pesar de los desaf\u00edos clim\u00e1ticos, Churimal ha logrado mantener un rendimiento promedio de entre 110 y 140 toneladas de ca\u00f1a por hect\u00e1rea.<\/strong> \u201cHemos mejorado nuestro sistema de riego, reduciendo el tiempo de riego de 40 a 22 d\u00edas. Esto nos ha permitido optimizar el uso del agua y ser m\u00e1s eficientes\u201d. Resalta<\/p>\n\n\n\n<p>Adem\u00e1s, han adoptado tecnolog\u00edas como un software de costos que les permite monitorear y optimizar sus gastos en tiempo real. \u201cEsto nos ha ayudado a ser m\u00e1s eficientes y a identificar \u00e1reas de mejora\u201d, explica.&nbsp;<\/p>\n\n\n\n<p>Para la familia, la relaci\u00f3n costo-beneficio de estas inversiones es clara: \u201cSabemos que estos esfuerzos no solo cuidan el medio ambiente, sino que tambi\u00e9n aseguran el futuro de nuestra finca\u201d.<\/p>\n\n\n\n<h3 class=\"wp-block-heading\"><strong>El recurso humano: El coraz\u00f3n de Churimal<\/strong><\/h3>\n\n\n\n<p>En la finca Churimal, los trabajadores no solo son empleados, son parte de la familia. Con un equipo de aproximadamente diez personas fijas, la familia ha implementado medidas para garantizar su bienestar y seguridad. \u201cHemos sido muy cuidadosos con el manejo del personal.<strong> Implementamos un sistema de premiaci\u00f3n trimestral que reconoce no solo la productividad, sino tambi\u00e9n el cuidado del medio ambiente y la seguridad\u201d, se\u00f1ala Mar\u00eda Clara.<\/strong><\/p>\n\n\n\n<p>Adem\u00e1s, organizan almuerzos trimestrales con sus trabajadores, una iniciativa que fortalece los lazos y fomenta un ambiente de trabajo colaborativo. <strong>\u201cPara nosotros es fundamental mantener un equipo estable y comprometido. Sabemos que el recurso humano es clave para el \u00e9xito de nuestra finca en estos tiempos, donde las personas no desean trabajar en el campo y mucho menos los j\u00f3venes\u201d<\/strong>, agrega.<\/p>\n\n\n\n<h3 class=\"wp-block-heading\"><strong>Un legado que trasciende generaciones<\/strong><\/h3>\n\n\n\n<p>La pasi\u00f3n por el campo no es algo que se aprenda, se lleva en la sangre. Y en la familia Mej\u00eda Arango, esa pasi\u00f3n es m\u00e1s que evidente. \u201cDesde que nacimos, estamos en este medio. <strong>Mis padres fueron agricultores toda su vida, y cuando ellos nos delegaron el manejo de Churimal, nosotras tomamos el rumbo y aqu\u00ed vamos, con el mismo amor y dedicaci\u00f3n que nos ense\u00f1aron\u201d, comenta Mar\u00eda Clara. <\/strong>Pero lo m\u00e1s emocionante es ver c\u00f3mo la nueva generaci\u00f3n est\u00e1 dispuesta a continuar con este legado. \u201cTenemos cinco hijos entre las tres hermanas, y aunque cada uno est\u00e1 terminando sus estudios o empezando su vida laboral, todos han expresado su deseo de involucrarse en Churimal en alg\u00fan momento\u201d.<\/p>\n\n\n\n<p><strong>Un mensaje para las nuevas generaciones<\/strong><\/p>\n\n\n\n<p>Mar\u00eda Clara no duda en enviar un mensaje a los j\u00f3venes que hoy miran el campo con desinter\u00e9s.<strong> \u201cEl campo es el futuro. Invitamos a los j\u00f3venes a que vengan, a que se involucren. Aqu\u00ed hay oportunidades, aqu\u00ed hay vida. Y lo m\u00e1s importante, aqu\u00ed hay un legado que vale la pena preservar\u201d.<\/strong><\/p>\n\n\n\n<p>La finca Churimal es m\u00e1s que un cultivo de ca\u00f1a de az\u00facar. Es un ejemplo de c\u00f3mo la dedicaci\u00f3n, la innovaci\u00f3n y el compromiso con la sostenibilidad pueden transformar no solo una finca, sino tambi\u00e9n una comunidad. Con su participaci\u00f3n en el programa Integra y su pertenencia a Proca\u00f1a, esta familia sigue escribiendo una historia que, sin duda, inspirar\u00e1 a muchas m\u00e1s generaciones.<\/p>\n\n\n\n<figure class=\"wp-block-image aligncenter size-large is-resized\"><img loading=\"lazy\" decoding=\"async\" width=\"768\" height=\"1024\" src=\"https:\/\/procana.org\/site\/wp-content\/uploads\/2025\/06\/IMG-20250206-WA0087-768x1024.jpg\" alt=\"\" class=\"wp-image-9383\" style=\"width:312px;height:auto\"\/><\/figure>\n\n\n\n<p><br><\/p>\n\n\n\n<p><br><\/p>\n\n\n\n<p><br><\/p>\n\n\n\n<p><br><\/p>\n","protected":false},"excerpt":{"rendered":"<p>En el coraz\u00f3n del Valle del Cauca, donde la tierra parece susurrar historias de esfuerzo y dedicaci\u00f3n, se encuentra la Finca Churimal. Un lugar que no solo cultiva ca\u00f1a de az\u00facar, sino que tambi\u00e9n siembra valores, tradici\u00f3n y un profundo respeto por la tierra. Con m\u00e1s de 27 a\u00f1os de experiencia en el cultivo de [&hellip;]<\/p>\n","protected":false},"author":442,"featured_media":9384,"comment_status":"open","ping_status":"open","sticky":false,"template":"","format":"standard","meta":{"_et_pb_use_builder":"off","_et_pb_old_content":"","_et_gb_content_width":"","footnotes":""},"categories":[9,10],"tags":[],"class_list":["post-9381","post","type-post","status-publish","format-standard","has-post-thumbnail","hentry","category-revista","category-revista-principal"],"_links":{"self":[{"href":"https:\/\/procana.org\/site\/wp-json\/wp\/v2\/posts\/9381","targetHints":{"allow":["GET"]}}],"collection":[{"href":"https:\/\/procana.org\/site\/wp-json\/wp\/v2\/posts"}],"about":[{"href":"https:\/\/procana.org\/site\/wp-json\/wp\/v2\/types\/post"}],"author":[{"embeddable":true,"href":"https:\/\/procana.org\/site\/wp-json\/wp\/v2\/users\/442"}],"replies":[{"embeddable":true,"href":"https:\/\/procana.org\/site\/wp-json\/wp\/v2\/comments?post=9381"}],"version-history":[{"count":1,"href":"https:\/\/procana.org\/site\/wp-json\/wp\/v2\/posts\/9381\/revisions"}],"predecessor-version":[{"id":9385,"href":"https:\/\/procana.org\/site\/wp-json\/wp\/v2\/posts\/9381\/revisions\/9385"}],"wp:featuredmedia":[{"embeddable":true,"href":"https:\/\/procana.org\/site\/wp-json\/wp\/v2\/media\/9384"}],"wp:attachment":[{"href":"https:\/\/procana.org\/site\/wp-json\/wp\/v2\/media?parent=9381"}],"wp:term":[{"taxonomy":"category","embeddable":true,"href":"https:\/\/procana.org\/site\/wp-json\/wp\/v2\/categories?post=9381"},{"taxonomy":"post_tag","embeddable":true,"href":"https:\/\/procana.org\/site\/wp-json\/wp\/v2\/tags?post=9381"}],"curies":[{"name":"wp","href":"https:\/\/api.w.org\/{rel}","templated":true}]}}