{"id":9279,"date":"2025-05-07T14:24:59","date_gmt":"2025-05-07T19:24:59","guid":{"rendered":"https:\/\/procana.org\/site\/?p=9279"},"modified":"2025-05-07T14:33:18","modified_gmt":"2025-05-07T19:33:18","slug":"compromiso-territorio-suroccidente-colombiano","status":"publish","type":"post","link":"https:\/\/procana.org\/site\/compromiso-territorio-suroccidente-colombiano\/","title":{"rendered":"Avanza la transformaci\u00f3n sustentable en el suroccidente colombiano"},"content":{"rendered":"\n<p><strong>Desde septiembre de 2024, <em>Compromiso Territorio<\/em> lleg\u00f3 a diez municipios del norte del Cauca y sur del Valle del Cauca con el firme prop\u00f3sito de reducir las brechas sociales y promover la transformaci\u00f3n sustentable de este territorio.\u00a0<\/strong><\/p>\n\n\n\n<p>\u201cCompromiso Territorio es un ejercicio de articulaci\u00f3n incre\u00edble con retos altos, pero que lograremos superar porque estamos aunando esfuerzos de quienes ya han trabajado en el territorio. Sabemos que los resultados beneficiar\u00e1n no solo al Cauca y al sur del Valle del Cauca, sino a todo el pa\u00eds\u201d, afirm\u00f3 Ana Fernanda Mu\u00f1oz, presidenta ejecutiva de la C\u00e1mara de Comercio del Cauca.<\/p>\n\n\n\n<h2 class=\"wp-block-heading\"><strong>Impulsando el cambio social a trav\u00e9s de cuatro ejes<\/strong><\/h2>\n\n\n\n<p>En el Eje Social, Cultural y Deportivo, Compromiso Territorio ha llevado a cabo iniciativas de gran impacto en la comunidad. Un ejemplo destacado fue el Festival Mestizaje, un evento que reuni\u00f3 a m\u00e1s de 591 participantes de 9 municipios para celebrar la diversidad y las tradiciones. Adem\u00e1s, este evento se convirti\u00f3 en una plataforma para los emprendimientos locales, que lograron generar ventas superiores a los 10 millones de pesos.<\/p>\n\n\n\n<p>La integraci\u00f3n y la sana competencia tambi\u00e9n fueron protagonistas con el Torneo de F\u00fatbol Compromiso Territorio por la Paz, evento convoc\u00f3 a 394 j\u00f3venes de Caloto, Santander de Quilichao, Padilla, el resguardo ind\u00edgena L\u00f3pez Adentro Villa Rica, Puerto Tejada y Guachen\u00e9, con quienes se est\u00e1n trabajando valores y competencias de liderazgo. Asimismo, actividades como el Cine Taller Ofelia, en alianza con Fundaci\u00f3n WWB Colombia, impactaron a m\u00e1s de 150 personas de 8 municipios, mientras que la certificaci\u00f3n en buenas pr\u00e1cticas con Fundaci\u00f3n Sidoc y Fundaci\u00f3n Carvajal benefici\u00f3 a 27 mujeres forjadoras, otorg\u00e1ndoles herramientas valiosas para su desarrollo personal y profesional.<\/p>\n\n\n\n<p>Impulsar el desarrollo a trav\u00e9s del di\u00e1logo nos motiv\u00f3 a realizar un foro de participaci\u00f3n ciudadana con la Fundaci\u00f3n Caicedo Gonz\u00e1lez Riopaila Castilla, en la que m\u00e1s de 500 personas sumaron su voz a la conversaci\u00f3n creando redes cada vez m\u00e1s fuertes para, conjuntamente, transformar el territorio. L\u00edderes y empresarios tambi\u00e9n se han integrado a esta transformaci\u00f3n del territorio mediante espacios de encuentro para el intercambio de ideas, con los que se pretende iniciar un proceso de creaci\u00f3n de confianza e identificaci\u00f3n de los puntos cr\u00edticos en los que se debe trabajar de manera articulada.<\/p>\n\n\n\n<p><strong>El Eje Econ\u00f3mico ha sido clave para abrir nuevas oportunidades en la generaci\u00f3n de ingresos para las familias y la comunidad.<\/strong> A trav\u00e9s de los mercados campesinos organizados junto a Asoca\u00f1a, 116 emprendedores pudieron ofrecer sus productos a varios municipios, promoviendo el consumo local y fortaleciendo la econom\u00eda regional. En la misma l\u00ednea, con el apoyo de Fundaci\u00f3n Propal y Organizaci\u00f3n Carvajal, 50 emprendedores participaron en una rueda de negocios, creando nuevas oportunidades para el talento local y fortaleciendo el ecosistema empresarial de la regi\u00f3n.<\/p>\n\n\n\n<p><strong>Compromiso Territorio tambi\u00e9n ha asumido un papel fundamental en la protecci\u00f3n del medio ambiente. En el marco de la COP16, junto a Corpopalo se realizaron actividades de sensibilizaci\u00f3n sobre la importancia del r\u00edo Palo para las zonas rurales y los ecosistemas acu\u00e1ticos.<\/strong> Adem\u00e1s, se pusieron en marcha proyectos como los viveros escolares en Caloto y Santander de Quilichao, que no solo contribuyen a la conservaci\u00f3n del entorno, sino que tambi\u00e9n educan a las nuevas generaciones sobre la importancia de cuidar los recursos naturales. En Corinto, Miranda y Caloto, avanzamos en programas de protecci\u00f3n y conservaci\u00f3n de ecosistemas, asegurando un futuro m\u00e1s verde.<\/p>\n\n\n\n<p>El Eje Institucional tambi\u00e9n presenta importantes avances pues reconoce los liderazgos locales y sus capacidades, y busca impulsar y continuar fortaleciendo a organizaciones sociales en programas de gesti\u00f3n de proyectos de desarrollo y a participantes en procesos relacionados con la agenda ciudadana, la co-creaci\u00f3n de campa\u00f1as y el control social a la gesti\u00f3n p\u00fablica.&nbsp;<\/p>\n\n\n\n<h2 class=\"wp-block-heading\"><strong>Uniendo esfuerzos por un territorio sustentable<\/strong><\/h2>\n\n\n\n<p>Mariana Caicedo, subdirectora ejecutiva de ProPac\u00edfico destaca que Compromiso Territorio busca convertir al norte del Cauca y al sur del Valle en epicentro de una historia de uni\u00f3n entre personas e instituciones que dejaron a un lado las diferencias y se reunieron en torno a un prop\u00f3sito com\u00fan: transformar el territorio. <strong>\u201cTrabajamos desde la confianza y el di\u00e1logo, articulando diferentes programas de impacto social y capitalizando aprendizajes de experiencias previas como Compromiso Valle, donde hemos demostrado que juntos podemos cocrear soluciones sustentables para el territorio y las comunidades que lo habitan\u201d<\/strong>, a\u00f1adi\u00f3.&nbsp;<\/p>\n\n\n\n<p>Con cada acci\u00f3n esta iniciativa reafirma que, trabajando de la mano, cerrar brechas, crear oportunidades, transformar el territorio y fortalecer el tejido social en el suroccidente del pa\u00eds, es posible.<\/p>\n\n\n\n<figure class=\"wp-block-image aligncenter size-full is-resized\"><img loading=\"lazy\" decoding=\"async\" width=\"960\" height=\"960\" src=\"https:\/\/procana.org\/site\/wp-content\/uploads\/2025\/05\/Mercadeo-Campesino.jpg\" alt=\"\" class=\"wp-image-9281\" style=\"width:425px;height:auto\"\/><\/figure>\n\n\n\n<p><br><\/p>\n","protected":false},"excerpt":{"rendered":"<p>Desde septiembre de 2024, Compromiso Territorio lleg\u00f3 a diez municipios del norte del Cauca y sur del Valle del Cauca con el firme prop\u00f3sito de reducir las brechas sociales y promover la transformaci\u00f3n sustentable de este territorio.\u00a0 \u201cCompromiso Territorio es un ejercicio de articulaci\u00f3n incre\u00edble con retos altos, pero que lograremos superar porque estamos aunando [&hellip;]<\/p>\n","protected":false},"author":442,"featured_media":9280,"comment_status":"open","ping_status":"open","sticky":false,"template":"","format":"standard","meta":{"_et_pb_use_builder":"off","_et_pb_old_content":"","_et_gb_content_width":"","footnotes":""},"categories":[9,10],"tags":[],"class_list":["post-9279","post","type-post","status-publish","format-standard","has-post-thumbnail","hentry","category-revista","category-revista-principal"],"_links":{"self":[{"href":"https:\/\/procana.org\/site\/wp-json\/wp\/v2\/posts\/9279","targetHints":{"allow":["GET"]}}],"collection":[{"href":"https:\/\/procana.org\/site\/wp-json\/wp\/v2\/posts"}],"about":[{"href":"https:\/\/procana.org\/site\/wp-json\/wp\/v2\/types\/post"}],"author":[{"embeddable":true,"href":"https:\/\/procana.org\/site\/wp-json\/wp\/v2\/users\/442"}],"replies":[{"embeddable":true,"href":"https:\/\/procana.org\/site\/wp-json\/wp\/v2\/comments?post=9279"}],"version-history":[{"count":1,"href":"https:\/\/procana.org\/site\/wp-json\/wp\/v2\/posts\/9279\/revisions"}],"predecessor-version":[{"id":9282,"href":"https:\/\/procana.org\/site\/wp-json\/wp\/v2\/posts\/9279\/revisions\/9282"}],"wp:featuredmedia":[{"embeddable":true,"href":"https:\/\/procana.org\/site\/wp-json\/wp\/v2\/media\/9280"}],"wp:attachment":[{"href":"https:\/\/procana.org\/site\/wp-json\/wp\/v2\/media?parent=9279"}],"wp:term":[{"taxonomy":"category","embeddable":true,"href":"https:\/\/procana.org\/site\/wp-json\/wp\/v2\/categories?post=9279"},{"taxonomy":"post_tag","embeddable":true,"href":"https:\/\/procana.org\/site\/wp-json\/wp\/v2\/tags?post=9279"}],"curies":[{"name":"wp","href":"https:\/\/api.w.org\/{rel}","templated":true}]}}