{"id":9158,"date":"2025-04-11T13:22:04","date_gmt":"2025-04-11T18:22:04","guid":{"rendered":"https:\/\/procana.org\/site\/?p=9158"},"modified":"2025-04-11T13:22:13","modified_gmt":"2025-04-11T18:22:13","slug":"procana-desarrollo-social-cultivadores-cana","status":"publish","type":"post","link":"https:\/\/procana.org\/site\/procana-desarrollo-social-cultivadores-cana\/","title":{"rendered":"Proca\u00f1a y los cultivadores de ca\u00f1a, comprometidos con el desarrollo social"},"content":{"rendered":"\n<p>Mejorar la calidad de vida de las personas y contribuir al desarrollo sostenible de las comunidades requiere que las empresas se conecten con su entorno, comprendan sus necesidades y se comprometan a trabajar de manera continua y colaborativa con sus grupos de inter\u00e9s.<\/p>\n\n\n\n<p>En Proca\u00f1a, hemos liderado una estrategia con enfoque en la sostenibilidad social, ambiental y econ\u00f3mica, evolucionando de acuerdo con los cambios del entorno y priorizando iniciativas que generen un impacto positivo en el negocio, promuevan el uso responsable de los recursos naturales y apoyen el desarrollo de las personas y la sociedad.<\/p>\n\n\n\n<p>Uno de los pilares fundamentales de Proca\u00f1a ha sido el fortalecimiento de las competencias y capacidades de los productores de ca\u00f1a y sus colaboradores. Somos conscientes de que el conocimiento es una herramienta transformadora y la base del mejoramiento continuo, impulsado por la tecnolog\u00eda y la innovaci\u00f3n.<\/p>\n\n\n\n<p>El uso eficiente de los recursos es clave en el camino hacia la sostenibilidad, dado su impacto directo en el bienestar de los ecosistemas, la calidad del suelo, la disponibilidad y calidad agua, la biodiversidad, el aire y los microorganismos esenciales para la agricultura.<\/p>\n\n\n\n<p>&nbsp;En respuesta a estos desaf\u00edos, los ca\u00f1icultores han desarrollado e implementado pr\u00e1cticas alternativas como la agricultura org\u00e1nica, agroecol\u00f3gica y regenerativa. Estas iniciativas han sido compartidas a trav\u00e9s de Proca\u00f1a, fortaleciendo el sector y posicionando a Colombia como un referente en sostenibilidad agr\u00edcola en ca\u00f1a de az\u00facar.<\/p>\n\n\n\n<p>M\u00e1s all\u00e1 de su labor productiva, los cultivadores de ca\u00f1a han contribuido de manera constante al bienestar de los trabajadores y sus familias. Adem\u00e1s de generar empleo estable y cumplir con las normativas laborales, han destinado recursos para la educaci\u00f3n en sus distintos niveles, as\u00ed como para proyectos de vivienda, salud, alimentaci\u00f3n y asistencia humanitaria en momentos de crisis. Durante situaciones cr\u00edticas como la pandemia y los bloqueos, se prioriz\u00f3 el cuidado de las familias, garantizando el acceso a alimentos, medicamentos y protocolos de autocuidado. <\/p>\n\n\n\n<p>Todo este esfuerzo se ve reflejado en indicadores de cumplimiento respaldados por el\u00a0<strong>Programa Integra<\/strong>, una plataforma tecnol\u00f3gica en la nube creada en 2016 bajo el liderazgo de Proca\u00f1a. Gracias a esta herramienta, es posible medir el progreso de los cultivadores de ca\u00f1a en los tres ejes de la sostenibilidad, con m\u00e1s de 60 mil hect\u00e1reas vinculadas a la fecha.<\/p>\n\n\n\n<p>Destacamos a continuaci\u00f3n el desempe\u00f1o durante el 2024 en el pilar social:<\/p>\n\n\n\n<div class=\"wp-block-columns is-layout-flex wp-container-core-columns-is-layout-9d6595d7 wp-block-columns-is-layout-flex\">\n<div class=\"wp-block-column is-layout-flow wp-block-column-is-layout-flow\">\n<p><strong>Actividad<\/strong><\/p>\n\n\n\n<ul class=\"wp-block-list\">\n<li>Contrataci\u00f3n de servicios o terceros<\/li>\n\n\n\n<li>Contrataci\u00f3n directa: t\u00e9rmino fijo o indefinido<\/li>\n\n\n\n<li>Derecho sobre la tierra<\/li>\n\n\n\n<li>Edad m\u00ednima del trabajador<\/li>\n\n\n\n<li>Elementos de protecci\u00f3n personal<\/li>\n\n\n\n<li>Entrenamiento y capacitaci\u00f3n<\/li>\n\n\n\n<li>Evaluaci\u00f3n de riesgos y accidentes de trabajo<\/li>\n\n\n\n<li>Infraestructura para la atenci\u00f3n del trabajador<\/li>\n\n\n\n<li>Interacci\u00f3n con la comunidad<\/li>\n\n\n\n<li>Jornada laboral<\/li>\n\n\n\n<li>Negociaci\u00f3n colectiva<\/li>\n\n\n\n<li>Preparaci\u00f3n de alimentos<\/li>\n\n\n\n<li>Seguridad en el uso de agroqu\u00edmicos<\/li>\n\n\n\n<li>Trabajo familiar<\/li>\n\n\n\n<li>Transporte<\/li>\n\n\n\n<li>Vivienda para trabajadores en la hacienda<\/li>\n<\/ul>\n<\/div>\n\n\n\n<div class=\"wp-block-column is-layout-flow wp-block-column-is-layout-flow\">\n<p><strong>% Cumplimiento<\/strong><\/p>\n\n\n\n<ul class=\"wp-block-list\">\n<li>65 %<\/li>\n\n\n\n<li>92 %<\/li>\n\n\n\n<li>90%<\/li>\n\n\n\n<li>99%<\/li>\n\n\n\n<li>85%<\/li>\n\n\n\n<li>71%<\/li>\n\n\n\n<li>67%<\/li>\n\n\n\n<li>78%<\/li>\n\n\n\n<li>71%<\/li>\n\n\n\n<li>83 %<\/li>\n\n\n\n<li>87%<\/li>\n\n\n\n<li>87%<\/li>\n\n\n\n<li>60%<\/li>\n\n\n\n<li>94%<\/li>\n\n\n\n<li>82% <\/li>\n\n\n\n<li>82%<\/li>\n<\/ul>\n<\/div>\n<\/div>\n\n\n\n<p>Desde 2024, la Fundaci\u00f3n Coraz\u00f3n de Ca\u00f1a ha consolidado los esfuerzos individuales de los cultivadores para impactar los municipios del valle geogr\u00e1fico del r\u00edo Cauca. A trav\u00e9s de esta plataforma, se ha fortalecido la infraestructura educativa y comunitaria con <strong>44 proyectos<\/strong>. Destacamos dentro de esta l\u00ednea la alianza con la Gobernaci\u00f3n del Valle, cuyos recursos del Programa de Alimentaci\u00f3n Escolar (PAE) han beneficiado a 7000 estudiantes del Valle del Cauca para la alimentaci\u00f3n escolar.&nbsp; &nbsp; <strong>Se han destinado m\u00e1s de 6,700 millones de pesos<\/strong> a estos procesos, de los cuales 3,670 millones de pesos fueron aportados por otros aliados.<\/p>\n\n\n\n<figure class=\"wp-block-image aligncenter size-large is-resized\"><img loading=\"lazy\" decoding=\"async\" width=\"1024\" height=\"768\" src=\"https:\/\/procana.org\/site\/wp-content\/uploads\/2024\/12\/IMG_0532-1-1024x768.jpg\" alt=\"\" class=\"wp-image-8799\" style=\"width:398px;height:auto\"\/><\/figure>\n\n\n\n<p>Otra l\u00ednea de inversi\u00f3n que lidera la fundaci\u00f3n est\u00e1 orientada al mejoramiento de la calidad educativa y al acceso de los j\u00f3venes a la educaci\u00f3n t\u00e9cnica y tecnol\u00f3gica, con becas en temas relacionados con la agroindustria, en oficios como maquinaria y motores; producci\u00f3n agroindustrial; log\u00edstica empresarial; y mercadeo y ventas. Con una inversi\u00f3n de 900 millones para el periodo 2024 y 2025.<\/p>\n\n\n\n<p>Invitamos a todos los cultivadores de ca\u00f1a a continuar apoyando estas acciones y a conocer m\u00e1s sobre los proyectos de la Fundaci\u00f3n Coraz\u00f3n de Ca\u00f1a en sus \u00e1reas de influencia, porque juntos podemos generar un mayor impacto en la comunidad.<\/p>\n","protected":false},"excerpt":{"rendered":"<p>Mejorar la calidad de vida de las personas y contribuir al desarrollo sostenible de las comunidades requiere que las empresas se conecten con su entorno, comprendan sus necesidades y se comprometan a trabajar de manera continua y colaborativa con sus grupos de inter\u00e9s. En Proca\u00f1a, hemos liderado una estrategia con enfoque en la sostenibilidad social, [&hellip;]<\/p>\n","protected":false},"author":442,"featured_media":9160,"comment_status":"open","ping_status":"open","sticky":false,"template":"","format":"standard","meta":{"_et_pb_use_builder":"off","_et_pb_old_content":"","_et_gb_content_width":"","footnotes":""},"categories":[9,10],"tags":[33,96,26,30,27,93,28,86],"class_list":["post-9158","post","type-post","status-publish","format-standard","has-post-thumbnail","hentry","category-revista","category-revista-principal","tag-agricultores","tag-agroindustria-de-la-cana-agricultores-cana","tag-cana","tag-cana-de-azucar","tag-colombia","tag-cultivadores","tag-procana","tag-sostenibilidad"],"_links":{"self":[{"href":"https:\/\/procana.org\/site\/wp-json\/wp\/v2\/posts\/9158","targetHints":{"allow":["GET"]}}],"collection":[{"href":"https:\/\/procana.org\/site\/wp-json\/wp\/v2\/posts"}],"about":[{"href":"https:\/\/procana.org\/site\/wp-json\/wp\/v2\/types\/post"}],"author":[{"embeddable":true,"href":"https:\/\/procana.org\/site\/wp-json\/wp\/v2\/users\/442"}],"replies":[{"embeddable":true,"href":"https:\/\/procana.org\/site\/wp-json\/wp\/v2\/comments?post=9158"}],"version-history":[{"count":1,"href":"https:\/\/procana.org\/site\/wp-json\/wp\/v2\/posts\/9158\/revisions"}],"predecessor-version":[{"id":9161,"href":"https:\/\/procana.org\/site\/wp-json\/wp\/v2\/posts\/9158\/revisions\/9161"}],"wp:featuredmedia":[{"embeddable":true,"href":"https:\/\/procana.org\/site\/wp-json\/wp\/v2\/media\/9160"}],"wp:attachment":[{"href":"https:\/\/procana.org\/site\/wp-json\/wp\/v2\/media?parent=9158"}],"wp:term":[{"taxonomy":"category","embeddable":true,"href":"https:\/\/procana.org\/site\/wp-json\/wp\/v2\/categories?post=9158"},{"taxonomy":"post_tag","embeddable":true,"href":"https:\/\/procana.org\/site\/wp-json\/wp\/v2\/tags?post=9158"}],"curies":[{"name":"wp","href":"https:\/\/api.w.org\/{rel}","templated":true}]}}