{"id":9074,"date":"2025-03-26T16:25:25","date_gmt":"2025-03-26T21:25:25","guid":{"rendered":"https:\/\/procana.org\/site\/?p=9074"},"modified":"2025-03-28T14:46:31","modified_gmt":"2025-03-28T19:46:31","slug":"un-legado-de-liderazgo-en-el-cultivo-de-cana","status":"publish","type":"post","link":"https:\/\/procana.org\/site\/un-legado-de-liderazgo-en-el-cultivo-de-cana\/","title":{"rendered":"Mar\u00eda P\u00e9rez, un legado de liderazgo en el cultivo de ca\u00f1a"},"content":{"rendered":"\n<p>El pasado 19 de marzo, en la Asamblea del Valle, <strong>Mar\u00eda Herminia P\u00e9rez Paneso<\/strong> fue homenajeada por su invaluable aporte al sector agropecuario durante m\u00e1s de tres d\u00e9cadas. El reconocimiento, entregado por el diputado Heyder G\u00f3mez, <strong>destac\u00f3 su trayectoria en la Hacienda El Trejo 2 afiliada a Proca\u00f1a<\/strong>, donde su gesti\u00f3n como mujer lideresa en el campo fortaleci\u00f3 la organizaci\u00f3n empresarial, impuls\u00f3 la responsabilidad social y garantiz\u00f3 el bienestar de los trabajadores.<\/p>\n\n\n\n<p>En este d\u00eda se reconoci\u00f3 a una mujer que con <strong>esfuerzo, disciplina y amor por la tierra<\/strong> ha administrado el cultivo de ca\u00f1a, con liderazgo y experiencia.<\/p>\n\n\n\n<figure class=\"wp-block-gallery has-nested-images columns-default is-cropped wp-block-gallery-1 is-layout-flex wp-block-gallery-is-layout-flex\">\n<figure class=\"wp-block-image size-large is-style-default\"><img loading=\"lazy\" decoding=\"async\" width=\"684\" height=\"1024\" data-id=\"9075\" src=\"https:\/\/procana.org\/site\/wp-content\/uploads\/2025\/03\/485134526_959546416354081_1516370512032448002_n-684x1024.jpg\" alt=\"\" class=\"wp-image-9075\"\/><\/figure>\n\n\n\n<figure class=\"wp-block-image size-large\"><img loading=\"lazy\" decoding=\"async\" width=\"768\" height=\"1024\" data-id=\"9076\" src=\"https:\/\/procana.org\/site\/wp-content\/uploads\/2025\/03\/HERMINIA-768x1024.jpg\" alt=\"\" class=\"wp-image-9076\"\/><\/figure>\n<\/figure>\n","protected":false},"excerpt":{"rendered":"<p>El pasado 19 de marzo, en la Asamblea del Valle, Mar\u00eda Herminia P\u00e9rez Paneso fue homenajeada por su invaluable aporte al sector agropecuario durante m\u00e1s de tres d\u00e9cadas. El reconocimiento, entregado por el diputado Heyder G\u00f3mez, destac\u00f3 su trayectoria en la Hacienda El Trejo 2 afiliada a Proca\u00f1a, donde su gesti\u00f3n como mujer lideresa en [&hellip;]<\/p>\n","protected":false},"author":442,"featured_media":9098,"comment_status":"open","ping_status":"open","sticky":false,"template":"","format":"standard","meta":{"_et_pb_use_builder":"off","_et_pb_old_content":"","_et_gb_content_width":"","footnotes":""},"categories":[4,6],"tags":[],"class_list":["post-9074","post","type-post","status-publish","format-standard","has-post-thumbnail","hentry","category-noticias","category-noticias-en-general"],"_links":{"self":[{"href":"https:\/\/procana.org\/site\/wp-json\/wp\/v2\/posts\/9074","targetHints":{"allow":["GET"]}}],"collection":[{"href":"https:\/\/procana.org\/site\/wp-json\/wp\/v2\/posts"}],"about":[{"href":"https:\/\/procana.org\/site\/wp-json\/wp\/v2\/types\/post"}],"author":[{"embeddable":true,"href":"https:\/\/procana.org\/site\/wp-json\/wp\/v2\/users\/442"}],"replies":[{"embeddable":true,"href":"https:\/\/procana.org\/site\/wp-json\/wp\/v2\/comments?post=9074"}],"version-history":[{"count":2,"href":"https:\/\/procana.org\/site\/wp-json\/wp\/v2\/posts\/9074\/revisions"}],"predecessor-version":[{"id":9079,"href":"https:\/\/procana.org\/site\/wp-json\/wp\/v2\/posts\/9074\/revisions\/9079"}],"wp:featuredmedia":[{"embeddable":true,"href":"https:\/\/procana.org\/site\/wp-json\/wp\/v2\/media\/9098"}],"wp:attachment":[{"href":"https:\/\/procana.org\/site\/wp-json\/wp\/v2\/media?parent=9074"}],"wp:term":[{"taxonomy":"category","embeddable":true,"href":"https:\/\/procana.org\/site\/wp-json\/wp\/v2\/categories?post=9074"},{"taxonomy":"post_tag","embeddable":true,"href":"https:\/\/procana.org\/site\/wp-json\/wp\/v2\/tags?post=9074"}],"curies":[{"name":"wp","href":"https:\/\/api.w.org\/{rel}","templated":true}]}}