{"id":9055,"date":"2025-03-20T13:55:19","date_gmt":"2025-03-20T18:55:19","guid":{"rendered":"https:\/\/procana.org\/site\/?p=9055"},"modified":"2025-03-20T14:13:29","modified_gmt":"2025-03-20T19:13:29","slug":"procana-celebra-la-liberacion-del-agricultor-de-cana-israel-garcia-y-agradece-el-compromiso-de-la-polia-nacional-y-el-gaula","status":"publish","type":"post","link":"https:\/\/procana.org\/site\/procana-celebra-la-liberacion-del-agricultor-de-cana-israel-garcia-y-agradece-el-compromiso-de-la-polia-nacional-y-el-gaula\/","title":{"rendered":"PROCA\u00d1A CELEBRA LA LIBERACI\u00d3N DEL AGRICULTOR DE CA\u00d1A ISRAEL GARC\u00cdA Y AGRADECE EL COMPROMISO DE LA POL\u00cdCIA NACIONAL Y EL GAULA"},"content":{"rendered":"\n<figure class=\"wp-block-image aligncenter size-large is-resized\"><img loading=\"lazy\" decoding=\"async\" width=\"724\" height=\"1024\" src=\"https:\/\/procana.org\/site\/wp-content\/uploads\/2025\/03\/BOLETIN-PROCANA-LIBERACION-ISRAEL-GARCIA-724x1024.png\" alt=\"\" class=\"wp-image-9056\" style=\"width:556px;height:auto\"\/><\/figure>\n","protected":false},"excerpt":{"rendered":"","protected":false},"author":442,"featured_media":9059,"comment_status":"open","ping_status":"open","sticky":false,"template":"","format":"standard","meta":{"_et_pb_use_builder":"off","_et_pb_old_content":"","_et_gb_content_width":"","footnotes":""},"categories":[5,4],"tags":[33,96,26,30,28,86],"class_list":["post-9055","post","type-post","status-publish","format-standard","has-post-thumbnail","hentry","category-noticia-principal","category-noticias","tag-agricultores","tag-agroindustria-de-la-cana-agricultores-cana","tag-cana","tag-cana-de-azucar","tag-procana","tag-sostenibilidad"],"_links":{"self":[{"href":"https:\/\/procana.org\/site\/wp-json\/wp\/v2\/posts\/9055","targetHints":{"allow":["GET"]}}],"collection":[{"href":"https:\/\/procana.org\/site\/wp-json\/wp\/v2\/posts"}],"about":[{"href":"https:\/\/procana.org\/site\/wp-json\/wp\/v2\/types\/post"}],"author":[{"embeddable":true,"href":"https:\/\/procana.org\/site\/wp-json\/wp\/v2\/users\/442"}],"replies":[{"embeddable":true,"href":"https:\/\/procana.org\/site\/wp-json\/wp\/v2\/comments?post=9055"}],"version-history":[{"count":2,"href":"https:\/\/procana.org\/site\/wp-json\/wp\/v2\/posts\/9055\/revisions"}],"predecessor-version":[{"id":9058,"href":"https:\/\/procana.org\/site\/wp-json\/wp\/v2\/posts\/9055\/revisions\/9058"}],"wp:featuredmedia":[{"embeddable":true,"href":"https:\/\/procana.org\/site\/wp-json\/wp\/v2\/media\/9059"}],"wp:attachment":[{"href":"https:\/\/procana.org\/site\/wp-json\/wp\/v2\/media?parent=9055"}],"wp:term":[{"taxonomy":"category","embeddable":true,"href":"https:\/\/procana.org\/site\/wp-json\/wp\/v2\/categories?post=9055"},{"taxonomy":"post_tag","embeddable":true,"href":"https:\/\/procana.org\/site\/wp-json\/wp\/v2\/tags?post=9055"}],"curies":[{"name":"wp","href":"https:\/\/api.w.org\/{rel}","templated":true}]}}