{"id":8749,"date":"2024-12-20T14:12:53","date_gmt":"2024-12-20T19:12:53","guid":{"rendered":"https:\/\/procana.org\/site\/?p=8749"},"modified":"2024-12-20T14:13:00","modified_gmt":"2024-12-20T19:13:00","slug":"rechazamos-energicamente-el-secuestro-del-senor-israel-garcia-proveedor-de-cana-del-ingenio-providencia","status":"publish","type":"post","link":"https:\/\/procana.org\/site\/rechazamos-energicamente-el-secuestro-del-senor-israel-garcia-proveedor-de-cana-del-ingenio-providencia\/","title":{"rendered":"Rechazamos en\u00e9rgicamente el secuestro del se\u00f1or Israel Garc\u00eda, proveedor de ca\u00f1a del Ingenio Providencia."},"content":{"rendered":"\n<figure class=\"wp-block-image aligncenter size-large is-resized\"><img loading=\"lazy\" decoding=\"async\" width=\"724\" height=\"1024\" src=\"https:\/\/procana.org\/site\/wp-content\/uploads\/2024\/12\/Boletin-de-Prensa-Israel-Garcia--724x1024.png\" alt=\"\" class=\"wp-image-8750\" style=\"width:610px;height:auto\"\/><\/figure>\n\n\n\n<p><\/p>\n","protected":false},"excerpt":{"rendered":"","protected":false},"author":442,"featured_media":0,"comment_status":"open","ping_status":"open","sticky":false,"template":"","format":"standard","meta":{"_et_pb_use_builder":"off","_et_pb_old_content":"","_et_gb_content_width":"","footnotes":""},"categories":[1],"tags":[],"class_list":["post-8749","post","type-post","status-publish","format-standard","hentry","category-sin-categoria"],"_links":{"self":[{"href":"https:\/\/procana.org\/site\/wp-json\/wp\/v2\/posts\/8749","targetHints":{"allow":["GET"]}}],"collection":[{"href":"https:\/\/procana.org\/site\/wp-json\/wp\/v2\/posts"}],"about":[{"href":"https:\/\/procana.org\/site\/wp-json\/wp\/v2\/types\/post"}],"author":[{"embeddable":true,"href":"https:\/\/procana.org\/site\/wp-json\/wp\/v2\/users\/442"}],"replies":[{"embeddable":true,"href":"https:\/\/procana.org\/site\/wp-json\/wp\/v2\/comments?post=8749"}],"version-history":[{"count":1,"href":"https:\/\/procana.org\/site\/wp-json\/wp\/v2\/posts\/8749\/revisions"}],"predecessor-version":[{"id":8751,"href":"https:\/\/procana.org\/site\/wp-json\/wp\/v2\/posts\/8749\/revisions\/8751"}],"wp:attachment":[{"href":"https:\/\/procana.org\/site\/wp-json\/wp\/v2\/media?parent=8749"}],"wp:term":[{"taxonomy":"category","embeddable":true,"href":"https:\/\/procana.org\/site\/wp-json\/wp\/v2\/categories?post=8749"},{"taxonomy":"post_tag","embeddable":true,"href":"https:\/\/procana.org\/site\/wp-json\/wp\/v2\/tags?post=8749"}],"curies":[{"name":"wp","href":"https:\/\/api.w.org\/{rel}","templated":true}]}}