{"id":8737,"date":"2024-12-20T17:03:06","date_gmt":"2024-12-20T22:03:06","guid":{"rendered":"https:\/\/procana.org\/site\/?p=8737"},"modified":"2024-12-27T11:37:20","modified_gmt":"2024-12-27T16:37:20","slug":"procana-en-la-cop16-un-orgullo-para-colombia-cali-y-el-valle-del-cauca","status":"publish","type":"post","link":"https:\/\/procana.org\/site\/procana-en-la-cop16-un-orgullo-para-colombia-cali-y-el-valle-del-cauca\/","title":{"rendered":"PROCA\u00d1A EN LA COP16: UN ORGULLO PARA COLOMBIA, CALI Y EL VALLE DEL CAUCA"},"content":{"rendered":"\n<p><strong>Proca\u00f1a est\u00e1 orgullosa de los logros alcanzados en la COP16, evento que se convirti\u00f3 en una ventana para Colombia, especialmente para Cali y el Valle del Cauca, mostrando nuestra ciudad, su gente y la creatividad vallecaucana al servicio de la biodiversidad.<\/strong> <\/p>\n\n\n\n<p>Felicitamos a la Alcald\u00eda, Gobernaci\u00f3n, empresas, gremios y dem\u00e1s entidades que participaron en este importante evento, contribuyendo al \u00e9xito y visibilidad de nuestra regi\u00f3n.&nbsp;<\/p>\n\n\n\n<p>Seg\u00fan cifras publicadas por la Alcald\u00eda de Cali, <strong><mark style=\"background-color:rgba(0, 0, 0, 0)\" class=\"has-inline-color has-vivid-green-cyan-color\">1,137,000 personas disfrutaron <\/mark>de los eventos en la Zona Azul, Zona Verde, Circuito de la Biodiversidad y la agenda acad\u00e9mica. Cali fue noticia en m\u00e1s de <mark style=\"background-color:rgba(0, 0, 0, 0);color:#14c987\" class=\"has-inline-color\">33,000 notas period\u00edsticas<\/mark>, en <mark style=\"background-color:rgba(0, 0, 0, 0)\" class=\"has-inline-color has-vivid-green-cyan-color\">153 pa\u00edses<\/mark> y en <mark style=\"background-color:rgba(0, 0, 0, 0)\" class=\"has-inline-color has-vivid-green-cyan-color\">54 idiomas<\/mark>. Gracias a los m\u00e1s de<mark style=\"background-color:rgba(0, 0, 0, 0)\" class=\"has-inline-color has-vivid-green-cyan-color\"> 21,000 turistas <\/mark>que nos visitaron, los sectores econ\u00f3micos de nuestra ciudad obtuvieron ganancias por <mark style=\"background-color:rgba(0, 0, 0, 0)\" class=\"has-inline-color has-vivid-green-cyan-color\">66 millones de d\u00f3lares<\/mark>. Adem\u00e1s, se crearon m\u00e1s de mil empleos para el sector del turismo formal y se entregaron <mark style=\"background-color:rgba(0, 0, 0, 0)\" class=\"has-inline-color has-vivid-green-cyan-color\">303 m\u00f3dulos a vendedores informales<\/mark>, lo que les permiti\u00f3 aumentar sus<mark style=\"background-color:rgba(0, 0, 0, 0)\" class=\"has-inline-color has-vivid-green-cyan-color\"> ventas en un 25%<\/mark>.<\/strong><\/p>\n\n\n\n<h3 class=\"wp-block-heading\"><mark style=\"background-color:rgba(0, 0, 0, 0)\" class=\"has-inline-color has-vivid-cyan-blue-color\">EVENTOS COP16<\/mark><\/h3>\n\n\n\n<p><strong>En el marco de la COP16, se llevaron a cabo diversas actividades clave que resaltaron la sostenibilidad y la agroecolog\u00eda, en particular, los aportes de los cultivadores de ca\u00f1a a la biodiversidad.<\/strong> A continuaci\u00f3n, presentamos algunos de los eventos m\u00e1s significativos para el sector:<\/p>\n\n\n\n<div class=\"wp-block-columns is-layout-flex wp-container-core-columns-is-layout-9d6595d7 wp-block-columns-is-layout-flex\">\n<div class=\"wp-block-column is-layout-flow wp-block-column-is-layout-flow\">\n<figure class=\"wp-block-image size-large\"><img loading=\"lazy\" decoding=\"async\" width=\"1024\" height=\"577\" src=\"https:\/\/procana.org\/site\/wp-content\/uploads\/2024\/12\/TNC-Hatico-1024x577.jpg\" alt=\"Proca\u00f1a particip\u00f3 en el d\u00eda de campo liderado por TNC, The Nature Conservancy, en la Reserva Natural El Hatico. - ca\u00f1a sostenible; ca\u00f1a ; cala org\u00e1nica ; agroecolog\u00eda; COP16; cultivadores de ca\u00f1a \" class=\"wp-image-8742\"\/><\/figure>\n<\/div>\n\n\n\n<div class=\"wp-block-column is-layout-flow wp-block-column-is-layout-flow\">\n<p><strong><mark style=\"background-color:rgba(0, 0, 0, 0)\" class=\"has-inline-color has-vivid-cyan-blue-color\">D\u00cdA DE CAMPO<\/mark><\/strong><\/p>\n\n\n\n<p><a href=\"https:\/\/x.com\/ProcanaCol\/status\/1851335118104768810\">Proca\u00f1a particip\u00f3 en el d\u00eda de campo liderado por TNC, The Nature Conservancy, en la Reserva Natural El Hatico.<\/a> En este evento se promocionaron pr\u00e1cticas sostenibles en la ca\u00f1a de az\u00facar, tales como: manejo integrado de arvenses con ovinos sin pelo; incorporaci\u00f3n de residuos de cosecha; uso eficiente del agua; conservaci\u00f3n de un bosque de 14 hect\u00e1reas como corredor biol\u00f3gico.<\/p>\n<\/div>\n<\/div>\n\n\n\n<div class=\"wp-block-columns is-layout-flex wp-container-core-columns-is-layout-9d6595d7 wp-block-columns-is-layout-flex\">\n<div class=\"wp-block-column is-layout-flow wp-block-column-is-layout-flow\">\n<p>La Reserva Natural El Hatico, en el Valle del Cauca, es un modelo pionero de producci\u00f3n sostenible y conservaci\u00f3n ambiental. Desde hace varias d\u00e9cadas, la familia Molina-Dur\u00e1n ha desarrollado un sistema productivo que integra la protecci\u00f3n de bosques, la producci\u00f3n org\u00e1nica de ca\u00f1a y la ganader\u00eda sostenible. Con el apoyo de instituciones como Cipav, la CVC y Fedegan, <strong><a href=\"https:\/\/regeneracionenaccion.org\/ejemplo-inspirador\/reserva-natural-el-hatico\/\">El Hatico<\/a> ha avanzado en la investigaci\u00f3n de sistemas silvopastoriles, convirti\u00e9ndose en un referente tanto a nivel nacional como internacional.<\/strong> En 2015, recibi\u00f3 el Premio Nacional de Ecolog\u00eda Planeta Azul por su enfoque econ\u00f3mico y ambientalmente sostenible.<\/p>\n<\/div>\n\n\n\n<div class=\"wp-block-column is-layout-flow wp-block-column-is-layout-flow\">\n<figure class=\"wp-block-image alignleft size-large\"><img loading=\"lazy\" decoding=\"async\" width=\"1024\" height=\"577\" src=\"https:\/\/procana.org\/site\/wp-content\/uploads\/2024\/12\/20241027_094049-1024x577.jpg\" alt=\"Proca\u00f1a particip\u00f3 en el d\u00eda de campo liderado por TNC, The Nature Conservancy, en la Reserva Natural El Hatico. - ca\u00f1a sostenible; ca\u00f1a ; cala org\u00e1nica ; agroecolog\u00eda; COP16; cultivadores de ca\u00f1a \" class=\"wp-image-8744\"\/><\/figure>\n<\/div>\n<\/div>\n\n\n\n<div class=\"wp-block-columns is-layout-flex wp-container-core-columns-is-layout-9d6595d7 wp-block-columns-is-layout-flex\">\n<div class=\"wp-block-column is-layout-flow wp-block-column-is-layout-flow\">\n<figure class=\"wp-block-image aligncenter size-large is-resized\"><img loading=\"lazy\" decoding=\"async\" width=\"577\" height=\"1024\" src=\"https:\/\/procana.org\/site\/wp-content\/uploads\/2024\/12\/20241027_131119-577x1024.jpg\" alt=\"Proca\u00f1a particip\u00f3 en el d\u00eda de campo liderado por TNC, The Nature Conservancy, en la Reserva Natural El Hatico. - ca\u00f1a sostenible; ca\u00f1a ; cala org\u00e1nica ; agroecolog\u00eda; COP16; cultivadores de ca\u00f1a \" class=\"wp-image-8745\" style=\"aspect-ratio:1;object-fit:cover;width:352px;height:auto\"\/><\/figure>\n<\/div>\n\n\n\n<div class=\"wp-block-column is-layout-flow wp-block-column-is-layout-flow\">\n<p><strong><mark style=\"background-color:rgba(0, 0, 0, 0)\" class=\"has-inline-color has-vivid-cyan-blue-color\">ACUERDO DE ENTENDIMIENTO<\/mark><\/strong><\/p>\n\n\n\n<p>Durante el evento, se firm\u00f3 un Acuerdo de Entendimiento entre TNC y Molina Dur\u00e1n SAS, reforzando su compromiso con la conservaci\u00f3n y el manejo sostenible del paisaje en el Valle del Cauca. Esta alianza busca integrar pr\u00e1cticas agroecol\u00f3gicas y de conservaci\u00f3n que promuevan la sostenibilidad en la regi\u00f3n. <strong>Este acuerdo es un paso fundamental para consolidar los esfuerzos en pro de la sostenibilidad, permitiendo compartir experiencias y conocimientos que pueden ser replicados en otros contextos similares, tanto a nivel nacional como internacional.<\/strong><\/p>\n<\/div>\n<\/div>\n\n\n\n<div class=\"wp-block-columns is-layout-flex wp-container-core-columns-is-layout-9d6595d7 wp-block-columns-is-layout-flex\">\n<div class=\"wp-block-column is-layout-flow wp-block-column-is-layout-flow\">\n<p><strong><mark style=\"background-color:rgba(0, 0, 0, 0)\" class=\"has-inline-color has-vivid-cyan-blue-color\">LANZAMIENTO DEL LIBRO<\/mark><\/strong><\/p>\n\n\n\n<p>Adem\u00e1s, se llev\u00f3 a cabo el lanzamiento del libro &#8220;Producci\u00f3n Agroecol\u00f3gica de Ca\u00f1a de Az\u00facar en Colombia: Historia, Teor\u00eda y Pr\u00e1ctica&#8221;, una obra que destaca los avances en la agroindustria de la ca\u00f1a desde un enfoque sostenible. <strong>Este escrito combina la historia del cultivo con fundamentos te\u00f3ricos y estrategias pr\u00e1cticas para impulsar la producci\u00f3n responsable y respetuosa con el medio ambiente. <\/strong>Ambos eventos marcan un hito en la uni\u00f3n de la ciencia, la pr\u00e1ctica agr\u00edcola y la conservaci\u00f3n ambiental.&nbsp;<\/p>\n\n\n\n<figure class=\"wp-block-gallery alignwide has-nested-images columns-default is-cropped wp-block-gallery-1 is-layout-flex wp-block-gallery-is-layout-flex\">\n<figure class=\"wp-block-image size-large\"><img loading=\"lazy\" decoding=\"async\" width=\"1024\" height=\"577\" data-id=\"8747\" src=\"https:\/\/procana.org\/site\/wp-content\/uploads\/2024\/12\/20241027_130806-1024x577.jpg\" alt=\"Proca\u00f1a particip\u00f3 en el d\u00eda de campo liderado por TNC, The Nature Conservancy, en la Reserva Natural El Hatico. - ca\u00f1a sostenible; ca\u00f1a ; cala org\u00e1nica ; agroecolog\u00eda; COP16; cultivadores de ca\u00f1a \" class=\"wp-image-8747\"\/><\/figure>\n<\/figure>\n<\/div>\n<\/div>\n\n\n\n<p>La importancia de estos espacios radica en la capacidad para servir como gu\u00eda y referencia para agricultores, investigadores y profesionales del sector, fomentando la implementaci\u00f3n de pr\u00e1cticas agroecol\u00f3gicas que beneficien tanto a la producci\u00f3n como al medio ambiente.<\/p>\n\n\n\n<p><strong>Estas iniciativas sirven de inspiraci\u00f3n para productores de todo el mundo, demostrando que es posible combinar la producci\u00f3n agropecuaria con la protecci\u00f3n del medio ambiente. <\/strong>En el evento estuvieron presentes participantes nacionales e internacionales, incluyendo a Jennifer Morris, directora ejecutiva de TNC; Tania Guapacha, gerente general del Ingenio Pichich\u00ed; y representantes de la embajada del Reino Unido en Colombia, entre otros personajes importantes. La diversidad de asistentes subraya la relevancia y el alcance global de las pr\u00e1cticas sostenibles que se est\u00e1n promoviendo desde el Valle del Cauca, posicionando a la regi\u00f3n como l\u00edder en la adopci\u00f3n de tecnolog\u00edas y metodolog\u00edas amigables con el ambiente.<\/p>\n\n\n\n<div class=\"wp-block-columns is-layout-flex wp-container-core-columns-is-layout-9d6595d7 wp-block-columns-is-layout-flex\">\n<div class=\"wp-block-column is-vertically-aligned-center is-layout-flow wp-block-column-is-layout-flow\">\n<figure class=\"wp-block-image size-full\"><img loading=\"lazy\" decoding=\"async\" width=\"576\" height=\"576\" src=\"https:\/\/procana.org\/site\/wp-content\/uploads\/2024\/12\/COP-16-EMPRESARIAL-1.jpg\" alt=\"Proca\u00f1a particip\u00f3 en el d\u00eda de campo liderado por TNC, The Nature Conservancy, en la Reserva Natural El Hatico. - ca\u00f1a sostenible; ca\u00f1a ; cala org\u00e1nica ; agroecolog\u00eda; COP16; cultivadores de ca\u00f1a \" class=\"wp-image-8748\"\/><\/figure>\n<\/div>\n\n\n\n<div class=\"wp-block-column is-layout-flow wp-block-column-is-layout-flow\">\n<p><strong><mark style=\"background-color:rgba(0, 0, 0, 0)\" class=\"has-inline-color has-vivid-cyan-blue-color\">SECTOR EMPRESARIAL Y PRODUCTIVO DE COLOMBIA&nbsp;<\/mark><\/strong><\/p>\n\n\n\n<p>Proca\u00f1a tambi\u00e9n particip\u00f3 en el evento del Sector Empresarial y Productivo de Colombia en la COP16, realizado en el Hotel Intercontinental de Cali. Aqu\u00ed, se destac\u00f3 la importancia del sector agr\u00edcola en la conservaci\u00f3n de la biodiversidad. <strong>Freddy Garc\u00e9s, director general de <a href=\"https:\/\/www.cenicana.org\/\">Cenica\u00f1a,<\/a> fue uno de los panelistas destacados que comparti\u00f3 sus conocimientos sobre el tema, subrayando el rol crucial que juega la agricultura en este \u00e1mbito. Durante su intervenci\u00f3n, Garc\u00e9s destac\u00f3 c\u00f3mo la innovaci\u00f3n tecnol\u00f3gica y las buenas pr\u00e1cticas agr\u00edcolas pueden coexistir para generar un impacto positivo tanto en la producci\u00f3n agr\u00edcola como en la conservaci\u00f3n de los recursos naturales en el sector agroindustrial de la ca\u00f1a<\/strong>. Su presentaci\u00f3n incluy\u00f3 ejemplos de proyectos exitosos que han implementado t\u00e9cnicas avanzadas de cultivo y manejo de recursos, promoviendo la biodiversidad y la sostenibilidad.<\/p>\n<\/div>\n<\/div>\n\n\n\n<div class=\"wp-block-columns is-layout-flex wp-container-core-columns-is-layout-9d6595d7 wp-block-columns-is-layout-flex\">\n<div class=\"wp-block-column is-layout-flow wp-block-column-is-layout-flow\">\n<p><strong><mark style=\"background-color:rgba(0, 0, 0, 0)\" class=\"has-inline-color has-vivid-cyan-blue-color\">CENICA\u00d1A EN LA ZONA VERDE<\/mark><\/strong><\/p>\n\n\n\n<p><strong><a href=\"https:\/\/www.instagram.com\/p\/DBmxqarycd_\/?img_index=1\">Cenica\u00f1a tuvo presencia en la zona verde de la COP1<\/a>6<\/strong> en el que se destac\u00f3 como un referente en sostenibilidad e innovaci\u00f3n, mostrando los avances de la agroindustria de la ca\u00f1a de az\u00facar en el Valle del Cauca. A trav\u00e9s de experiencias interactivas, present\u00f3 proyectos de conservaci\u00f3n de biodiversidad, tecnolog\u00edas para la reducci\u00f3n de emisiones y pr\u00e1cticas agr\u00edcolas responsables. Su participaci\u00f3n resalt\u00f3 el compromiso del sector con los objetivos globales de sostenibilidad y acci\u00f3n clim\u00e1tica.<\/p>\n<\/div>\n\n\n\n<div class=\"wp-block-column is-layout-flow wp-block-column-is-layout-flow\">\n<figure class=\"wp-block-image aligncenter size-full is-resized\"><img loading=\"lazy\" decoding=\"async\" width=\"788\" height=\"660\" src=\"https:\/\/procana.org\/site\/wp-content\/uploads\/2024\/12\/464672894_18326872564152204_3384162575073295439_n.jpg\" alt=\"Proca\u00f1a particip\u00f3 en el d\u00eda de campo liderado por TNC, The Nature Conservancy, en la Reserva Natural El Hatico. - ca\u00f1a sostenible; ca\u00f1a ; cala org\u00e1nica ; agroecolog\u00eda; COP16; cultivadores de ca\u00f1a \" class=\"wp-image-8755\" style=\"width:356px;height:auto\"\/><\/figure>\n\n\n\n<p>FOTO ARCHIVO CENICA\u00d1A<\/p>\n<\/div>\n<\/div>\n\n\n\n<div class=\"wp-block-columns is-layout-flex wp-container-core-columns-is-layout-9d6595d7 wp-block-columns-is-layout-flex\">\n<div class=\"wp-block-column is-layout-flow wp-block-column-is-layout-flow\">\n<p><strong><mark style=\"background-color:rgba(0, 0, 0, 0)\" class=\"has-inline-color has-vivid-cyan-blue-color\">VALLE DEL CAUCA REGENERATIVO<\/mark><\/strong><\/p>\n\n\n\n<p>La <a href=\"https:\/\/www.valledelcauca.gov.co\/publicaciones\/84292\/el-valle-del-cauca-le-apuesta-a-ser-el-primero-en-agricultura-regenerativa\/\">Gobernaci\u00f3n del Valle del Cauca y FOLU Colombia organizaron el evento Valle del Cauca Regenerativo<\/a>, donde se reconoci\u00f3 el trabajo de varios l\u00edderes en pr\u00e1cticas regenerativas y sostenibles. Proca\u00f1a y el sector agroindustrial de la ca\u00f1a se enorgullecen de estar representados por La Reserva Natural El Hatico con Carlos Hernando Molina, quienes son l\u00edderes en pr\u00e1cticas org\u00e1nicas y biodiversas. Durante este evento, se destacaron iniciativas que promueven la regeneraci\u00f3n del suelo, la conservaci\u00f3n de la biodiversidad y el uso eficiente de los recursos naturales. Estas pr\u00e1cticas no solo mejoran la productividad agr\u00edcola, sino que tambi\u00e9n contribuyen a la resiliencia del ecosistema frente a la variabilidad clim\u00e1tica.&nbsp;<\/p>\n\n\n\n<figure class=\"wp-block-image size-large\"><img loading=\"lazy\" decoding=\"async\" width=\"1024\" height=\"577\" src=\"https:\/\/procana.org\/site\/wp-content\/uploads\/2024\/12\/FOLU-2-1-1024x577.jpg\" alt=\"Proca\u00f1a particip\u00f3 en el d\u00eda de campo liderado por TNC, The Nature Conservancy, en la Reserva Natural El Hatico. - ca\u00f1a sostenible; ca\u00f1a ; cala org\u00e1nica ; agroecolog\u00eda; COP16; cultivadores de ca\u00f1a \" class=\"wp-image-8757\"\/><\/figure>\n\n\n\n<p><strong><mark style=\"background-color:rgba(0, 0, 0, 0)\" class=\"has-inline-color has-vivid-cyan-blue-color\">POL\u00cdTICA P\u00daBLICA DE AGROECOLOG\u00cdA<\/mark><\/strong><\/p>\n\n\n\n<p>En la COP16, el Gobierno Nacional de Colombia lanz\u00f3 la Pol\u00edtica P\u00fablica de Agroecolog\u00eda, marcando un hito en la transici\u00f3n hacia la agricultura sostenible. Este evento celebr\u00f3 la adopci\u00f3n de modelos agroecol\u00f3gicos, cruciales para enfrentar la crisis clim\u00e1tica y alimentaria, promoviendo la biodiversidad y la sostenibilidad. La nueva pol\u00edtica p\u00fablica busca integrar principios agroecol\u00f3gicos en las pr\u00e1cticas agr\u00edcolas a nivel nacional, proporcionando un marco para el desarrollo de una agricultura que respete y proteja el medio ambiente mientras sostiene a las comunidades rurales.<\/p>\n\n\n\n<p><strong>Proca\u00f1a celebra los logros obtenidos en la COP16, donde se resalt\u00f3 la biodiversidad y sostenibilidad del Valle del Cauca.<\/strong> Este evento mundial no s\u00f3lo subray\u00f3 la importancia de adoptar modelos agroecol\u00f3gicos, sino tambi\u00e9n la capacidad de nuestra regi\u00f3n para liderar en pr\u00e1cticas sostenibles y regenerativas. Agradecemos a todas las empresas, gremios y organizaciones que participaron y contribuyeron al \u00e9xito de este espacio, reafirmando nuestro compromiso con un futuro m\u00e1s sostenible y responsable. <\/p>\n\n\n\n<p><strong>La COP16 ha sido un testimonio del progreso que hemos logrado y un recordatorio de la importancia de seguir trabajando juntos para proteger nuestro medio ambiente y asegurar un futuro pr\u00f3spero para las generaciones venideras.<\/strong><\/p>\n\n\n\n<p><strong>Tambi\u00e9n Visita la\u00a0<a href=\"https:\/\/issuu.com\/procana.org\/docs\/revista_procana_148_ok\">Revista Proca\u00f1a 148<\/a>\u00a0para leer m\u00e1s art\u00edculos de tu inter\u00e9s.<\/strong><\/p>\n\n\n\n<p><\/p>\n<\/div>\n<\/div>\n","protected":false},"excerpt":{"rendered":"<p>Proca\u00f1a est\u00e1 orgullosa de los logros alcanzados en la COP16, evento que se convirti\u00f3 en una ventana para Colombia, especialmente para Cali y el Valle del Cauca, mostrando nuestra ciudad, su gente y la creatividad vallecaucana al servicio de la biodiversidad. Felicitamos a la Alcald\u00eda, Gobernaci\u00f3n, empresas, gremios y dem\u00e1s entidades que participaron en este [&hellip;]<\/p>\n","protected":false},"author":1,"featured_media":8747,"comment_status":"open","ping_status":"open","sticky":false,"template":"","format":"standard","meta":{"_et_pb_use_builder":"","_et_pb_old_content":"","_et_gb_content_width":"","footnotes":""},"categories":[9,10],"tags":[33,96,26,30,27,93,28,86],"class_list":["post-8737","post","type-post","status-publish","format-standard","has-post-thumbnail","hentry","category-revista","category-revista-principal","tag-agricultores","tag-agroindustria-de-la-cana-agricultores-cana","tag-cana","tag-cana-de-azucar","tag-colombia","tag-cultivadores","tag-procana","tag-sostenibilidad"],"_links":{"self":[{"href":"https:\/\/procana.org\/site\/wp-json\/wp\/v2\/posts\/8737","targetHints":{"allow":["GET"]}}],"collection":[{"href":"https:\/\/procana.org\/site\/wp-json\/wp\/v2\/posts"}],"about":[{"href":"https:\/\/procana.org\/site\/wp-json\/wp\/v2\/types\/post"}],"author":[{"embeddable":true,"href":"https:\/\/procana.org\/site\/wp-json\/wp\/v2\/users\/1"}],"replies":[{"embeddable":true,"href":"https:\/\/procana.org\/site\/wp-json\/wp\/v2\/comments?post=8737"}],"version-history":[{"count":2,"href":"https:\/\/procana.org\/site\/wp-json\/wp\/v2\/posts\/8737\/revisions"}],"predecessor-version":[{"id":8777,"href":"https:\/\/procana.org\/site\/wp-json\/wp\/v2\/posts\/8737\/revisions\/8777"}],"wp:featuredmedia":[{"embeddable":true,"href":"https:\/\/procana.org\/site\/wp-json\/wp\/v2\/media\/8747"}],"wp:attachment":[{"href":"https:\/\/procana.org\/site\/wp-json\/wp\/v2\/media?parent=8737"}],"wp:term":[{"taxonomy":"category","embeddable":true,"href":"https:\/\/procana.org\/site\/wp-json\/wp\/v2\/categories?post=8737"},{"taxonomy":"post_tag","embeddable":true,"href":"https:\/\/procana.org\/site\/wp-json\/wp\/v2\/tags?post=8737"}],"curies":[{"name":"wp","href":"https:\/\/api.w.org\/{rel}","templated":true}]}}