{"id":8708,"date":"2025-01-09T14:29:48","date_gmt":"2025-01-09T19:29:48","guid":{"rendered":"https:\/\/procana.org\/site\/?p=8708"},"modified":"2025-01-09T14:29:55","modified_gmt":"2025-01-09T19:29:55","slug":"el-valor-de-conectar-con-las-comunidades","status":"publish","type":"post","link":"https:\/\/procana.org\/site\/el-valor-de-conectar-con-las-comunidades\/","title":{"rendered":"El valor de conectar con las comunidades"},"content":{"rendered":"\n<p>Por:  Martha Lince, Presidenta de la Junta Directiva de Proca\u00f1a<\/p>\n\n\n\n<p><strong>En la agroindustria de la ca\u00f1a, el \u00e9xito se mide m\u00e1s all\u00e1 de los rendimientos agr\u00edcolas: se construye a partir de una relaci\u00f3n profunda y genuina con las comunidades.<\/strong><\/p>\n\n\n\n<p><strong>Iniciativas como ALDEAS, la Fundaci\u00f3n Coraz\u00f3n de Ca\u00f1a y Compromiso Territorio son ejemplos del impacto positivo que un enfoque de desarrollo integral puede lograr en los territorios del Valle del Cauca y del norte del Cauca.<\/strong><\/p>\n\n\n\n<p>A esto se suman otros logros de la industria, como la creaci\u00f3n de corredores biodiversos y la implementaci\u00f3n de tecnolog\u00eda en cultivos, demostrando que invertir en el bienestar social, ambiental y educativo promueve beneficios que trascienden generaciones y fortalecen el desarrollo territorial.<\/p>\n\n\n\n<h3 class=\"wp-block-heading\"><strong>Mantener una relaci\u00f3n cercana con la comunidad: un pilar para el Desarrollo<\/strong><\/h3>\n\n\n\n<p>Promover el contacto directo y el compromiso de los cultivadores con las comunidades es fundamental. Las comunidades se benefician de este acompa\u00f1amiento, ya que les proporciona un sentido de pertenencia y colaboraci\u00f3n. Cuando las personas ven a los cultivadores involucrados en sus programas, se sienten apoyadas y escuchadas, y est\u00e1n m\u00e1s dispuestas a participar activamente en iniciativas sostenibles que fortalecen el tejido social. Este tipo de interacci\u00f3n tambi\u00e9n promueve una cultura de ayuda mutua, clave para un crecimiento conjunto y sostenido.<\/p>\n\n\n\n<p><strong>La visibilidad de los cultivadores en las comunidades permite una mayor transferencia de conocimientos y habilidades.<\/strong> A trav\u00e9s de programas como ALDEAS, los miembros de las comunidades reciben capacitaci\u00f3n en t\u00e9cnicas agr\u00edcolas sostenibles y en habilidades socioemocionales. Esto promueve una autonom\u00eda real y fomenta el liderazgo, especialmente entre mujeres y j\u00f3venes, quienes encuentran en estas oportunidades una v\u00eda para fortalecer su rol dentro de la sociedad.<\/p>\n\n\n\n<h3 class=\"wp-block-heading\"><strong>Empoderamiento y Autonom\u00eda Econ\u00f3mica<\/strong><\/h3>\n\n\n\n<p>Las huertas familiares impulsadas por ALDEAS y otros programas brindan autonom\u00eda alimentaria a las comunidades, permiti\u00e9ndoles cultivar hortalizas, frutas y plantas medicinales. Esta autonom\u00eda no solo asegura el acceso a alimentos frescos, sino que tambi\u00e9n genera ingresos adicionales que fortalecen la estabilidad econ\u00f3mica de las familias. <strong>La formaci\u00f3n vocacional que ofrecen los programas<\/strong> <strong>les permite a los miembros de la comunidad desarrollar habilidades que pueden traducirse en oportunidades laborales y de emprendimiento.<\/strong><\/p>\n\n\n\n<p>Este desarrollo econ\u00f3mico fortalece la resiliencia de las comunidades ante los desaf\u00edos econ\u00f3micos y clim\u00e1ticos actuales, brindando herramientas para adaptarse y prosperar en un entorno cada vez m\u00e1s cambiante. La comunidad, al recibir apoyo directo de los cultivadores, adquiere una mayor capacidad para enfrentar las adversidades, asegurando as\u00ed un progreso duradero.<\/p>\n\n\n\n<h3 class=\"wp-block-heading\"><strong>La construcci\u00f3n de redes de apoyo y la importancia de la confianza<\/strong><\/h3>\n\n\n\n<p>Otro aspecto clave de estas iniciativas es la creaci\u00f3n de redes de apoyo dentro de las comunidades, un recurso invaluable en tiempos de crisis. Estas redes permiten que las familias y comunidades trabajen de manera conjunta, apoy\u00e1ndose unas a otras para alcanzar objetivos comunes y enfrentar situaciones dif\u00edciles. <strong>Este tipo de cohesi\u00f3n social genera una estabilidad que se ve reflejada en el bienestar general de la comunidad.<\/strong><\/p>\n\n\n\n<p>La confianza es un pilar en estas relaciones. La presencia constante y el apoyo tangible de los cultivadores no solo fortalecen la confianza de las comunidades en los programas, sino que aseguran que los beneficios lleguen de manera efectiva a quienes m\u00e1s lo necesitan. Esta confianza mutua es esencial para que las iniciativas de desarrollo y sostenibilidad logren un impacto real y se mantengan a largo plazo.<\/p>\n\n\n\n<h3 class=\"wp-block-heading\"><strong>Promover y compartir los mensajes positivos<\/strong><\/h3>\n\n\n\n<p>Nuestro \u00e9xito no se mide solo en t\u00e9rminos econ\u00f3micos, sino tambi\u00e9n en la calidad de vida y el progreso de las personas a quienes sirve. Sin embargo, es esencial que estas historias se cuenten y se compartan, para que la sociedad conozca los esfuerzos de la industria y los beneficios que se est\u00e1n generando.<\/p>\n\n\n\n<div class=\"wp-block-group is-layout-constrained wp-block-group-is-layout-constrained\">\n<div class=\"wp-block-columns is-layout-flex wp-container-core-columns-is-layout-9d6595d7 wp-block-columns-is-layout-flex\">\n<div class=\"wp-block-column is-layout-flow wp-block-column-is-layout-flow\">\n<p><strong>Asistir a eventos con la comunidad, participar en las actividades y difundir los logros de programas como ALDEAS, Compromiso Territorio y la Fundaci\u00f3n Coraz\u00f3n de Ca\u00f1a son formas de promover un mensaje de esperanza y colaboraci\u00f3n.<\/strong> Estos programas reflejan el compromiso genuino de los cultivadores con las comunidades y resaltan el valor de trabajar juntos para lograr un desarrollo sostenible.<\/p>\n<\/div>\n\n\n\n<div class=\"wp-block-column is-layout-flow wp-block-column-is-layout-flow\">\n<figure class=\"wp-block-image aligncenter size-large is-resized\"><img loading=\"lazy\" decoding=\"async\" width=\"1024\" height=\"768\" src=\"https:\/\/procana.org\/site\/wp-content\/uploads\/2024\/12\/20240925_160104476_iOS-1-1024x768.jpg\" alt=\"\" class=\"wp-image-8709\" style=\"width:288px;height:auto\"\/><\/figure>\n<\/div>\n<\/div>\n<\/div>\n\n\n\n<p>El valor de conectarse con la comunidad radica en construir un futuro compartido y en asegurar que cada paso que demos como industria impulse una vida mejor para las generaciones presentes y futuras.<\/p>\n\n\n\n<p><strong>Lea la edici\u00f3n 148 de nuestra Revista Proca\u00f1a:<\/strong>&nbsp;<a href=\"https:\/\/issuu.com\/procana.org\/docs\/revista_147_septiembre\"><\/a><a href=\"https:\/\/bit.ly\/3ZCpc4C?fbclid=IwZXh0bgNhZW0CMTAAAR2ORgjNqqlN19Ho2qwu_e5I_7ERYsmsVndYm5iX7HqG3S7mcyRcD91y2b0_aem_9KwAk-ybOKO7etqbTnEnEw\" target=\"_blank\" rel=\"noreferrer noopener\">https:\/\/bit.ly\/3ZCpc4C<\/a><\/p>\n\n\n\n<p><strong>Lea m\u00e1s art\u00edculos aqu\u00ed:<\/strong>&nbsp;<a href=\"https:\/\/procana.org\/site\/articulos-revista\/\">https:\/\/procana.org\/site\/articulos-revista\/<\/a><\/p>\n","protected":false},"excerpt":{"rendered":"<p>Por: Martha Lince, Presidenta de la Junta Directiva de Proca\u00f1a En la agroindustria de la ca\u00f1a, el \u00e9xito se mide m\u00e1s all\u00e1 de los rendimientos agr\u00edcolas: se construye a partir de una relaci\u00f3n profunda y genuina con las comunidades. Iniciativas como ALDEAS, la Fundaci\u00f3n Coraz\u00f3n de Ca\u00f1a y Compromiso Territorio son ejemplos del impacto positivo [&hellip;]<\/p>\n","protected":false},"author":1,"featured_media":8712,"comment_status":"open","ping_status":"open","sticky":false,"template":"","format":"standard","meta":{"_et_pb_use_builder":"off","_et_pb_old_content":"","_et_gb_content_width":"","footnotes":""},"categories":[9,11],"tags":[33,96,26,30,27,93,28,86],"class_list":["post-8708","post","type-post","status-publish","format-standard","has-post-thumbnail","hentry","category-revista","category-revista-general","tag-agricultores","tag-agroindustria-de-la-cana-agricultores-cana","tag-cana","tag-cana-de-azucar","tag-colombia","tag-cultivadores","tag-procana","tag-sostenibilidad"],"_links":{"self":[{"href":"https:\/\/procana.org\/site\/wp-json\/wp\/v2\/posts\/8708","targetHints":{"allow":["GET"]}}],"collection":[{"href":"https:\/\/procana.org\/site\/wp-json\/wp\/v2\/posts"}],"about":[{"href":"https:\/\/procana.org\/site\/wp-json\/wp\/v2\/types\/post"}],"author":[{"embeddable":true,"href":"https:\/\/procana.org\/site\/wp-json\/wp\/v2\/users\/1"}],"replies":[{"embeddable":true,"href":"https:\/\/procana.org\/site\/wp-json\/wp\/v2\/comments?post=8708"}],"version-history":[{"count":1,"href":"https:\/\/procana.org\/site\/wp-json\/wp\/v2\/posts\/8708\/revisions"}],"predecessor-version":[{"id":8710,"href":"https:\/\/procana.org\/site\/wp-json\/wp\/v2\/posts\/8708\/revisions\/8710"}],"wp:featuredmedia":[{"embeddable":true,"href":"https:\/\/procana.org\/site\/wp-json\/wp\/v2\/media\/8712"}],"wp:attachment":[{"href":"https:\/\/procana.org\/site\/wp-json\/wp\/v2\/media?parent=8708"}],"wp:term":[{"taxonomy":"category","embeddable":true,"href":"https:\/\/procana.org\/site\/wp-json\/wp\/v2\/categories?post=8708"},{"taxonomy":"post_tag","embeddable":true,"href":"https:\/\/procana.org\/site\/wp-json\/wp\/v2\/tags?post=8708"}],"curies":[{"name":"wp","href":"https:\/\/api.w.org\/{rel}","templated":true}]}}