{"id":8450,"date":"2024-11-06T17:44:44","date_gmt":"2024-11-06T22:44:44","guid":{"rendered":"https:\/\/procana.org\/site\/?p=8450"},"modified":"2024-11-06T17:44:51","modified_gmt":"2024-11-06T22:44:51","slug":"manuel-pena-una-mirada-hacia-la-transformacion-de-su-vereda","status":"publish","type":"post","link":"https:\/\/procana.org\/site\/manuel-pena-una-mirada-hacia-la-transformacion-de-su-vereda\/","title":{"rendered":"Manuel Pe\u00f1a una mirada hacia la transformaci\u00f3n de su vereda"},"content":{"rendered":"\n<p><strong>La Alianza ALDEAS impulsa las huertas familiares como un proceso educativo y de acompa\u00f1amiento en los territorios reconociendo como rol central la familia, quien fortalece sus capacidades y relaciones de confianza a trav\u00e9s de procesos de formaci\u00f3n, acceso a insumos y trabajo conjunto. Adem\u00e1s, ofrece ayuda humanitaria a las comunidades afectadas.<\/strong><\/p>\n\n\n\n<figure class=\"wp-block-image aligncenter size-large is-resized\"><img loading=\"lazy\" decoding=\"async\" width=\"1024\" height=\"456\" src=\"https:\/\/procana.org\/site\/wp-content\/uploads\/2024\/05\/AldeasLogoColor-5-1024x456.png\" alt=\"\" class=\"wp-image-7343\" style=\"width:311px;height:auto\"\/><\/figure>\n\n\n\n<p>Mientras cae la tarde y el calor intenso se disipa en la vereda El Remolino del municipio de Florida, Valle, Manuel y su esposa Dabeiba, cuentan el dinero que tienen guardado gracias a los ahorros que han hecho desde que tienen la huerta, ya que esta les ha permitido cosechar para dejar de comprar. Adem\u00e1s, Manuel hace \u00e9nfasis en que, con el sistema de riego que han implementado, han podido ahorrar m\u00e1s, pues consumen menos agua y tiempo en el riego de las plantas.<\/p>\n\n\n\n<p>Poni\u00e9ndose sobre sus pies y dirigi\u00e9ndose hacia la huerta para abrir la llave que le da permiso al agua transitar por el sistema de riego, Manuel nos explica c\u00f3mo empez\u00f3 esta extraordinaria aventura algunos meses atr\u00e1s, la cual le ha permitido disminuir la carga y horas de trabajo en su huerta.<\/p>\n\n\n\n<p><em>Mire, esto fue todo un reto \u2014<\/em>dice mientras suelta una agradable carcajada. <em>Todo comenz\u00f3 cuando a Dana <\/em>(su hija),<em> le entregaron un kit de regado; cogimos papel y l\u00e1piz y empezamos a hacer el dise\u00f1o. Cuando cre\u00edmos tenerlo listo, lo pasamos a la realidad.<\/em><\/p>\n\n\n\n<p>Ah\u00ed fue el gran reto para \u00e9l y su hija, aunque ya ten\u00eda idea de c\u00f3mo hacerlo, porque toda su vida ha estado inmerso en el mundo de la agricultura, no dej\u00f3 de ser un desaf\u00edo. La primera vez se les da\u00f1\u00f3 la tuber\u00eda y luego, cuando ya ten\u00edan todo armado, el agua no llegaba con suficiente fuerza a todos los aspersores.<\/p>\n\n\n\n<p>Tuve que hacerlo al menos unas tres veces. Pero no me import\u00f3, yo sab\u00eda la mejora que iba a tener con este sistema de riego.\u00a0<\/p>\n\n\n\n<p><em>\u201cEn el mismo sistema de riego, implement\u00e9 tres t\u00e9cnicas: por microaspersor, que es el que m\u00e1s utilizamos, para regar las plantas de la huerta; por aspersor, para las plantas m\u00e1s grandes, como el pl\u00e1tano, banano, lim\u00f3n Tahit\u00ed; y por nebulizaci\u00f3n para las plantas que reci\u00e9n est\u00e1n germinando\u201d.<\/em><\/p>\n\n\n\n<p>Para esta familia, implementar este sistema ha sido gratificante, ya que les ha permitido optimizar mucho tiempo, pues antes ten\u00edan que pasarse toda la tarde regando la huerta y estando muy pendientes de que el agua llegara a todos los rincones de Mundo Verde, su huerta.<\/p>\n\n\n\n<p>Mientras pasea por ella, revisando cada una de sus plantas, recuerda con agrado las veces que ha asistido a las Escuelas de Campo de Aldeas:<\/p>\n\n\n\n<p><em><strong>\u201cMe gusta mucho asistir a las capacitaciones de Aldeas, ah\u00ed he fortalecido mis conocimientos t\u00e9cnicos, cosas que antes no conoc\u00eda o no hac\u00eda, porque no le ve\u00eda importancia. Y definitivamente uno empieza a aplicar lo que aprende y vea, vea c\u00f3mo tengo mi huerta de bonita\u201d.\u00a0<\/strong><\/em><\/p>\n\n\n\n<p><em><strong>\u201cAdem\u00e1s, es muy agradable aprender entre todos, por ejemplo, mis vecinos comparten c\u00f3mo hacen las cosas y yo tambi\u00e9n, les puedo contar otras cosas que he aprendido\u201d.<\/strong><\/em><\/p>\n\n\n\n<figure class=\"wp-block-image aligncenter size-large is-resized\"><img loading=\"lazy\" decoding=\"async\" width=\"1024\" height=\"683\" src=\"https:\/\/procana.org\/site\/wp-content\/uploads\/2024\/11\/DSC_0293-1-1024x683.jpg\" alt=\"\" class=\"wp-image-8451\" style=\"width:367px;height:auto\"\/><\/figure>\n\n\n\n<p>Con las <strong>Escuelas de Campo<\/strong>, esta familia ha tenido mejoras importantes, por ejemplo; cuando ellos decidieron implementar la huerta, el espacio que ten\u00edan disponible estaba lleno de escombros y basura, que hac\u00edan que la tierra estuviera enferma y poco f\u00e9rtil, con los conocimientos que han adquirido han podido aportar los minerales necesarios para el correcto desarrollo de los cultivos y tener un suelo m\u00e1s productivo.<\/p>\n\n\n\n<p>En Mundo Verde hay cultivo de habichuela, pepino, jalape\u00f1o, cilantro, aj\u00ed, cebolla, piment\u00f3n, albahaca, tomillo, tomate, frijol, an\u00eds y or\u00e9gano. Tambi\u00e9n tienen plantas de pl\u00e1tano, banano, yuca y \u00e1rbol de guayaba araz\u00e1 y lim\u00f3n Tahit\u00ed.<\/p>\n\n\n\n<p>A la gente le gusta venir a ver mi huerta y se quedan aterrados de ver como en un espacio peque\u00f1o, tengo tantas cosas. Adem\u00e1s, los vecinos, como saben que en la casa se cultiva, entonces vienen a comprarnos lo que necesitan para el almuerzo.<\/p>\n\n\n\n<p>La primera cosecha de cada mes es para el consumo propio, toman las verduras de la huerta, las lavan, pelan y congelan para los almuerzos de los pr\u00f3ximos d\u00edas, y las cosechas siguientes son para la venta. Manuel con orgullo cuenta que toda su familia est\u00e1 involucrada en el proceso:<\/p>\n\n\n\n<p>Dana y yo nos encargamos de las labores agr\u00edcolas, mi esposa de las finanzas y mis hijas y nieta de las ventas.<\/p>\n\n\n\n<p>Mi hija Dana y mi nieta sacan una mesa al frente de la casa y ponen venta de habichuela, tomate, cilantro, lo que haya en la cosecha; los vecinos vienen y compran mil pesos o dos mil pesos, o tambi\u00e9n por unidad. Si no venden todo lo que sacan, mi nieta se va en la bicicleta y llega con todo vendido.<\/p>\n\n\n\n<p>Y mi otra hija, publica en redes sociales o en los estados de WhatsApp, lo hay que para vender.<\/p>\n\n\n\n<p><strong>Lea la edici\u00f3n 147 de nuestra Revista Proca\u00f1a:<\/strong>&nbsp;<a href=\"https:\/\/issuu.com\/procana.org\/docs\/revista_147_septiembre\">https:\/\/issuu.com\/procana.org\/docs\/revista_147_septiembre<\/a><\/p>\n\n\n\n<p><strong>Lea m\u00e1s art\u00edculos aqu\u00ed:<\/strong>&nbsp;<a href=\"https:\/\/procana.org\/site\/articulos-revista\/\">https:\/\/procana.org\/site\/articulos-revista\/<\/a><\/p>\n","protected":false},"excerpt":{"rendered":"<p>La Alianza ALDEAS impulsa las huertas familiares como un proceso educativo y de acompa\u00f1amiento en los territorios reconociendo como rol central la familia, quien fortalece sus capacidades y relaciones de confianza a trav\u00e9s de procesos de formaci\u00f3n, acceso a insumos y trabajo conjunto. Adem\u00e1s, ofrece ayuda humanitaria a las comunidades afectadas. Mientras cae la tarde [&hellip;]<\/p>\n","protected":false},"author":442,"featured_media":8452,"comment_status":"open","ping_status":"open","sticky":false,"template":"","format":"standard","meta":{"_et_pb_use_builder":"off","_et_pb_old_content":"","_et_gb_content_width":"","footnotes":""},"categories":[9,11],"tags":[33,96,69,30,27,93,28,86],"class_list":["post-8450","post","type-post","status-publish","format-standard","has-post-thumbnail","hentry","category-revista","category-revista-general","tag-agricultores","tag-agroindustria-de-la-cana-agricultores-cana","tag-aldeas","tag-cana-de-azucar","tag-colombia","tag-cultivadores","tag-procana","tag-sostenibilidad"],"_links":{"self":[{"href":"https:\/\/procana.org\/site\/wp-json\/wp\/v2\/posts\/8450","targetHints":{"allow":["GET"]}}],"collection":[{"href":"https:\/\/procana.org\/site\/wp-json\/wp\/v2\/posts"}],"about":[{"href":"https:\/\/procana.org\/site\/wp-json\/wp\/v2\/types\/post"}],"author":[{"embeddable":true,"href":"https:\/\/procana.org\/site\/wp-json\/wp\/v2\/users\/442"}],"replies":[{"embeddable":true,"href":"https:\/\/procana.org\/site\/wp-json\/wp\/v2\/comments?post=8450"}],"version-history":[{"count":2,"href":"https:\/\/procana.org\/site\/wp-json\/wp\/v2\/posts\/8450\/revisions"}],"predecessor-version":[{"id":8454,"href":"https:\/\/procana.org\/site\/wp-json\/wp\/v2\/posts\/8450\/revisions\/8454"}],"wp:featuredmedia":[{"embeddable":true,"href":"https:\/\/procana.org\/site\/wp-json\/wp\/v2\/media\/8452"}],"wp:attachment":[{"href":"https:\/\/procana.org\/site\/wp-json\/wp\/v2\/media?parent=8450"}],"wp:term":[{"taxonomy":"category","embeddable":true,"href":"https:\/\/procana.org\/site\/wp-json\/wp\/v2\/categories?post=8450"},{"taxonomy":"post_tag","embeddable":true,"href":"https:\/\/procana.org\/site\/wp-json\/wp\/v2\/tags?post=8450"}],"curies":[{"name":"wp","href":"https:\/\/api.w.org\/{rel}","templated":true}]}}