{"id":8408,"date":"2024-10-23T16:15:01","date_gmt":"2024-10-23T21:15:01","guid":{"rendered":"https:\/\/procana.org\/site\/?p=8408"},"modified":"2024-10-23T16:15:12","modified_gmt":"2024-10-23T21:15:12","slug":"el-poder-del-espiritu-empresarial-en-la-construccion-del-tejido-social","status":"publish","type":"post","link":"https:\/\/procana.org\/site\/el-poder-del-espiritu-empresarial-en-la-construccion-del-tejido-social\/","title":{"rendered":"El poder del esp\u00edritu empresarial en la construcci\u00f3n del tejido social\u00a0"},"content":{"rendered":"\n<p>Por: <a href=\"https:\/\/www.linkedin.com\/in\/carlos-augusto-chac%C3%B3n-monsalve-a48b3031\/\" data-type=\"link\" data-id=\"https:\/\/www.linkedin.com\/in\/carlos-augusto-chac%C3%B3n-monsalve-a48b3031\/\" target=\"_blank\" rel=\"noreferrer noopener\">Carlos Augusto Chac\u00f3n<\/a>, Director ejecutivo\u00a0del Instituto de Ciencia Pol\u00edtica Hern\u00e1n Echavarr\u00eda Ol\u00f3zaga<\/p>\n\n\n\n<figure class=\"wp-block-image aligncenter size-large is-resized\"><img loading=\"lazy\" decoding=\"async\" width=\"1024\" height=\"187\" src=\"https:\/\/procana.org\/site\/wp-content\/uploads\/2024\/10\/Logo-ICP-azul-2-1024x187.png\" alt=\"\" class=\"wp-image-8409\" style=\"width:506px;height:auto\"\/><\/figure>\n\n\n\n<p><strong>Si hay dos atributos que destacan de los colombianos, son la tenacidad y la resiliencia. Este pa\u00eds ha sobrevivido al narcotr\u00e1fico, al conflicto interno, a la pandemia de COVID-19, a las protestas violentas del paro nacional y a otros eventos devastadores que han afectado la seguridad, la econom\u00eda y la vida diaria. En medio de la tormenta, los colombianos han mostrado su coraje. Esta vez no ser\u00e1 diferente.<\/strong><\/p>\n\n\n\n<p>Ante la incertidumbre por las decisiones pol\u00edticas y medidas administrativas del Gobierno, sus esc\u00e1ndalos de corrupci\u00f3n, el impacto en la econom\u00eda, el aumento de la inseguridad y el ataque a las instituciones democr\u00e1ticas, es momento de que la sociedad civil y el sector privado se unan para tomar acci\u00f3n y liderar una agenda pol\u00edtica y program\u00e1tica para recuperar y mejorar el pa\u00eds. Lograrlo requiere posicionar en la opini\u00f3n p\u00fablica un relato que permita superar la percepci\u00f3n y el imaginario respecto a qui\u00e9nes son, qu\u00e9 hacen y cu\u00e1les son sus aportes a la sociedad.<\/p>\n\n\n\n<figure class=\"wp-block-image aligncenter size-large is-resized\"><img loading=\"lazy\" decoding=\"async\" width=\"1024\" height=\"768\" src=\"https:\/\/procana.org\/site\/wp-content\/uploads\/2024\/10\/WhatsApp-Image-2024-07-28-at-9.52.46-AM-2-1024x768.jpeg\" alt=\"\" class=\"wp-image-8410\" style=\"width:365px;height:auto\"\/><\/figure>\n\n\n\n<h3 class=\"wp-block-heading\"><strong>El rol del empresario y del sector privado<\/strong><\/h3>\n\n\n\n<p>Los empresarios no solo generan empleos y pagan impuestos. Esta visi\u00f3n estereotipada invisibiliza su aporte a la creaci\u00f3n de valor social y econ\u00f3mico, al crecimiento econ\u00f3mico y a la superaci\u00f3n de la pobreza. Para generar riqueza, los empresarios resuelven problemas y satisfacen necesidades de los consumidores, usando la informaci\u00f3n que estos env\u00edan mediante el sistema de precios.<\/p>\n\n\n\n<p>Cuando se habla del tejido empresarial colombiano, se debe reconocer que mayoritariamente se trata de microempresas y trabajadores informales. Seg\u00fan cifras de Confec\u00e1maras, <strong>las microempresas que registran en el Registro \u00danico Empresarial Y Social \u2013 Rues, representan el 92% del total de las empresas (1.593.103 de 1.734.636 registradas), mientras que, los trabajadores informales constituyen el 58% de la fuerza laboral.<\/strong><\/p>\n\n\n\n<p>Por lo tanto, los empresarios grandes, medianos y peque\u00f1os, los comerciantes y los trabajadores informales (principalmente autoempleados) son quienes, mediante la cooperaci\u00f3n social, participan del proceso de mercado para contribuir al bienestar social.<\/p>\n\n\n\n<h3 class=\"wp-block-heading\"><strong>Liderazgo y esp\u00edritu empresarial<\/strong><\/h3>\n\n\n\n<p>La coyuntura del pa\u00eds demanda un liderazgo transgresor con esp\u00edritu empresarial, enfocado en buscar y descubrir oportunidades para crear valor. Este esp\u00edritu, presente en todos los individuos <em>(homo agens)<\/em>, permite que, al actuar para cumplir sus proyectos de vida, las personas contribuyan a la prosperidad general y logren beneficios sociales y econ\u00f3micos.<\/p>\n\n\n\n<p>La unidad propuesta tiene como prop\u00f3sito superior recuperar el pa\u00eds y mejorarlo. Alcanzarlo demanda decisiones pol\u00edticas y las transformaciones necesarias para avanzar por una senda de libertad econ\u00f3mica y prosperidad incluyente, estableciendo un entorno libre, competitivo, productivo, con reglas de juego claras e instituciones inclusivas.<\/p>\n\n\n\n<h3 class=\"wp-block-heading\"><strong>Estrategias para la acci\u00f3n<\/strong><\/h3>\n\n\n\n<p>Incidir pol\u00edticamente para lograr ese prop\u00f3sito requiere pasar del enfoque asistencialista y de relaciones con el poder pol\u00edtico sustentadas \u00fanicamente en el financiamiento y apoyo de candidatos en \u00e9poca electoral a uno orientado hacia el relacionamiento directo con las comunidades, contribuyendo al desarrollo de capacidades y la creaci\u00f3n de valor compartido.<\/p>\n\n\n\n<p>Todos, incluidas las bases sociales, deben compartir el prop\u00f3sito de construir en conjunto, con una identidad y visi\u00f3n com\u00fan con los empresarios. Este enfoque de cooperaci\u00f3n social es clave para mitigar los riesgos econ\u00f3micos y de seguridad que plantea el actual Gobierno. Para lograrlo, es esencial comprometerse con la defensa de la libertad econ\u00f3mica, sin intermediarios que difundan ideas contrarias al libre mercado, la riqueza, la competencia, los empresarios o la propiedad privada.<\/p>\n\n\n\n<h3 class=\"wp-block-heading\"><strong>Construir legitimidad<\/strong><\/h3>\n\n\n\n<p>El fomento de relaciones de confianza es crucial para evitar una deriva autoritaria que socave la democracia liberal. Esta unidad debe empoderar a los ciudadanos, para conectar con soluciones a problemas sociales complejos que requieren la participaci\u00f3n de todos los sectores. Es esencial tender puentes en el ecosistema empresarial, establecer relaciones de empat\u00eda con la comunidad y generar espacios de di\u00e1logo y capacitaci\u00f3n continua.<\/p>\n\n\n\n<p>El tejido empresarial ha demostrado ser un gran creador de valor, y es su responsabilidad generar ese sentido de identidad y pertenencia con todos los actores con los que tiene relaci\u00f3n. Esta tarea no se puede delegar a pol\u00edticos, pues crea brechas innecesarias y refuerza la estigmatizaci\u00f3n del empresario como indolente y alejado de la realidad.<\/p>\n\n\n\n<h3 class=\"wp-block-heading\"><strong>La importancia de tomar acci\u00f3n<\/strong><\/h3>\n\n\n\n<p>Los colombianos hemos demostrado a lo largo de la historia la capacidad de resiliencia para salir adelante, recuperarnos y construir pa\u00eds. Si quienes creamos valor y queremos trabajar para salir adelante, nos unimos bajo una misma causa que es crear riqueza y bienestar para todos, lograremos un pa\u00eds con un tejido empresarial y social fuerte, con oportunidades para superar la pobreza y construir paz.&nbsp;<\/p>\n\n\n\n<p>Si se enfocan en ser agentes de cambio, en el Instituto de Ciencia Pol\u00edtica Hern\u00e1n Echavarr\u00eda Ol\u00f3zaga (ICP), seguiremos comprometidos con impulsar reformas que garanticen entornos libres y competitivos para el surgimiento empresarial y la creaci\u00f3n de valor.&nbsp;<\/p>\n\n\n\n<p><strong>Nuestro prop\u00f3sito es incidir con una agenda que fomente la libertad econ\u00f3mica, permitiendo a individuos, familias y empresas tomar decisiones libres sobre emprender, trabajar, producir, consumir, ahorrar e invertir.<\/strong><\/p>\n\n\n\n<figure class=\"wp-block-gallery has-nested-images columns-default is-cropped wp-block-gallery-1 is-layout-flex wp-block-gallery-is-layout-flex\">\n<figure class=\"wp-block-image size-large\"><img loading=\"lazy\" decoding=\"async\" width=\"1024\" height=\"768\" data-id=\"8413\" src=\"https:\/\/procana.org\/site\/wp-content\/uploads\/2024\/10\/WhatsApp-Image-2024-07-28-at-9.53.02-AM-1-1024x768.jpeg\" alt=\"\" class=\"wp-image-8413\"\/><\/figure>\n\n\n\n<figure class=\"wp-block-image size-large\"><img loading=\"lazy\" decoding=\"async\" width=\"1024\" height=\"768\" data-id=\"8414\" src=\"https:\/\/procana.org\/site\/wp-content\/uploads\/2024\/10\/WhatsApp-Image-2024-07-28-at-9.51.05-AM-1-1-1024x768.jpeg\" alt=\"\" class=\"wp-image-8414\"\/><\/figure>\n\n\n\n<figure class=\"wp-block-image size-large\"><img loading=\"lazy\" decoding=\"async\" width=\"1024\" height=\"768\" data-id=\"8411\" src=\"https:\/\/procana.org\/site\/wp-content\/uploads\/2024\/10\/WhatsApp-Image-2024-07-28-at-9.51.05-AM-5-1024x768.jpeg\" alt=\"\" class=\"wp-image-8411\"\/><\/figure>\n<\/figure>\n\n\n\n<p><strong>Lea la edici\u00f3n 147 de nuestra Revista Proca\u00f1a:<\/strong>&nbsp;<a href=\"https:\/\/issuu.com\/procana.org\/docs\/revista_147_septiembre\">https:\/\/issuu.com\/procana.org\/docs\/revista_147_septiembre<\/a><\/p>\n\n\n\n<p><strong>Visite la p\u00e1gina web del Instituto de Ciencia Pol\u00edtica Hern\u00e1n Echavarr\u00eda Ol\u00f3zaga:<\/strong>\u00a0<a href=\"https:\/\/icpcolombia.org\/\">https:\/\/icpcolombia.org\/<\/a><\/p>\n\n\n\n<p><strong>Lea m\u00e1s art\u00edculos aqu\u00ed:<\/strong>\u00a0<a href=\"https:\/\/procana.org\/site\/articulos-revista\/\">https:\/\/procana.org\/site\/articulos-revista\/<\/a><\/p>\n","protected":false},"excerpt":{"rendered":"<p>Agroindustria de la ca\u00f1a ICP Proca\u00f1a Tejido Social<\/p>\n","protected":false},"author":442,"featured_media":8412,"comment_status":"open","ping_status":"open","sticky":false,"template":"","format":"standard","meta":{"_et_pb_use_builder":"off","_et_pb_old_content":"","_et_gb_content_width":"","footnotes":""},"categories":[9,10,1],"tags":[33,96,26,30,134,28,86,135],"class_list":["post-8408","post","type-post","status-publish","format-standard","has-post-thumbnail","hentry","category-revista","category-revista-principal","category-sin-categoria","tag-agricultores","tag-agroindustria-de-la-cana-agricultores-cana","tag-cana","tag-cana-de-azucar","tag-icp","tag-procana","tag-sostenibilidad","tag-tejido-social"],"_links":{"self":[{"href":"https:\/\/procana.org\/site\/wp-json\/wp\/v2\/posts\/8408","targetHints":{"allow":["GET"]}}],"collection":[{"href":"https:\/\/procana.org\/site\/wp-json\/wp\/v2\/posts"}],"about":[{"href":"https:\/\/procana.org\/site\/wp-json\/wp\/v2\/types\/post"}],"author":[{"embeddable":true,"href":"https:\/\/procana.org\/site\/wp-json\/wp\/v2\/users\/442"}],"replies":[{"embeddable":true,"href":"https:\/\/procana.org\/site\/wp-json\/wp\/v2\/comments?post=8408"}],"version-history":[{"count":1,"href":"https:\/\/procana.org\/site\/wp-json\/wp\/v2\/posts\/8408\/revisions"}],"predecessor-version":[{"id":8415,"href":"https:\/\/procana.org\/site\/wp-json\/wp\/v2\/posts\/8408\/revisions\/8415"}],"wp:featuredmedia":[{"embeddable":true,"href":"https:\/\/procana.org\/site\/wp-json\/wp\/v2\/media\/8412"}],"wp:attachment":[{"href":"https:\/\/procana.org\/site\/wp-json\/wp\/v2\/media?parent=8408"}],"wp:term":[{"taxonomy":"category","embeddable":true,"href":"https:\/\/procana.org\/site\/wp-json\/wp\/v2\/categories?post=8408"},{"taxonomy":"post_tag","embeddable":true,"href":"https:\/\/procana.org\/site\/wp-json\/wp\/v2\/tags?post=8408"}],"curies":[{"name":"wp","href":"https:\/\/api.w.org\/{rel}","templated":true}]}}