{"id":8021,"date":"2024-09-09T16:53:58","date_gmt":"2024-09-09T21:53:58","guid":{"rendered":"https:\/\/procana.org\/site\/?p=8021"},"modified":"2024-09-09T16:55:37","modified_gmt":"2024-09-09T21:55:37","slug":"orgullosos-de-ser-agricultores","status":"publish","type":"post","link":"https:\/\/procana.org\/site\/orgullosos-de-ser-agricultores\/","title":{"rendered":"Orgullosos de ser agricultores"},"content":{"rendered":"\n<p>Por: Martha Lince &#8211; Presidenta de la junta directiva de Proca\u00f1a<\/p>\n\n\n\n<p><strong>Cada vez m\u00e1s, valoro los lazos que nos unen. La uni\u00f3n se hace indispensable en momentos de incertidumbre como los que estamos viviendo. <\/strong><\/p>\n\n\n\n<p>La Colombia de hoy nos invita a mirar a nuestro alrededor: a los amigos, a los colegas, a los vecinos de finca, a los integrantes del gremio, para ayudarnos a entender el presente y el futuro. Nos debemos preguntar: \u00bfQu\u00e9 estamos viviendo y hacia d\u00f3nde vamos? Hoy, no cabe el individualismo que muchas veces prevaleci\u00f3 en \u00e9pocas de bonanza y horizonte despejado.<\/p>\n\n\n\n<p>Por eso valoramos tanto pertenecer al gremio de los agricultores de ca\u00f1a y estar unidos para enaltecer el rol del agricultor vallecaucano, rescatando su esfuerzo tit\u00e1nico para convertir terrenos hostiles en adecuados para la agricultura.&nbsp;<\/p>\n\n\n\n<figure class=\"wp-block-image aligncenter size-large is-resized\"><img loading=\"lazy\" decoding=\"async\" width=\"1024\" height=\"683\" src=\"https:\/\/procana.org\/site\/wp-content\/uploads\/2024\/09\/AFS7068-1-1024x683.jpg\" alt=\"\" class=\"wp-image-8026\" style=\"width:484px;height:auto\"\/><\/figure>\n\n\n\n<p>Recordemos el aporte gigantesco de nuestro sector en la generaci\u00f3n de empleo y c\u00f3mo estas fuentes dinamizan ciudades intermedias, veredas y corregimientos, elevando los est\u00e1ndares de calidad de vida, en gran parte aportados por el sector ca\u00f1icultor.&nbsp;<\/p>\n\n\n\n<p>Sin duda, la potente infraestructura vial del Valle del Cauca&nbsp; lleva la impronta&nbsp; de nuestro sector, pues esta malla ha hecho m\u00e1s eficiente la relaci\u00f3n entre los cultivos y los ingenios, entre los ingenios y los mercados, entre la vivienda de los trabajadores y sus lugares de trabajo; entre las escuelas, colegios, centros de salud, parques recreacionales y quienes requieren el pronto y eficiente acceso a todos estos lugares, solucionadores de necesidades esenciales de las miles de personas que conforman la red humana de la ca\u00f1icultura generando sostenibilidad social.<\/p>\n\n\n\n<p>Nuestra activa participaci\u00f3n ayud\u00f3 a desarrollar el cl\u00faster de la ca\u00f1a de az\u00facar con la generaci\u00f3n de energ\u00eda, sucroqu\u00edmica, snacks, comercio exterior, todos ellos generadores de empleos y de bienestar.&nbsp;<\/p>\n\n\n\n<p>Debemos dar a conocer el aporte enorme de la ca\u00f1icultura al desarrollo humano de las regiones, porque en el campo hay futuro para todos.&nbsp; Debemos convertir la agroindustria de la ca\u00f1a en orgullo nacional, los argumentos sobran para lograrlo y unidos lo podemos demostrar.<\/p>\n\n\n\n<p><strong>El reto que tenemos entre manos es muy grande y no seremos inferiores al desaf\u00edo.<\/strong> Que esos viejos agricultores que desde hace m\u00e1s de un siglo hicieron grande el valle geogr\u00e1fico y lo adecuaron para la ca\u00f1icultura, se sientan orgullosos de nuestro empuje y de la manera como enfrentamos la adversidad.\u00a0<\/p>\n\n\n\n<p>Lo m\u00e1s importante que heredamos fueron los valores, hoy sostenidos desde las fincas por hombres y mujeres, que luchamos en igualdad por preservar y transferir esos principios a quienes nos seguir\u00e1n como agricultores.&nbsp;<\/p>\n\n\n\n<p>Que las nuevas generaciones se inspiren en el amor por la tierra, la esperanza, la paciencia, honrando la tradici\u00f3n del trabajo y la pasi\u00f3n por el campo.&nbsp;<\/p>\n\n\n\n<p><em><strong>\u00a1Orgullosos de ser ca\u00f1icultores en el valle del r\u00edo Cauca!<\/strong><\/em><\/p>\n\n\n\n<p>Consulte la edici\u00f3n 147 de la revista Proca\u00f1a aqu\u00ed: <\/p>\n","protected":false},"excerpt":{"rendered":"<p>Por: Martha Lince &#8211; Presidenta de la junta directiva de Proca\u00f1a Cada vez m\u00e1s, valoro los lazos que nos unen. La uni\u00f3n se hace indispensable en momentos de incertidumbre como los que estamos viviendo. La Colombia de hoy nos invita a mirar a nuestro alrededor: a los amigos, a los colegas, a los vecinos de [&hellip;]<\/p>\n","protected":false},"author":1,"featured_media":8027,"comment_status":"open","ping_status":"open","sticky":false,"template":"","format":"standard","meta":{"_et_pb_use_builder":"off","_et_pb_old_content":"","_et_gb_content_width":"","footnotes":""},"categories":[9,11],"tags":[33,26,30,27,93,28,86],"class_list":["post-8021","post","type-post","status-publish","format-standard","has-post-thumbnail","hentry","category-revista","category-revista-general","tag-agricultores","tag-cana","tag-cana-de-azucar","tag-colombia","tag-cultivadores","tag-procana","tag-sostenibilidad"],"_links":{"self":[{"href":"https:\/\/procana.org\/site\/wp-json\/wp\/v2\/posts\/8021","targetHints":{"allow":["GET"]}}],"collection":[{"href":"https:\/\/procana.org\/site\/wp-json\/wp\/v2\/posts"}],"about":[{"href":"https:\/\/procana.org\/site\/wp-json\/wp\/v2\/types\/post"}],"author":[{"embeddable":true,"href":"https:\/\/procana.org\/site\/wp-json\/wp\/v2\/users\/1"}],"replies":[{"embeddable":true,"href":"https:\/\/procana.org\/site\/wp-json\/wp\/v2\/comments?post=8021"}],"version-history":[{"count":1,"href":"https:\/\/procana.org\/site\/wp-json\/wp\/v2\/posts\/8021\/revisions"}],"predecessor-version":[{"id":8028,"href":"https:\/\/procana.org\/site\/wp-json\/wp\/v2\/posts\/8021\/revisions\/8028"}],"wp:featuredmedia":[{"embeddable":true,"href":"https:\/\/procana.org\/site\/wp-json\/wp\/v2\/media\/8027"}],"wp:attachment":[{"href":"https:\/\/procana.org\/site\/wp-json\/wp\/v2\/media?parent=8021"}],"wp:term":[{"taxonomy":"category","embeddable":true,"href":"https:\/\/procana.org\/site\/wp-json\/wp\/v2\/categories?post=8021"},{"taxonomy":"post_tag","embeddable":true,"href":"https:\/\/procana.org\/site\/wp-json\/wp\/v2\/tags?post=8021"}],"curies":[{"name":"wp","href":"https:\/\/api.w.org\/{rel}","templated":true}]}}