{"id":7707,"date":"2024-07-18T09:29:17","date_gmt":"2024-07-18T14:29:17","guid":{"rendered":"https:\/\/procana.org\/site\/?p=7707"},"modified":"2024-07-18T10:49:49","modified_gmt":"2024-07-18T15:49:49","slug":"seguridad-y-desarrollo-retos-y-oportunidades-del-sector-canicultor","status":"publish","type":"post","link":"https:\/\/procana.org\/site\/seguridad-y-desarrollo-retos-y-oportunidades-del-sector-canicultor\/","title":{"rendered":"Seguridad y desarrollo: retos y oportunidades del sector ca\u00f1icultor"},"content":{"rendered":"\n<p>En la Asamblea Anual Ordinaria de Proca\u00f1a, se destac\u00f3 la importancia de la seguridad, la inversi\u00f3n social, la sostenibilidad y la innovaci\u00f3n como desaf\u00edos cruciales para el sector.&nbsp;<\/p>\n\n\n\n<p>Se exalt\u00f3 el papel de la ca\u00f1a de az\u00facar en 150 a\u00f1os de presencia en la regi\u00f3n como eje de desarrollo econ\u00f3mico, social y ambiental, la generaci\u00f3n de empleo y tejido social en los territorios, la versatilidad de la ca\u00f1a que es base para producci\u00f3n az\u00facares, mieles, alcohol carburante, cogeneraci\u00f3n de energ\u00eda y m\u00e1s de 120 subproductos y derivados.&nbsp;<\/p>\n\n\n\n<p>Los problemas de orden p\u00fablico, extorsi\u00f3n, ataques a la propiedad privada, robos e intimidaciones en el suroccidente del pa\u00eds est\u00e1n afectando gravemente la econom\u00eda regional. En el Cauca, m\u00e1s de 5,000 hect\u00e1reas han sido invadidas, poniendo en riesgo alrededor de 6,000 empleos directos e indirectos en el sector agroindustrial, seg\u00fan Martha Betancourt, directora ejecutiva de Proca\u00f1a.<\/p>\n\n\n\n<h3 class=\"wp-block-heading\">Panel: Inversi\u00f3n social, apuestas para el desarrollo del territorio<\/h3>\n\n\n\n<p>Durante la asamblea, voceros de Propac\u00edfico, Fundaci\u00f3n Coraz\u00f3n de Ca\u00f1a y la Fundaci\u00f3n Caicedo Gonz\u00e1lez dialogaron con Jorge Bedoya, presidente de la Sociedad de Agricultores de Colombia, sobre la importancia de la inversi\u00f3n social para el desarrollo del territorio. <strong>David Gironza, director ejecutivo de la Fundaci\u00f3n Coraz\u00f3n de Ca\u00f1a, destac\u00f3 la priorizaci\u00f3n de proyectos de infraestructura social en comunidades urbanas y rurales con una inversi\u00f3n de alrededor 10.000 millones de pesos.<\/strong>&nbsp;<\/p>\n\n\n\n<p>Mar\u00eda Isabel Ulloa, directora de Propac\u00edfico, subray\u00f3 la necesidad de un sector privado comprometido social y c\u00edvicamente, destacando que <strong>&#8220;el sector privado debe convertirse en el primer ciudadano de sus territorios&#8221;.&nbsp;<\/strong><\/p>\n\n\n\n<p>Mientras que Ana Milena Lemos, directora ejecutiva de la Fundaci\u00f3n Caicedo Gonz\u00e1lez Riopaila Castilla, a\u00f1adi\u00f3 que la inversi\u00f3n social y la filantrop\u00eda son esenciales para el desarrollo territorial, siempre respetando la dignidad y derechos de las personas.<\/p>\n\n\n\n<p>Lemos enfatiz\u00f3 en que no se puede confundir filantropia con asistencia, <strong>\u201cpues al Estado le corresponde garantizar los derechos de los m\u00e1s vulnerables, mientras que los empresarios y el sector social podemos apoyar la generaci\u00f3n de capacidades individuales y colectivas de los individuos que los prepare para el emprendimiento y el trabajo&#8221;.<\/strong><\/p>\n\n\n\n<p><strong>A pesar del complicado panorama de seguridad, el sector Ca\u00f1icultor est\u00e1 comprometido con la inversi\u00f3n social. <\/strong>Durante la asamblea, se presentaron proyectos desarrollados con el apoyo de cultivadores de ca\u00f1a y fundaciones aliadas, como Coraz\u00f3n de Ca\u00f1a y Caicedo Gonz\u00e1lez Riopaila Castilla. <strong>Y se resalt\u00f3 el programa Aldeas que ha beneficiado a 1,659 familias con una inversi\u00f3n cercana a los 1,700 millones de pesos, rese\u00f1\u00f3 la directora ejecutiva de Proca\u00f1a<\/strong><\/p>\n\n\n\n<figure class=\"wp-block-image aligncenter size-large is-resized\"><img loading=\"lazy\" decoding=\"async\" width=\"1024\" height=\"683\" src=\"https:\/\/procana.org\/site\/wp-content\/uploads\/2024\/07\/AFS8829-1-1-1024x683.jpg\" alt=\"\" class=\"wp-image-7709\" style=\"width:443px;height:auto\"\/><\/figure>\n\n\n\n<h3 class=\"wp-block-heading\"><strong>Llamado a fortalecer la seguridad<\/strong><\/h3>\n\n\n\n<p>Durante la asamblea p\u00fablica, la gobernadora del Valle del Cauca, <strong>Dilian Francisca Toro, reconoci\u00f3 que los problemas de seguridad afectan los esfuerzos del sector<\/strong> y destac\u00f3 la necesidad de un enfoque integral del gobierno nacional para abordar la inseguridad no solo en el departamento sino en todo el Pac\u00edfico colombiano. <strong>Tambi\u00e9n mencion\u00f3 la importancia de contar con un batall\u00f3n de alta monta\u00f1a para reforzar la seguridad, especialmente en Jamund\u00ed.<\/strong><\/p>\n\n\n\n<p>Por su parte, Jos\u00e9 Ignacio L\u00f3pez, presidente de la Asociaci\u00f3n Nacional de Instituciones Financieras (Anif), afirm\u00f3 que <strong>&#8220;el sector agroindustrial es clave para liderar la econom\u00eda nacional&#8221;, se\u00f1alando el potencial de Colombia en este \u00e1mbito <\/strong>y la importancia de un ecosistema integrado de productores.<\/p>\n\n\n\n<p>\u201cColombia tiene un enorme potencial en el tema agroindustrial y por ejemplo este espacio tiene muchas ense\u00f1anzas para el resto de sectores de c\u00f3mo lideramos un ecosistema de peque\u00f1os, medianos y grandes jugadores, todos articulados en la medida que se van generando sinergias en la producci\u00f3n, en este caso de la ca\u00f1a\u201d, anot\u00f3 L\u00f3pez.<\/p>\n\n\n\n<p>La asamblea concluy\u00f3 con un llamado <strong>a defender la democracia, a defender la democracia, a respaldar a la fuerza p\u00fablica, a reconocer el compromiso de los empresarios como actores de desarrollo, a fortalecer la colaboraci\u00f3n entre el sector privado y el gobierno para abordar los retos de seguridad, inversi\u00f3n social y sostenibilidad en el sector agroindustrial.<\/strong><\/p>\n\n\n\n<figure class=\"wp-block-gallery has-nested-images columns-default is-cropped wp-block-gallery-1 is-layout-flex wp-block-gallery-is-layout-flex\">\n<figure class=\"wp-block-image size-large\"><img loading=\"lazy\" decoding=\"async\" width=\"1024\" height=\"683\" data-id=\"7768\" src=\"https:\/\/procana.org\/site\/wp-content\/uploads\/2024\/07\/AFS7993-2-1024x683.jpg\" alt=\"\" class=\"wp-image-7768\"\/><\/figure>\n\n\n\n<figure class=\"wp-block-image size-large\"><img loading=\"lazy\" decoding=\"async\" width=\"1024\" height=\"683\" data-id=\"7774\" src=\"https:\/\/procana.org\/site\/wp-content\/uploads\/2024\/07\/AFS8751-3-1024x683.jpg\" alt=\"\" class=\"wp-image-7774\"\/><\/figure>\n\n\n\n<figure class=\"wp-block-image size-large\"><img loading=\"lazy\" decoding=\"async\" width=\"1024\" height=\"683\" data-id=\"7766\" src=\"https:\/\/procana.org\/site\/wp-content\/uploads\/2024\/07\/AFS8670-1024x683.jpg\" alt=\"\" class=\"wp-image-7766\"\/><\/figure>\n\n\n\n<figure class=\"wp-block-image size-large\"><img loading=\"lazy\" decoding=\"async\" width=\"1024\" height=\"683\" data-id=\"7771\" src=\"https:\/\/procana.org\/site\/wp-content\/uploads\/2024\/07\/AFS8040-3-1024x683.jpg\" alt=\"\" class=\"wp-image-7771\"\/><\/figure>\n\n\n\n<figure class=\"wp-block-image size-large\"><img loading=\"lazy\" decoding=\"async\" width=\"1024\" height=\"683\" data-id=\"7775\" src=\"https:\/\/procana.org\/site\/wp-content\/uploads\/2024\/07\/AFS8825-3-1024x683.jpg\" alt=\"\" class=\"wp-image-7775\"\/><\/figure>\n\n\n\n<figure class=\"wp-block-image size-large\"><img loading=\"lazy\" decoding=\"async\" width=\"1024\" height=\"683\" data-id=\"7776\" src=\"https:\/\/procana.org\/site\/wp-content\/uploads\/2024\/07\/AFS8262-3-1024x683.jpg\" alt=\"\" class=\"wp-image-7776\"\/><\/figure>\n\n\n\n<figure class=\"wp-block-image size-large\"><img loading=\"lazy\" decoding=\"async\" width=\"1024\" height=\"683\" data-id=\"7778\" src=\"https:\/\/procana.org\/site\/wp-content\/uploads\/2024\/07\/AFS8406-3-1024x683.jpg\" alt=\"\" class=\"wp-image-7778\"\/><\/figure>\n\n\n\n<figure class=\"wp-block-image size-large\"><img loading=\"lazy\" decoding=\"async\" width=\"1024\" height=\"683\" data-id=\"7785\" src=\"https:\/\/procana.org\/site\/wp-content\/uploads\/2024\/07\/AFS9286-4-1024x683.jpg\" alt=\"\" class=\"wp-image-7785\"\/><\/figure>\n\n\n\n<figure class=\"wp-block-image size-large\"><img loading=\"lazy\" decoding=\"async\" width=\"1024\" height=\"683\" data-id=\"7781\" src=\"https:\/\/procana.org\/site\/wp-content\/uploads\/2024\/07\/AFS9211-3-1024x683.jpg\" alt=\"\" class=\"wp-image-7781\"\/><\/figure>\n<\/figure>\n\n\n\n<p><br><\/p>\n","protected":false},"excerpt":{"rendered":"<p>En la Asamblea Anual Ordinaria de Proca\u00f1a, se destac\u00f3 la importancia de la seguridad, la inversi\u00f3n social, la sostenibilidad y la innovaci\u00f3n como desaf\u00edos cruciales para el sector.&nbsp; Se exalt\u00f3 el papel de la ca\u00f1a de az\u00facar en 150 a\u00f1os de presencia en la regi\u00f3n como eje de desarrollo econ\u00f3mico, social y ambiental, la generaci\u00f3n [&hellip;]<\/p>\n","protected":false},"author":442,"featured_media":7788,"comment_status":"open","ping_status":"open","sticky":false,"template":"","format":"standard","meta":{"_et_pb_use_builder":"","_et_pb_old_content":"","_et_gb_content_width":"","footnotes":""},"categories":[9,10,1],"tags":[33,26,30,28,86],"class_list":["post-7707","post","type-post","status-publish","format-standard","has-post-thumbnail","hentry","category-revista","category-revista-principal","category-sin-categoria","tag-agricultores","tag-cana","tag-cana-de-azucar","tag-procana","tag-sostenibilidad"],"_links":{"self":[{"href":"https:\/\/procana.org\/site\/wp-json\/wp\/v2\/posts\/7707","targetHints":{"allow":["GET"]}}],"collection":[{"href":"https:\/\/procana.org\/site\/wp-json\/wp\/v2\/posts"}],"about":[{"href":"https:\/\/procana.org\/site\/wp-json\/wp\/v2\/types\/post"}],"author":[{"embeddable":true,"href":"https:\/\/procana.org\/site\/wp-json\/wp\/v2\/users\/442"}],"replies":[{"embeddable":true,"href":"https:\/\/procana.org\/site\/wp-json\/wp\/v2\/comments?post=7707"}],"version-history":[{"count":2,"href":"https:\/\/procana.org\/site\/wp-json\/wp\/v2\/posts\/7707\/revisions"}],"predecessor-version":[{"id":7787,"href":"https:\/\/procana.org\/site\/wp-json\/wp\/v2\/posts\/7707\/revisions\/7787"}],"wp:featuredmedia":[{"embeddable":true,"href":"https:\/\/procana.org\/site\/wp-json\/wp\/v2\/media\/7788"}],"wp:attachment":[{"href":"https:\/\/procana.org\/site\/wp-json\/wp\/v2\/media?parent=7707"}],"wp:term":[{"taxonomy":"category","embeddable":true,"href":"https:\/\/procana.org\/site\/wp-json\/wp\/v2\/categories?post=7707"},{"taxonomy":"post_tag","embeddable":true,"href":"https:\/\/procana.org\/site\/wp-json\/wp\/v2\/tags?post=7707"}],"curies":[{"name":"wp","href":"https:\/\/api.w.org\/{rel}","templated":true}]}}