{"id":7650,"date":"2024-06-18T09:53:31","date_gmt":"2024-06-18T14:53:31","guid":{"rendered":"https:\/\/procana.org\/site\/?p=7650"},"modified":"2024-08-27T11:00:05","modified_gmt":"2024-08-27T16:00:05","slug":"nota-economica-boletin-wabcg-4","status":"publish","type":"post","link":"https:\/\/procana.org\/site\/nota-economica-boletin-wabcg-4\/","title":{"rendered":"Nota Econ\u00f3mica | Bolet\u00edn WABCG"},"content":{"rendered":"\n<p>Lo invitamos a leer el bolet\u00edn escrito por la Asociaci\u00f3n Mundial de Cultivadores de Remolacha y Ca\u00f1a de Az\u00facar (WABCG por sus siglas en ingl\u00e9s).<\/p>\n\n\n\n<figure class=\"wp-block-image aligncenter size-large is-resized\"><img loading=\"lazy\" decoding=\"async\" width=\"656\" height=\"1024\" src=\"https:\/\/procana.org\/site\/wp-content\/uploads\/2024\/07\/NOTA-JUNIO-PROCANA-656x1024.png\" alt=\"\" class=\"wp-image-7653\" style=\"width:700px;height:auto\"\/><\/figure>\n","protected":false},"excerpt":{"rendered":"<p>Lo invitamos a leer el bolet\u00edn escrito por la Asociaci\u00f3n Mundial de Cultivadores de Remolacha y Ca\u00f1a de Az\u00facar (WABCG por sus siglas en ingl\u00e9s).<\/p>\n","protected":false},"author":442,"featured_media":0,"comment_status":"open","ping_status":"open","sticky":false,"template":"","format":"standard","meta":{"_et_pb_use_builder":"","_et_pb_old_content":"","_et_gb_content_width":"","footnotes":""},"categories":[1],"tags":[33,26,30,86],"class_list":["post-7650","post","type-post","status-publish","format-standard","hentry","category-sin-categoria","tag-agricultores","tag-cana","tag-cana-de-azucar","tag-sostenibilidad"],"_links":{"self":[{"href":"https:\/\/procana.org\/site\/wp-json\/wp\/v2\/posts\/7650","targetHints":{"allow":["GET"]}}],"collection":[{"href":"https:\/\/procana.org\/site\/wp-json\/wp\/v2\/posts"}],"about":[{"href":"https:\/\/procana.org\/site\/wp-json\/wp\/v2\/types\/post"}],"author":[{"embeddable":true,"href":"https:\/\/procana.org\/site\/wp-json\/wp\/v2\/users\/442"}],"replies":[{"embeddable":true,"href":"https:\/\/procana.org\/site\/wp-json\/wp\/v2\/comments?post=7650"}],"version-history":[{"count":3,"href":"https:\/\/procana.org\/site\/wp-json\/wp\/v2\/posts\/7650\/revisions"}],"predecessor-version":[{"id":7960,"href":"https:\/\/procana.org\/site\/wp-json\/wp\/v2\/posts\/7650\/revisions\/7960"}],"wp:attachment":[{"href":"https:\/\/procana.org\/site\/wp-json\/wp\/v2\/media?parent=7650"}],"wp:term":[{"taxonomy":"category","embeddable":true,"href":"https:\/\/procana.org\/site\/wp-json\/wp\/v2\/categories?post=7650"},{"taxonomy":"post_tag","embeddable":true,"href":"https:\/\/procana.org\/site\/wp-json\/wp\/v2\/tags?post=7650"}],"curies":[{"name":"wp","href":"https:\/\/api.w.org\/{rel}","templated":true}]}}