{"id":7570,"date":"2024-06-27T18:00:05","date_gmt":"2024-06-27T23:00:05","guid":{"rendered":"https:\/\/procana.org\/site\/?p=7570"},"modified":"2024-06-27T18:00:18","modified_gmt":"2024-06-27T23:00:18","slug":"impacto-en-la-transformacion-de-la-calidad-de-vida-de-los-habitantes-del-territorio-nacional","status":"publish","type":"post","link":"https:\/\/procana.org\/site\/impacto-en-la-transformacion-de-la-calidad-de-vida-de-los-habitantes-del-territorio-nacional\/","title":{"rendered":"La inversi\u00f3n social transforma la calidad de vida de las comunidades"},"content":{"rendered":"\n<p><strong>En las \u00faltimas d\u00e9cadas, Colombia ha experimentado significativos desaf\u00edos sociales y econ\u00f3micos que han afectado la calidad de vida de sus ciudadanos. La inversi\u00f3n social por parte de empresarios y el sector privado ha emergido como un factor crucial para mitigar estos problemas y promover el desarrollo sostenible.\u00a0<\/strong><\/p>\n\n\n\n<p>Desde PROCA\u00d1A destacamos EL COMPROMISO DEL SECTOR PRIVADO y su impacto en la transformaci\u00f3n de la calidad de vida de los habitantes del territorio nacional con especial \u00e9nfasis en el suroccidente colombiano que enfrenta desaf\u00edos que incluyen pobreza, desigualdad, falta de acceso a educaci\u00f3n y salud, conflictos inter\u00e9tnicos, sociales y violencia generalizada. Si bien el estado ha implementado pol\u00edticas para abordar estos problemas, los recursos p\u00fablicos son a menudo insuficientes para generar un cambio sustancial y duradero<strong>. <\/strong>Aqu\u00ed es donde entra en juego la inversi\u00f3n social del sector privado y la articulaci\u00f3n de esfuerzos de diversos actores.<\/p>\n\n\n\n<p><strong>La agroindustria de la ca\u00f1a adem\u00e1s de generar empleo permanente y de calidad en 5 departamentos y 50 municipios, ha liderado proyectos ambientales, sociales y de infraestructura durante varias d\u00e9cadas.<\/strong> Iniciativas que promueven la protecci\u00f3n del medio ambiente, reforestaci\u00f3n, conservaci\u00f3n de la biodiversidad, la adopci\u00f3n de pr\u00e1cticas sostenibles, programas de capacitaci\u00f3n y educaci\u00f3n, construcci\u00f3n y mejoramiento de viviendas, huertas familiares, circuitos cortos de comercializaci\u00f3n, mejoramiento de v\u00edas terciarias, fortalecimiento de habilidades blandas, entre otros, que benefician a las comunidades locales.<\/p>\n\n\n\n<p>Como ejemplo de lo anterior, PROCA\u00d1A y la Fundaci\u00f3n Caicedo Gonz\u00e1lez Riopaila Castilla trabajan desde el a\u00f1o 2022 en <strong>La Alianza ALDEAS<\/strong> que potencia el rol de la familia como protagonista de su desarrollo y como actor socio-econ\u00f3mico y cultural en las relaciones sociales.<\/p>\n\n\n\n<p>Mediante las <strong>HUERTAS FAMILIARES<\/strong> se han generado capacidades individuales y colectivas para la <strong>producci\u00f3n de alimentos que se destinan principalmente al autoconsumo,<\/strong> lo que ayuda a reducir el gasto que realizan los hogares rurales y urbanos en la adquisici\u00f3n de alimentos que llega a representar el 70% de los ingresos totales familiares.<\/p>\n\n\n\n<h3 class=\"wp-block-heading\">Huertas Familiares<\/h3>\n\n\n\n<p>Las <strong>HUERTAS FAMILIARES<\/strong> permite el involucramiento de todos los miembros de la familia, incentiva el inter\u00e9s de los ni\u00f1os y j\u00f3venes por el trabajo de la tierra, los adultos mayores con su experiencia nutren los espacios de formaci\u00f3n, las mujeres se empoderan en un ejercicio t\u00e9cnico y aportan a la econom\u00eda del hogar con la producci\u00f3n de alimentos saludables para sus familias.<\/p>\n\n\n\n<p>Durante el 2023 se establecieron <strong>1.628 huertas que integran 4.619 personas en 8 municipios y 66 veredas y corregimientos de Puerto Tejada, Corinto, Miranda y Guachen\u00e9 en el Norte del Cauca, y Florida, Pradera, Bugalagrande y Zarzal en el Valle del Cauca<\/strong>.<\/p>\n\n\n\n<p>Con la articulaci\u00f3n de diversos actores como el Programa Mundial de Alimentos, las Fundaciones Ayuda en Acci\u00f3n. WWB Colombia, Promigas, alcald\u00edas de Pradera, Florida, Miranda y Guachen\u00e9, cultivadores de ca\u00f1a, SENA, se ha producido m\u00e1s 3.041 toneladas de alimentos para autoconsumo, intercambio con una <strong>inversi\u00f3n de 1.647 millones de pesos<\/strong>.<\/p>\n\n\n\n<p>Esta alianza, integra y pone al servicio del desarrollo de la regi\u00f3n, las experiencias, capacidades, recursos y saberes de sus miembros y la capacidad de relacionamiento de los productores y proveedores de ca\u00f1a que colocan a las familias en el centro de la intervenci\u00f3n.<\/p>\n\n\n\n<p>Como este, hay muchos testimonios nos inspiran, las dificultades nos comprometen a construir nuevas alianzas y caminos que nos permitan adaptarnos a los cambios sociales en el territorio para avanzar en programas construidos a trav\u00e9s del consenso y el di\u00e1logo con las comunidades y los gobiernos locales y de esta forma lograr las transformaciones que se requieren para la estabilidad social. <strong>Seguro que podremos avanzar si fortalecemos los programas, las inversiones, pero sobre todo, uniendo las estrategias que hoy los empresarios, gremios y sector p\u00fablico adelantan por separado para generar mayor impacto.<\/strong><\/p>\n","protected":false},"excerpt":{"rendered":"<p>En las \u00faltimas d\u00e9cadas, Colombia ha experimentado significativos desaf\u00edos sociales y econ\u00f3micos que han afectado la calidad de vida de sus ciudadanos. La inversi\u00f3n social por parte de empresarios y el sector privado ha emergido como un factor crucial para mitigar estos problemas y promover el desarrollo sostenible.\u00a0 Desde PROCA\u00d1A destacamos EL COMPROMISO DEL SECTOR [&hellip;]<\/p>\n","protected":false},"author":442,"featured_media":7573,"comment_status":"open","ping_status":"open","sticky":false,"template":"","format":"standard","meta":{"_et_pb_use_builder":"","_et_pb_old_content":"","_et_gb_content_width":"","footnotes":""},"categories":[9,11],"tags":[33,26,30,28,86],"class_list":["post-7570","post","type-post","status-publish","format-standard","has-post-thumbnail","hentry","category-revista","category-revista-general","tag-agricultores","tag-cana","tag-cana-de-azucar","tag-procana","tag-sostenibilidad"],"_links":{"self":[{"href":"https:\/\/procana.org\/site\/wp-json\/wp\/v2\/posts\/7570","targetHints":{"allow":["GET"]}}],"collection":[{"href":"https:\/\/procana.org\/site\/wp-json\/wp\/v2\/posts"}],"about":[{"href":"https:\/\/procana.org\/site\/wp-json\/wp\/v2\/types\/post"}],"author":[{"embeddable":true,"href":"https:\/\/procana.org\/site\/wp-json\/wp\/v2\/users\/442"}],"replies":[{"embeddable":true,"href":"https:\/\/procana.org\/site\/wp-json\/wp\/v2\/comments?post=7570"}],"version-history":[{"count":1,"href":"https:\/\/procana.org\/site\/wp-json\/wp\/v2\/posts\/7570\/revisions"}],"predecessor-version":[{"id":7574,"href":"https:\/\/procana.org\/site\/wp-json\/wp\/v2\/posts\/7570\/revisions\/7574"}],"wp:featuredmedia":[{"embeddable":true,"href":"https:\/\/procana.org\/site\/wp-json\/wp\/v2\/media\/7573"}],"wp:attachment":[{"href":"https:\/\/procana.org\/site\/wp-json\/wp\/v2\/media?parent=7570"}],"wp:term":[{"taxonomy":"category","embeddable":true,"href":"https:\/\/procana.org\/site\/wp-json\/wp\/v2\/categories?post=7570"},{"taxonomy":"post_tag","embeddable":true,"href":"https:\/\/procana.org\/site\/wp-json\/wp\/v2\/tags?post=7570"}],"curies":[{"name":"wp","href":"https:\/\/api.w.org\/{rel}","templated":true}]}}