{"id":7529,"date":"2024-06-18T15:23:33","date_gmt":"2024-06-18T20:23:33","guid":{"rendered":"https:\/\/procana.org\/site\/?p=7529"},"modified":"2024-06-18T15:32:55","modified_gmt":"2024-06-18T20:32:55","slug":"de-la-mano-con-los-pequenos-productores","status":"publish","type":"post","link":"https:\/\/procana.org\/site\/de-la-mano-con-los-pequenos-productores\/","title":{"rendered":"De la mano con los peque\u00f1os productores"},"content":{"rendered":"\n<p>Germ\u00e1n, Marco Antonio y \u00d3scar son propietarios de peque\u00f1as unidades productivas y afiliados a Proca\u00f1a, una asociaci\u00f3n estrat\u00e9gica que garantiza que sus negocios prosperen a trav\u00e9s de programas especiales, asistencia especializada y orientaci\u00f3n continua.\u00a0<\/p>\n\n\n\n<p>Es importante destacar que somos una agremiaci\u00f3n que congrega a micro, peque\u00f1os, medianos y grandes productores que contribuyen al desarrollo de los territorios y a la sostenibilidad de la industria de la ca\u00f1a de az\u00facar.<\/p>\n\n\n\n<p><strong>En el 2005, Proca\u00f1a tom\u00f3 la decisi\u00f3n de vincular como afiliados a peque\u00f1os productores de menos de 10 ha de forma gratuita, conscientes de las necesidades de capacitaci\u00f3n de este grupo y del compromiso social del gremio que ejerce la representaci\u00f3n colectiva de los productores de la regi\u00f3n.<\/strong><\/p>\n\n\n\n<p>Por la ubicaci\u00f3n de sus predios y por vivir, la mayor\u00eda en municipios del Norte del Cauca, no ten\u00edan acceso a los diversos servicios de las entidades del sector, raz\u00f3n por la cual la Junta Directiva de Proca\u00f1a, lider\u00f3 la vinculaci\u00f3n de los peque\u00f1os productores para beneficiarse de todas las actividades sin ning\u00fan costo.<\/p>\n\n\n\n<p>Fue as\u00ed como iniciamos la descentralizaci\u00f3n de los programas de capacitaci\u00f3n y eventos para hacerlos directamente en los municipios. El presidente de la junta y el equipo de Proca\u00f1a nos desplaz\u00e1bamos a los territorios para entregar informaci\u00f3n y capacitaciones dise\u00f1adas especialmente para estos importantes afiliados.\u00a0 <\/p>\n\n\n\n<p>Los resultados fueron inmediatos, el compromiso y el inter\u00e9s de este grupo de agricultores, \u00e1vidos de conocimiento, y agradecidos por esta muestra de compromiso social de Proca\u00f1a, se convirtieron en promotores de nuevas pr\u00e1cticas que se aplicaban en sus peque\u00f1as parcelas.<\/p>\n\n\n\n<p>Desde el 2005 acuden sin falta a las Asambleas de Proca\u00f1a y con el tiempo hicimos d\u00edas de campo en sus fincas dise\u00f1ados a la medida y facilitamos su participaci\u00f3n en d\u00edas de campo en Cenica\u00f1a, en la Reserva Natural El Hatico y otros predios, y en seminarios y congresos que les permitieran interactuar y aprender otras pr\u00e1cticas.<\/p>\n\n\n\n<p>Durante el 2016, Proca\u00f1a los motiv\u00f3 a vincularse al Programa INTEGRA, para aplicar la Gu\u00eda de Ca\u00f1a Sostenible a sus procesos productivos.<\/p>\n\n\n\n<p>Proca\u00f1a ha dise\u00f1ado una log\u00edstica especial de transporte, alimentaci\u00f3n y comunicaciones para facilitarles hacer presencia sin costo en nuestros eventos, adem\u00e1s de tener acceso a nuestras publicaciones, plataforma web de informaci\u00f3n y consulta, asistencia t\u00e9cnica integral, seguros, cr\u00e9ditos, entre otros.<\/p>\n\n\n\n<p>Formar parte de Proca\u00f1a no solo permite a los cultivadores exponer sus experiencias en medios locales, regionales y nacionales, sino tambi\u00e9n abordar problem\u00e1ticas sociales para visibilizar los desaf\u00edos de su regi\u00f3n. A trav\u00e9s de estos medios de comunicaci\u00f3n, los peque\u00f1os productores tienen la oportunidad de destacar su contribuci\u00f3n al sector agr\u00edcola y a la econom\u00eda del pa\u00eds en general, lo que les otorga un mayor reconocimiento y respeto en la sociedad.<\/p>\n\n\n\n<p>Es esencial mantener la uni\u00f3n en torno a las entidades legalmente constituidas para avanzar con eficacia en medio de las dificultades. El inter\u00e9s com\u00fan nos une en un sector con m\u00e1s de 150 a\u00f1os de tradici\u00f3n, motiv\u00e1ndonos a mantener la cohesi\u00f3n y afrontar los desaf\u00edos juntos. La colaboraci\u00f3n entre productores micro, peque\u00f1os, mediados y grandes, respaldada por Proca\u00f1a, fortalece el sector de la ca\u00f1a y contribuye al desarrollo econ\u00f3mico y social del pa\u00eds.<\/p>\n\n\n\n<p>En s\u00edntesis, Proca\u00f1a desempe\u00f1a un papel fundamental para respaldar y fortalecer las capacidades y conocimiento de peque\u00f1os productores de ca\u00f1a de az\u00facar de Colombia. \u00a1Este es nuestro compromiso social con el sector y las comunidades!<\/p>\n\n\n\n<figure class=\"wp-block-gallery has-nested-images columns-default is-cropped wp-block-gallery-1 is-layout-flex wp-block-gallery-is-layout-flex\">\n<figure class=\"wp-block-image size-large\"><img loading=\"lazy\" decoding=\"async\" width=\"1024\" height=\"683\" data-id=\"7533\" src=\"https:\/\/procana.org\/site\/wp-content\/uploads\/2024\/06\/social-2-1-1024x683.jpg\" alt=\"\" class=\"wp-image-7533\"\/><\/figure>\n<\/figure>\n\n\n\n<p><span id=\"docs-internal-guid-8c27033f-7fff-ad8c-ee69-bd49b200efaf\"><p dir=\"ltr\" style=\"line-height:1.3800000000000001;text-align: justify;margin-top:0pt;margin-bottom:0pt;\"><\/p><\/span><\/p>\n\n\n\n<p><span id=\"docs-internal-guid-8c27033f-7fff-ad8c-ee69-bd49b200efaf\"><p dir=\"ltr\" style=\"line-height:1.3800000000000001;text-align: justify;margin-top:0pt;margin-bottom:0pt;\"><\/p><div><span style=\"font-size: 11pt; font-family: Montserrat, sans-serif; color: rgb(0, 0, 0); background-color: transparent; font-variant-numeric: normal; font-variant-east-asian: normal; font-variant-alternates: normal; font-variant-position: normal; vertical-align: baseline;\"><\/span><\/div><\/span><\/p>\n","protected":false},"excerpt":{"rendered":"<p>Germ\u00e1n, Marco Antonio y \u00d3scar son propietarios de peque\u00f1as unidades productivas y afiliados a Proca\u00f1a, una asociaci\u00f3n estrat\u00e9gica que garantiza que sus negocios prosperen a trav\u00e9s de programas especiales, asistencia especializada y orientaci\u00f3n continua.\u00a0 Es importante destacar que somos una agremiaci\u00f3n que congrega a micro, peque\u00f1os, medianos y grandes productores que contribuyen al desarrollo de [&hellip;]<\/p>\n","protected":false},"author":442,"featured_media":7534,"comment_status":"open","ping_status":"open","sticky":false,"template":"","format":"standard","meta":{"_et_pb_use_builder":"","_et_pb_old_content":"","_et_gb_content_width":"","footnotes":""},"categories":[9,10,1],"tags":[33,96,26,30,93,28],"class_list":["post-7529","post","type-post","status-publish","format-standard","has-post-thumbnail","hentry","category-revista","category-revista-principal","category-sin-categoria","tag-agricultores","tag-agroindustria-de-la-cana-agricultores-cana","tag-cana","tag-cana-de-azucar","tag-cultivadores","tag-procana"],"_links":{"self":[{"href":"https:\/\/procana.org\/site\/wp-json\/wp\/v2\/posts\/7529","targetHints":{"allow":["GET"]}}],"collection":[{"href":"https:\/\/procana.org\/site\/wp-json\/wp\/v2\/posts"}],"about":[{"href":"https:\/\/procana.org\/site\/wp-json\/wp\/v2\/types\/post"}],"author":[{"embeddable":true,"href":"https:\/\/procana.org\/site\/wp-json\/wp\/v2\/users\/442"}],"replies":[{"embeddable":true,"href":"https:\/\/procana.org\/site\/wp-json\/wp\/v2\/comments?post=7529"}],"version-history":[{"count":2,"href":"https:\/\/procana.org\/site\/wp-json\/wp\/v2\/posts\/7529\/revisions"}],"predecessor-version":[{"id":7536,"href":"https:\/\/procana.org\/site\/wp-json\/wp\/v2\/posts\/7529\/revisions\/7536"}],"wp:featuredmedia":[{"embeddable":true,"href":"https:\/\/procana.org\/site\/wp-json\/wp\/v2\/media\/7534"}],"wp:attachment":[{"href":"https:\/\/procana.org\/site\/wp-json\/wp\/v2\/media?parent=7529"}],"wp:term":[{"taxonomy":"category","embeddable":true,"href":"https:\/\/procana.org\/site\/wp-json\/wp\/v2\/categories?post=7529"},{"taxonomy":"post_tag","embeddable":true,"href":"https:\/\/procana.org\/site\/wp-json\/wp\/v2\/tags?post=7529"}],"curies":[{"name":"wp","href":"https:\/\/api.w.org\/{rel}","templated":true}]}}