{"id":7428,"date":"2024-05-16T17:06:58","date_gmt":"2024-05-16T22:06:58","guid":{"rendered":"https:\/\/procana.org\/site\/?p=7428"},"modified":"2024-05-16T17:07:10","modified_gmt":"2024-05-16T22:07:10","slug":"sembraton-de-procana","status":"publish","type":"post","link":"https:\/\/procana.org\/site\/sembraton-de-procana\/","title":{"rendered":"As\u00ed avanza nuestra Sembrat\u00f3n"},"content":{"rendered":"\n<figure class=\"wp-block-image aligncenter size-large is-resized\"><img loading=\"lazy\" decoding=\"async\" width=\"1024\" height=\"1024\" src=\"https:\/\/procana.org\/site\/wp-content\/uploads\/2024\/05\/Mesa-de-trabajo-1024x1024.png\" alt=\"\" class=\"wp-image-7429\" style=\"width:260px;height:auto\"\/><\/figure>\n\n\n\n<p>La Sembrat\u00f3n de Proca\u00f1a es una clara muestra de que cuando se trabaja por un mismo objetivo se logran resultados muy importantes. Esta iniciativa liderada por Adriana Guzm\u00e1n Maldonado, cultivadora de ca\u00f1a que hace parte de la junta directiva de Proca\u00f1a, naci\u00f3 en marzo del 2020 y se traz\u00f3 como meta a marzo del 2025 sembrar 10.000 \u00e1rboles nativos en los diferentes municipios en los que los afiliados tienen sus predios.<\/p>\n\n\n\n<p>A la fecha, gracias al esfuerzo y el trabajo en equipo de Proca\u00f1a junto con los agricultores de ca\u00f1a,&nbsp; las asociaciones de usuarios de r\u00edos, el Ej\u00e9rcito Nacional y Ecoaguas ha sido posible plantar 6.879 \u00e1rboles de diferentes especies.<\/p>\n\n\n\n<p>Durante el 2023 se realizaron cuatro jornadas de Sembrat\u00f3n distribuidas de la siguiente manera:<\/p>\n\n\n\n<ul class=\"wp-block-list\">\n<li><strong>150 \u00e1rboles:<\/strong> Hacienda Las Tinajas (Santander de Quilichao, Cauca). Marzo 8 de 2023<\/li>\n\n\n\n<li><strong>335 \u00e1rboles: <\/strong>Hacienda El Porvenir (Pradera, Valle). Marzo 10 de 2023<\/li>\n\n\n\n<li><strong>50 \u00e1rboles:<\/strong> Finca los Ranchos (Florida, Valle). Diciembre 07 de 2023<\/li>\n\n\n\n<li><strong>300 \u00e1rboles<\/strong>: Finca Mendiola (Corinto, Cauca). Diciembre 13 de 2023<\/li>\n<\/ul>\n\n\n\n<h3 class=\"wp-block-heading\"><strong>Beneficios de sembrar \u00e1rboles<\/strong><\/h3>\n\n\n\n<ul class=\"wp-block-list\">\n<li>Mitigan afectaciones del cambio clim\u00e1tico\u00a0<\/li>\n\n\n\n<li>Previenen la erosi\u00f3n del suelo<\/li>\n\n\n\n<li>Cortan el viento<\/li>\n\n\n\n<li>Proveen alimento para diferentes especies\u00a0<\/li>\n\n\n\n<li>Reducen la temperatura del aire<\/li>\n\n\n\n<li>Atraen especies animales que pueden ser beneficiosas para el cultivo\u00a0<\/li>\n\n\n\n<li>Brindan belleza paisaj\u00edstica<\/li>\n\n\n\n<li>Purifican el agua y filtran la lluvia a trav\u00e9s de sus ra\u00edces<\/li>\n\n\n\n<li>Regeneran los nutrientes del suelo<\/li>\n\n\n\n<li>Producen ox\u00edgeno<\/li>\n\n\n\n<li>Purifican el aire<\/li>\n<\/ul>\n\n\n\n<p>Proca\u00f1a invita a todos sus afiliados para que cada vez m\u00e1s se unan a este programa que promueve la sostenibilidad ambiental en nuestro sector por el cuidado de nuestra casa, el planeta tierra.\u00a0<\/p>\n\n\n\n<p><strong>Obtenga m\u00e1s informaci\u00f3n sobre c\u00f3mo se puede vincular comunic\u00e1ndose con Adriana Guzm\u00e1n Maldonado, l\u00edder del programa, al celular 317 4273202. Tambi\u00e9n se puede comunicar al correo servicios@procana.org o al 311 3678239<\/strong><\/p>\n","protected":false},"excerpt":{"rendered":"<p>La Sembrat\u00f3n de Proca\u00f1a es una clara muestra de que cuando se trabaja por un mismo objetivo se logran resultados muy importantes. Esta iniciativa liderada por Adriana Guzm\u00e1n Maldonado, cultivadora de ca\u00f1a que hace parte de la junta directiva de Proca\u00f1a, naci\u00f3 en marzo del 2020 y se traz\u00f3 como meta a marzo del 2025 [&hellip;]<\/p>\n","protected":false},"author":442,"featured_media":7430,"comment_status":"open","ping_status":"open","sticky":false,"template":"","format":"standard","meta":{"_et_pb_use_builder":"","_et_pb_old_content":"","_et_gb_content_width":"","footnotes":""},"categories":[9,11],"tags":[33,96,26,30,93,28,86],"class_list":["post-7428","post","type-post","status-publish","format-standard","has-post-thumbnail","hentry","category-revista","category-revista-general","tag-agricultores","tag-agroindustria-de-la-cana-agricultores-cana","tag-cana","tag-cana-de-azucar","tag-cultivadores","tag-procana","tag-sostenibilidad"],"_links":{"self":[{"href":"https:\/\/procana.org\/site\/wp-json\/wp\/v2\/posts\/7428","targetHints":{"allow":["GET"]}}],"collection":[{"href":"https:\/\/procana.org\/site\/wp-json\/wp\/v2\/posts"}],"about":[{"href":"https:\/\/procana.org\/site\/wp-json\/wp\/v2\/types\/post"}],"author":[{"embeddable":true,"href":"https:\/\/procana.org\/site\/wp-json\/wp\/v2\/users\/442"}],"replies":[{"embeddable":true,"href":"https:\/\/procana.org\/site\/wp-json\/wp\/v2\/comments?post=7428"}],"version-history":[{"count":1,"href":"https:\/\/procana.org\/site\/wp-json\/wp\/v2\/posts\/7428\/revisions"}],"predecessor-version":[{"id":7431,"href":"https:\/\/procana.org\/site\/wp-json\/wp\/v2\/posts\/7428\/revisions\/7431"}],"wp:featuredmedia":[{"embeddable":true,"href":"https:\/\/procana.org\/site\/wp-json\/wp\/v2\/media\/7430"}],"wp:attachment":[{"href":"https:\/\/procana.org\/site\/wp-json\/wp\/v2\/media?parent=7428"}],"wp:term":[{"taxonomy":"category","embeddable":true,"href":"https:\/\/procana.org\/site\/wp-json\/wp\/v2\/categories?post=7428"},{"taxonomy":"post_tag","embeddable":true,"href":"https:\/\/procana.org\/site\/wp-json\/wp\/v2\/tags?post=7428"}],"curies":[{"name":"wp","href":"https:\/\/api.w.org\/{rel}","templated":true}]}}