{"id":7235,"date":"2024-04-05T11:10:06","date_gmt":"2024-04-05T16:10:06","guid":{"rendered":"https:\/\/procana.org\/site\/?p=7235"},"modified":"2024-07-18T16:03:40","modified_gmt":"2024-07-18T21:03:40","slug":"metodologias-para-la-gestion-de-costos","status":"publish","type":"post","link":"https:\/\/procana.org\/site\/metodologias-para-la-gestion-de-costos\/","title":{"rendered":"Conozca la agenda de nuestro Seminario de Costos de Producci\u00f3n en Ca\u00f1a de Az\u00facar"},"content":{"rendered":"[et_pb_section admin_label=&#8221;section&#8221;]\n\t\t\t[et_pb_row admin_label=&#8221;row&#8221;]\n\t\t\t\t[et_pb_column type=&#8221;4_4&#8243;][et_pb_text admin_label=&#8221;Text&#8221;]\n<p>El adecuado control de los costos permite tomar decisiones estrat\u00e9gicas para garantizar la productividad, rentabilidad y sostenibilidad del negocio, por esta raz\u00f3n los cultivadores de ca\u00f1a deben fortalecer metodolog\u00edas de registro, control y an\u00e1lisis de costos al tiempo que aplican tecnolog\u00edas disponibles para la realizaci\u00f3n oportuna de las labores y el uso racional de los recursos.<\/p>\n\n\n\n<p>Proca\u00f1a lo invita a participar de este Seminario donde presentaremos herramientas y metodolog\u00edas para la gesti\u00f3n de costos, identificar aquellos rubros que pueden ser objeto de mejoramiento, analizar el costo beneficio de las inversiones en infraestructura que le permitan obtener mayor eficiencia en los procesos productivos.<\/p>\n\n\n\n<p><strong>Fecha:<\/strong> Mi\u00e9rcoles 10 de abril 2024<\/p>\n\n\n\n<p><strong>Lugar:<\/strong> Hotel Marriot Cali<\/p>\n\n\n\n<p><strong>Hora: <\/strong>7:30 a.m &#8211; 5:00 p.m<\/p>\n\n\n\n<h3 class=\"wp-block-heading\">Dirigido a: <\/h3>\n\n\n\n<p>Ca\u00f1icultores, empresarios del agro, administradores agr\u00edcolas, proveedores de servicios e insumos, centros de conocimiento, ingenios, inversionistas y en general a todos los interesados en temas de manejo de costos del cultivo de ca\u00f1a de az\u00facar.<\/p>\n\n\n\n<p><strong>A continuaci\u00f3n compartimos la agenda.&nbsp;<\/strong><\/p>\n\n\n\n<figure class=\"wp-block-image aligncenter size-large is-resized\"><img loading=\"lazy\" decoding=\"async\" width=\"581\" height=\"1024\" src=\"https:\/\/procana.org\/site\/wp-content\/uploads\/2024\/04\/MAILING-SEMINARIO-DE-COSTOS-AGENDA-2-581x1024.png\" alt=\"\" class=\"wp-image-7236\" style=\"width:570px;height:auto\"\/><\/figure>\n\n\n\n<h3 class=\"wp-block-heading\"><strong>Inscr\u00edbase aqu\u00ed:<\/strong><\/h3>\n\n\n\n<p><a href=\"https:\/\/bit.ly\/4bOt3jm\">https:\/\/bit.ly\/4bOt3jm<\/a><\/p>\n[\/et_pb_text][\/et_pb_column]\n\t\t\t[\/et_pb_row]\n\t\t[\/et_pb_section]","protected":false},"excerpt":{"rendered":"<p>Seminario de Costos de Producci\u00f3n en Ca\u00f1a de Az\u00facar <\/p>\n","protected":false},"author":1,"featured_media":5518,"comment_status":"open","ping_status":"open","sticky":false,"template":"","format":"standard","meta":{"_et_pb_use_builder":"on","_et_pb_old_content":"<!-- wp:paragraph -->\n<p>El adecuado control de los costos permite tomar decisiones estrat\u00e9gicas para garantizar la productividad, rentabilidad y sostenibilidad del negocio, por esta raz\u00f3n los cultivadores de ca\u00f1a deben fortalecer metodolog\u00edas de registro, control y an\u00e1lisis de costos al tiempo que aplican tecnolog\u00edas disponibles para la realizaci\u00f3n oportuna de las labores y el uso racional de los recursos.<\/p>\n<!-- \/wp:paragraph -->\n\n<!-- wp:paragraph -->\n<p>Proca\u00f1a lo invita a participar de este Seminario donde presentaremos herramientas y metodolog\u00edas para la gesti\u00f3n de costos, identificar aquellos rubros que pueden ser objeto de mejoramiento, analizar el costo beneficio de las inversiones en infraestructura que le permitan obtener mayor eficiencia en los procesos productivos.<\/p>\n<!-- \/wp:paragraph -->\n\n<!-- wp:paragraph -->\n<p><strong>Fecha:<\/strong> Mi\u00e9rcoles 10 de abril 2024<\/p>\n<!-- \/wp:paragraph -->\n\n<!-- wp:paragraph -->\n<p><strong>Lugar:<\/strong> Hotel Marriot Cali<\/p>\n<!-- \/wp:paragraph -->\n\n<!-- wp:paragraph -->\n<p><strong>Hora: <\/strong>7:30 a.m - 5:00 p.m<\/p>\n<!-- \/wp:paragraph -->\n\n<!-- wp:heading {\"level\":3} -->\n<h3 class=\"wp-block-heading\">Dirigido a: <\/h3>\n<!-- \/wp:heading -->\n\n<!-- wp:paragraph -->\n<p>Ca\u00f1icultores, empresarios del agro, administradores agr\u00edcolas, proveedores de servicios e insumos, centros de conocimiento, ingenios, inversionistas y en general a todos los interesados en temas de manejo de costos del cultivo de ca\u00f1a de az\u00facar.<\/p>\n<!-- \/wp:paragraph -->\n\n<!-- wp:paragraph -->\n<p><strong>A continuaci\u00f3n compartimos la agenda.&nbsp;<\/strong><\/p>\n<!-- \/wp:paragraph -->\n\n<!-- wp:image {\"id\":7236,\"width\":\"570px\",\"height\":\"auto\",\"sizeSlug\":\"large\",\"linkDestination\":\"none\",\"align\":\"center\"} -->\n<figure class=\"wp-block-image aligncenter size-large is-resized\"><img src=\"https:\/\/procana.org\/site\/wp-content\/uploads\/2024\/04\/MAILING-SEMINARIO-DE-COSTOS-AGENDA-2-581x1024.png\" alt=\"\" class=\"wp-image-7236\" style=\"width:570px;height:auto\"\/><\/figure>\n<!-- \/wp:image -->\n\n<!-- wp:heading {\"level\":3} -->\n<h3 class=\"wp-block-heading\"><strong>Inscr\u00edbase aqu\u00ed:<\/strong><\/h3>\n<!-- \/wp:heading -->\n\n<!-- wp:paragraph -->\n<p><a href=\"https:\/\/bit.ly\/4bOt3jm\">https:\/\/bit.ly\/4bOt3jm<\/a><\/p>\n<!-- \/wp:paragraph -->","_et_gb_content_width":"","footnotes":""},"categories":[4,6],"tags":[33,96,26,30,93,28,131,86],"class_list":["post-7235","post","type-post","status-publish","format-standard","has-post-thumbnail","hentry","category-noticias","category-noticias-en-general","tag-agricultores","tag-agroindustria-de-la-cana-agricultores-cana","tag-cana","tag-cana-de-azucar","tag-cultivadores","tag-procana","tag-seminario","tag-sostenibilidad"],"_links":{"self":[{"href":"https:\/\/procana.org\/site\/wp-json\/wp\/v2\/posts\/7235","targetHints":{"allow":["GET"]}}],"collection":[{"href":"https:\/\/procana.org\/site\/wp-json\/wp\/v2\/posts"}],"about":[{"href":"https:\/\/procana.org\/site\/wp-json\/wp\/v2\/types\/post"}],"author":[{"embeddable":true,"href":"https:\/\/procana.org\/site\/wp-json\/wp\/v2\/users\/1"}],"replies":[{"embeddable":true,"href":"https:\/\/procana.org\/site\/wp-json\/wp\/v2\/comments?post=7235"}],"version-history":[{"count":3,"href":"https:\/\/procana.org\/site\/wp-json\/wp\/v2\/posts\/7235\/revisions"}],"predecessor-version":[{"id":7800,"href":"https:\/\/procana.org\/site\/wp-json\/wp\/v2\/posts\/7235\/revisions\/7800"}],"wp:featuredmedia":[{"embeddable":true,"href":"https:\/\/procana.org\/site\/wp-json\/wp\/v2\/media\/5518"}],"wp:attachment":[{"href":"https:\/\/procana.org\/site\/wp-json\/wp\/v2\/media?parent=7235"}],"wp:term":[{"taxonomy":"category","embeddable":true,"href":"https:\/\/procana.org\/site\/wp-json\/wp\/v2\/categories?post=7235"},{"taxonomy":"post_tag","embeddable":true,"href":"https:\/\/procana.org\/site\/wp-json\/wp\/v2\/tags?post=7235"}],"curies":[{"name":"wp","href":"https:\/\/api.w.org\/{rel}","templated":true}]}}