{"id":7174,"date":"2024-03-22T14:48:49","date_gmt":"2024-03-22T19:48:49","guid":{"rendered":"https:\/\/procana.org\/site\/?p=7174"},"modified":"2024-03-27T10:49:57","modified_gmt":"2024-03-27T15:49:57","slug":"es-evidente-el-deterioro-significativo-de-los-indicadores-de-seguridad-a-nivel-nacional","status":"publish","type":"post","link":"https:\/\/procana.org\/site\/es-evidente-el-deterioro-significativo-de-los-indicadores-de-seguridad-a-nivel-nacional\/","title":{"rendered":"SEGURIDAD: LA GRAN PREOCUPACI\u00d3N DE LOS AGRICULTORES"},"content":{"rendered":"\n<p>Por: Martha Betancourt &#8211; Directora ejecutiva de Proca\u00f1a <\/p>\n\n\n\n<p class=\"has-text-align-center\"><em>El deterioro de la seguridad en Colombia est\u00e1 impactando negativamente a los agricultores y a la industria de la ca\u00f1a. Proca\u00f1a destaca la urgencia de garantizar la seguridad en los territorios para prevenir posibles crisis socioecon\u00f3micas. El sector est\u00e1 contribuyendo con el Fondo Social para apoyar el desarrollo de proyectos productivos en las comunidades afectadas.<\/em><\/p>\n\n\n\n<p>Es evidente el deterioro significativo de los indicadores de seguridad a nivel nacional, tanto en zonas urbanas como rurales; secuestros, extorsiones, robos, invasi\u00f3n de tierras, atentados contra la integridad y el derecho al trabajo en el campo, bloqueos a las carreteras, y otras conductas delictivas, que han alterado las condiciones de vida y bienestar.<\/p>\n\n\n\n<p>El departamento del Cauca es uno de los m\u00e1s azotados por la violencia, especialmente los municipios de Santander de Quilichao, Buenos Aires, Su\u00e1rez, Puerto Tejada, Caloto, Guachen\u00e9, Villarrica, Corinto, Miranda, Padilla, Jambal\u00f3, Cajib\u00edo, Caldono y Torib\u00edo, y en la mayor parte de ellos la ca\u00f1a de az\u00facar es fuente de empleo, fuente de ingresos para los municipios, a trav\u00e9s del pago de impuestos y desarrollo social de programas en salud, educaci\u00f3n, deporte y m\u00e1s.<\/p>\n\n\n\n<p>Desde el 2014 se vienen registrando invasiones a la propiedad privada<s> <\/s>agresiones al medio ambiente, quema de maquinaria, violaci\u00f3n de los derechos humanos de los trabajadores, situaci\u00f3n verdaderamente insostenible que deja a la fecha m\u00e1s de 5.000 hect\u00e1reas afectadas, 6 trabajadores asesinados, 15 heridos, 15 secuestrados y una serie de hechos violentos que enlutan y que dejan al norte del Cauca en una situaci\u00f3n muy complejo de orden p\u00fablico y crisis social, convirtiendo a este hermoso departamento en una regi\u00f3n donde la incertidumbre, disminuci\u00f3n de oportunidades, p\u00e9rdida de confianza para la inversi\u00f3n, han ido comprometiendo la viabilidad de los proyectos de vida de sus pobladores.<\/p>\n\n\n\n<p>En ese lapso de tiempo, Proca\u00f1a ha participado en m\u00e1s de 100 reuniones con ministros de defensa y la C\u00fapula Militar, as\u00ed como Ministros de Agricultura, Interior, Vicepresidentes de la Rep\u00fablica, de este y otros gobiernos, y \u00f3rganos de control, para analizar la situaci\u00f3n, proponer planes de acci\u00f3n para estabilizar el territorio, pero las soluciones efectivas no llegan.&nbsp;<\/p>\n\n\n\n<p>Tenemos que reconocer la presencia de la fuerza p\u00fablica, UNDMO, Polic\u00eda y Ej\u00e9rcito como tambi\u00e9n hay que entender que estos son procesos que deben ir m\u00e1s all\u00e1, al plano jur\u00eddico y constitucional, espacios de di\u00e1logo y respeto de los derechos de todos.<\/p>\n\n\n\n<p><strong><mark style=\"background-color:rgba(0, 0, 0, 0)\" class=\"has-inline-color has-black-color\">Mesa del Norte del Cauca<\/mark><\/strong><\/p>\n\n\n\n<p>Desde junio del 2022 se expidi\u00f3 la primera resoluci\u00f3n que cre\u00f3 la<strong> Mesa del Norte del Cauca<\/strong>, formalizada con la <strong>Resoluci\u00f3n 1691<\/strong> <strong>del 2022<\/strong> y a la que concurren la Vicepresidencia de la Rep\u00fablica y los Ministros de Defensa, del Interior, Ministerio de Agricultura, y sus entidades adscritas, la fiscal\u00eda, organismos internacionales como la Misi\u00f3n de Apoyo al Proceso de Paz en Colombia de la Organizaci\u00f3n de los Estados Americanos \u2013 Mapp OEA, representantes de los trabajadores, de los productores de ca\u00f1a, de los ingenios, entre otros.\u00a0 Ha sido un espacio de di\u00e1logo y el Gobierno ha hecho presencia, en algunos momentos se han tenido avances, pero lo cierto es que los predios siguen invadidos, las agresiones se mantienen y este a\u00f1o se ha bloqueado 5 veces la v\u00eda Panamericana, y tristemente en febrero otro trabajador fue herido.<\/p>\n\n\n\n<p>Los propietarios afectados han presentado <a href=\"https:\/\/procana.org\/site\/invasiones-de-tierras-en-valle-y-cauca-gremios-y-agricultores-con-mas-de-700-denuncias\/\">m\u00e1s de 700 denuncias ante la Fiscal\u00eda General de la Naci\u00f3n<\/a>, s\u00ed hay \u00f3rdenes de captura y capturados, s\u00ed hay algunos procesos de di\u00e1logo.<\/p>\n\n\n\n<p>Es tan compleja la situaci\u00f3n que otros gremios se han sumado, como los Comit\u00e9 Intergremial Empresarial del Valle, del Cauca, el Consejo Gremial Nacional \u2013 CGN, la Sociedad de Agricultores de Colombia SAC, que tambi\u00e9n conoce de la problem\u00e1tica de la regi\u00f3n y que han prendido las alarmas frente a la urgencia de que el <strong>ESTADO GARANTICE LA SEGURIDAD EN LOS TERRITORIOS,<\/strong> como mecanismo para evitar el recrudecimiento de la crisis social y econ\u00f3mica que termina afectando al sector agr\u00edcola y por ende la producci\u00f3n de alimentos.<\/p>\n\n\n\n<p>Proca\u00f1a ha sido reiterativo frente al Gobierno para que tome medidas inmediatas y efectivas, el Estado tiene la responsabilidad de restablecer el orden y por supuesto, restablecer tambi\u00e9n la estabilidad social que se ha creado en el territorio y que en el norte del Cauca es angustiante.\u00a0<\/p>\n\n\n\n<p><strong><mark style=\"background-color:rgba(0, 0, 0, 0)\" class=\"has-inline-color has-black-color\">Fondo Social<\/mark><\/strong><\/p>\n\n\n\n<p><strong>La comunidad cuenta con la agroindustria de la ca\u00f1a de az\u00facar, raz\u00f3n por la cual desde el 2019 se crea el fondo social con el que participamos en apuestas productivas, aportando recursos econ\u00f3micos y t\u00e9cnicos.<\/strong>\u00a0 El sector tiene muchos avances en\u00a0 tecnolog\u00eda, tambi\u00e9n podemos aportar conocimiento en materia de contrataci\u00f3n y comercializaci\u00f3n, la propuesta es promover diferentes alternativas donde todos los actores del territorio podamos participar en proyectos productivos para que las comunidades afectadas en sus territorios puedan desarrollarse y crecer.<\/p>\n\n\n\n<p>Si desea seguir leyendo,  <a href=\"https:\/\/procana.org\/site\/invasiones-de-tierras-en-valle-y-cauca-gremios-y-agricultores-con-mas-de-700-denuncias\/\">Invasiones de tierras en Valle y Cauca: gremios y agricultores con m\u00e1s de 700 denuncias<\/a><\/p>\n\n\n\n<p>Tambi\u00e9n le puede interesar  <a href=\"https:\/\/www.eltiempo.com\/colombia\/cali\/cali-gremios-discutieron-mecanismos-de-defensa-de-la-propiedad-privada-850733\">https:\/\/www.eltiempo.com\/colombia\/cali\/cali-gremios-discutieron-mecanismos-de-defensa-de-la-propiedad-privada-850733<\/a><\/p>\n\n\n\n<figure class=\"wp-block-embed is-type-video is-provider-youtube wp-block-embed-youtube wp-embed-aspect-16-9 wp-has-aspect-ratio\"><div class=\"wp-block-embed__wrapper\">\n<iframe loading=\"lazy\" title=\"#Marat\u00f3nSAC - La sostenibilidad social y ambiental entorno a la ca\u00f1a de az\u00facar\" width=\"1080\" height=\"608\" src=\"https:\/\/www.youtube.com\/embed\/Lt0qUZ0Pbqo?start=1097&#038;feature=oembed\"  allow=\"accelerometer; autoplay; clipboard-write; encrypted-media; gyroscope; picture-in-picture; web-share\" referrerpolicy=\"strict-origin-when-cross-origin\" allowfullscreen><\/iframe>\n<\/div><\/figure>\n","protected":false},"excerpt":{"rendered":"<p>Por: Martha Betancourt &#8211; Directora ejecutiva de Proca\u00f1a El deterioro de la seguridad en Colombia est\u00e1 impactando negativamente a los agricultores y a la industria de la ca\u00f1a. Proca\u00f1a destaca la urgencia de garantizar la seguridad en los territorios para prevenir posibles crisis socioecon\u00f3micas. El sector est\u00e1 contribuyendo con el Fondo Social para apoyar el [&hellip;]<\/p>\n","protected":false},"author":1,"featured_media":7175,"comment_status":"open","ping_status":"open","sticky":false,"template":"","format":"standard","meta":{"_et_pb_use_builder":"on","_et_pb_old_content":"<!-- wp:paragraph -->\n<p>Por: Martha Betancourt - Directora ejecutiva de Proca\u00f1a <\/p>\n<!-- \/wp:paragraph -->\n\n<!-- wp:paragraph -->\n<p> Es evidente el deterioro significativo de los indicadores de seguridad a nivel nacional, tanto en zonas urbanas como rurales; secuestros, extorsiones, robos, invasi\u00f3n de tierras, atentados contra la integridad y el derecho al trabajo en el campo, bloqueos a las carreteras, y otras conductas delictivas, que han alterado las condiciones de vida y bienestar.<\/p>\n<!-- \/wp:paragraph -->\n\n<!-- wp:paragraph -->\n<p>El departamento del Cauca es uno de los m\u00e1s azotados por la violencia, especialmente los municipios de Santander de Quilichao, Buenos Aires, Su\u00e1rez, Puerto Tejada, Caloto, Guachen\u00e9, Villarrica, Corinto, Miranda, Padilla, Jambal\u00f3, Cajib\u00edo, Caldono y Torib\u00edo, y en la mayor parte de ellos la ca\u00f1a de az\u00facar es fuente de empleo, fuente de ingresos para los municipios, a trav\u00e9s del pago de impuestos y desarrollo social de programas en salud, educaci\u00f3n, deporte y m\u00e1s.<\/p>\n<!-- \/wp:paragraph -->\n\n<!-- wp:paragraph -->\n<p>Desde el 2014 se vienen registrando invasiones a la propiedad privada<s> <\/s>agresiones al medio ambiente, quema de maquinaria, violaci\u00f3n de los derechos humanos de los trabajadores, situaci\u00f3n verdaderamente insostenible que deja a la fecha m\u00e1s de 5.000 hect\u00e1reas afectadas, 6 trabajadores asesinados, 15 heridos, 15 secuestrados y una serie de hechos violentos que enlutan y que dejan al norte del Cauca en una situaci\u00f3n muy complejo de orden p\u00fablico y crisis social, convirtiendo a este hermoso departamento en una regi\u00f3n donde la incertidumbre, disminuci\u00f3n de oportunidades, p\u00e9rdida de confianza para la inversi\u00f3n, han ido comprometiendo la viabilidad de los proyectos de vida de sus pobladores.<\/p>\n<!-- \/wp:paragraph -->\n\n<!-- wp:paragraph -->\n<p>En ese lapso de tiempo, Proca\u00f1a ha participado en m\u00e1s de 100 reuniones con ministros de defensa y la C\u00fapula Militar, as\u00ed como Ministros de Agricultura, Interior, Vicepresidentes de la Rep\u00fablica, de este y otros gobiernos, y \u00f3rganos de control, para analizar la situaci\u00f3n, proponer planes de acci\u00f3n para estabilizar el territorio, pero las soluciones efectivas no llegan.&nbsp;<\/p>\n<!-- \/wp:paragraph -->\n\n<!-- wp:paragraph -->\n<p>Tenemos que reconocer la presencia de la fuerza p\u00fablica, UNDMO, Polic\u00eda y Ej\u00e9rcito como tambi\u00e9n hay que entender que estos son procesos que deben ir m\u00e1s all\u00e1, al plano jur\u00eddico y constitucional, espacios de di\u00e1logo y respeto de los derechos de todos.<\/p>\n<!-- \/wp:paragraph -->\n\n<!-- wp:paragraph -->\n<p>Desde junio del 2022 se expidi\u00f3 la primera resoluci\u00f3n que cre\u00f3 la<strong> Mesa del Norte del Cauca<\/strong>, formalizada con la <strong>Resoluci\u00f3n 1691<\/strong> <strong>del 2022<\/strong> y a la que concurren la Vicepresidencia de la Rep\u00fablica y los Ministros de Defensa, del Interior, Ministerio de Agricultura, y sus entidades adscritas, la fiscal\u00eda, organismos internacionales como la Misi\u00f3n de Apoyo al Proceso de Paz en Colombia de la Organizaci\u00f3n de los Estados Americanos \u2013 Mapp OEA, representantes de los trabajadores, de los productores de ca\u00f1a, de los ingenios, entre otros.\u00a0 Ha sido un espacio de di\u00e1logo y el Gobierno ha hecho presencia, en algunos momentos se han tenido avances, pero lo cierto es que los predios siguen invadidos, las agresiones se mantienen y este a\u00f1o se ha bloqueado 5 veces la v\u00eda Panamericana, y tristemente en febrero otro trabajador fue herido.<\/p>\n<!-- \/wp:paragraph -->\n\n<!-- wp:paragraph -->\n<p>Los propietarios afectados han presentado m\u00e1s de 700 denuncias ante la Fiscal\u00eda General de la Naci\u00f3n, s\u00ed hay \u00f3rdenes de captura y capturados, s\u00ed hay algunos procesos de di\u00e1logo.<\/p>\n<!-- \/wp:paragraph -->\n\n<!-- wp:paragraph -->\n<p>Es tan compleja la situaci\u00f3n que otros gremios se han sumado, como los Comit\u00e9 Intergremial Empresarial del Valle, del Cauca, el Consejo Gremial Nacional \u2013 CGN, la Sociedad de Agricultores de Colombia SAC, que tambi\u00e9n conoce de la problem\u00e1tica de la regi\u00f3n y que han prendido las alarmas frente a la urgencia de que el <strong>ESTADO GARANTICE LA SEGURIDAD EN LOS TERRITORIOS,<\/strong> como mecanismo para evitar el recrudecimiento de la crisis social y econ\u00f3mica que termina afectando al sector agr\u00edcola y por ende la producci\u00f3n de alimentos.<\/p>\n<!-- \/wp:paragraph -->\n\n<!-- wp:paragraph -->\n<p>Proca\u00f1a ha sido reiterativo frente al Gobierno para que tome medidas inmediatas y efectivas, el Estado tiene la responsabilidad de restablecer el orden y por supuesto, restablecer tambi\u00e9n la estabilidad social que se ha creado en el territorio y que en el norte del Cauca es angustiante.\u00a0<\/p>\n<!-- \/wp:paragraph -->\n\n<!-- wp:paragraph -->\n<p><strong>La comunidad cuenta con la agroindustria de la ca\u00f1a de az\u00facar, raz\u00f3n por la cual desde el 2019 se crea el fondo social con el que participamos en apuestas productivas, aportando recursos econ\u00f3micos y t\u00e9cnicos.<\/strong>\u00a0 El sector tiene muchos avances en\u00a0 tecnolog\u00eda, tambi\u00e9n podemos aportar conocimiento en materia de contrataci\u00f3n y comercializaci\u00f3n, la propuesta es promover diferentes alternativas donde todos los actores del territorio podamos participar en proyectos productivos para que las comunidades afectadas en sus territorios puedan desarrollarse y crecer.<\/p>\n<!-- \/wp:paragraph -->","_et_gb_content_width":"","footnotes":""},"categories":[9,10,1],"tags":[33,26,30,28],"class_list":["post-7174","post","type-post","status-publish","format-standard","has-post-thumbnail","hentry","category-revista","category-revista-principal","category-sin-categoria","tag-agricultores","tag-cana","tag-cana-de-azucar","tag-procana"],"_links":{"self":[{"href":"https:\/\/procana.org\/site\/wp-json\/wp\/v2\/posts\/7174","targetHints":{"allow":["GET"]}}],"collection":[{"href":"https:\/\/procana.org\/site\/wp-json\/wp\/v2\/posts"}],"about":[{"href":"https:\/\/procana.org\/site\/wp-json\/wp\/v2\/types\/post"}],"author":[{"embeddable":true,"href":"https:\/\/procana.org\/site\/wp-json\/wp\/v2\/users\/1"}],"replies":[{"embeddable":true,"href":"https:\/\/procana.org\/site\/wp-json\/wp\/v2\/comments?post=7174"}],"version-history":[{"count":7,"href":"https:\/\/procana.org\/site\/wp-json\/wp\/v2\/posts\/7174\/revisions"}],"predecessor-version":[{"id":7194,"href":"https:\/\/procana.org\/site\/wp-json\/wp\/v2\/posts\/7174\/revisions\/7194"}],"wp:featuredmedia":[{"embeddable":true,"href":"https:\/\/procana.org\/site\/wp-json\/wp\/v2\/media\/7175"}],"wp:attachment":[{"href":"https:\/\/procana.org\/site\/wp-json\/wp\/v2\/media?parent=7174"}],"wp:term":[{"taxonomy":"category","embeddable":true,"href":"https:\/\/procana.org\/site\/wp-json\/wp\/v2\/categories?post=7174"},{"taxonomy":"post_tag","embeddable":true,"href":"https:\/\/procana.org\/site\/wp-json\/wp\/v2\/tags?post=7174"}],"curies":[{"name":"wp","href":"https:\/\/api.w.org\/{rel}","templated":true}]}}