{"id":7121,"date":"2024-03-07T15:09:55","date_gmt":"2024-03-07T20:09:55","guid":{"rendered":"https:\/\/procana.org\/site\/?p=7121"},"modified":"2024-03-27T10:53:19","modified_gmt":"2024-03-27T15:53:19","slug":"en-procana-a-los-pequenos-agricultores-les-brindan-el-mismo-trato-que-le-dan-a-los-grandes-agricultores","status":"publish","type":"post","link":"https:\/\/procana.org\/site\/en-procana-a-los-pequenos-agricultores-les-brindan-el-mismo-trato-que-le-dan-a-los-grandes-agricultores\/","title":{"rendered":"Peque\u00f1os agricultores con grandes historias."},"content":{"rendered":"\n<p><strong>Villarrica, fundado en 1936, se encuentra ubicado al norte del departamento del Cauca y a pesar de la coyuntura de seguridad, es un lugar lleno de gente pujante, trabajadora, honesta y preocupada por su desarrollo y bienestar, como el protagonista de esta historia.<\/strong><\/p>\n\n\n\n<p><strong>Marco Carabal\u00ed, es un hombre que ha dedicado su vida entera a trabajar en el sector de la agroindustria de la ca\u00f1a<\/strong>, lo que le permiti\u00f3 sacar adelante a su familia, obtener su vivienda propia y con el tiempo, adquirir una peque\u00f1a parcela para cultivar.<\/p>\n\n\n\n<p>Ten\u00eda solo 16 a\u00f1os cuando por un accidente de su padre, Marco en su af\u00e1n de colaborar en casa y ayudar a su familia, decidi\u00f3 reemplazarlo en el trabajo donde estuvo desempe\u00f1ando labores de cosecha, corte y alce de ca\u00f1a. Al principio esto era una labor temporal, pero pasaron 40 a\u00f1os en los que fue testigo de la evoluci\u00f3n tecnol\u00f3gica del sector, pues en sus \u00faltimos a\u00f1os como empleado, tambi\u00e9n logr\u00f3 desempe\u00f1ar tareas de alce mec\u00e1nico.<\/p>\n\n\n\n<p>\u00c9l es uno de los peque\u00f1os agricultores que conforman este dulce sector, lleva m\u00e1s de 15 a\u00f1os afiliado a Proca\u00f1a, y se destaca en \u00e9l las ganas de ver cada d\u00eda m\u00e1s fortalecida esta agroindustria que trabaja en la implementaci\u00f3n de pr\u00e1cticas cada vez m\u00e1s sostenibles y que genera miles de empleos, bienestar y sustento a comunidades.<\/p>\n\n\n\n<p><strong>\u201cEstar afiliado a Proca\u00f1a desde hace m\u00e1s de 15 a\u00f1os ha sido muy bueno para crecer como cultivador, pues he aprendido sobre el manejo adecuado que se le debe dar al cultivo de ca\u00f1a, sobre implementaci\u00f3n de pr\u00e1cticas sostenibles en pro del cuidado del medio ambiente, identificaci\u00f3n y manejo de plagas, entre otros temas\u201d, resalt\u00f3 Carabal\u00ed.<\/strong><\/p>\n\n\n\n<p><strong>De igual manera, Marco destac\u00f3 que \u201cen Proca\u00f1a a los peque\u00f1os agricultores les brindan el mismo trato que le dan a los grandes agricultores\u201d<\/strong>, y es esa una de las cosas que lo hacen sentir m\u00e1s orgulloso y enamorado de pertenecer a un gremio que est\u00e1 en constante actualizaci\u00f3n y siempre est\u00e1 pendiente de sus afiliados.<\/p>\n\n\n\n<p>Por otro lado, el agricultor ve con preocupaci\u00f3n c\u00f3mo se generan ciertos estigmas sobre el sector que son falsos, como por ejemplo que todos los cultivos de ca\u00f1a son de grandes propietarios, comentarios que tal vez llegan por el desconocimiento de las personas, pero que hacen mucho da\u00f1o, porque la realidad es otra, ya que el 65% de la tierra cultivada en ca\u00f1a hace parte de peque\u00f1os agricultores que como \u00e9l trabajan, viven y dependen de sus cultivos.<\/p>\n\n\n\n<p>Marco hace un llamado al estado para que promueva programas que motiven a los j\u00f3venes colombianos a no perder el contacto con la tierra entre las que se incluyan capacitaciones que les brinden los conocimientos necesarios para la producci\u00f3n, tenencia y mantenimiento de la tierra.<\/p>\n\n\n\n<p>\u201cPues solo de esta forma se podr\u00e1 atraer el talento de los miles de j\u00f3venes que hoy en d\u00eda se van a la ciudad\u201d, para que vuelvan a amar el campo tal y como lo hicieron en alg\u00fan momento las generaciones pasadas, porque en este dulce sector se requiere de ideas cada vez m\u00e1s innovadoras y frescas que ayuden a llevar un mensaje de reconciliaci\u00f3n, sostenibilidad, uni\u00f3n, armon\u00eda y progreso a las comunidades, porque aqu\u00ed somos mucho m\u00e1s que az\u00facar.&nbsp;<\/p>\n","protected":false},"excerpt":{"rendered":"<p>Villarrica, fundado en 1936, se encuentra ubicado al norte del departamento del Cauca y a pesar de la coyuntura de seguridad, es un lugar lleno de gente pujante, trabajadora, honesta y preocupada por su desarrollo y bienestar, como el protagonista de esta historia. Marco Carabal\u00ed, es un hombre que ha dedicado su vida entera a [&hellip;]<\/p>\n","protected":false},"author":1,"featured_media":7122,"comment_status":"open","ping_status":"open","sticky":false,"template":"","format":"standard","meta":{"_et_pb_use_builder":"","_et_pb_old_content":"","_et_gb_content_width":"","footnotes":""},"categories":[9,11],"tags":[33,96,26,30,93,128,87,28,127,124,86],"class_list":["post-7121","post","type-post","status-publish","format-standard","has-post-thumbnail","hentry","category-revista","category-revista-general","tag-agricultores","tag-agroindustria-de-la-cana-agricultores-cana","tag-cana","tag-cana-de-azucar","tag-cultivadores","tag-cultivadores-cana-de-azucar","tag-guia-de-cana-sostenible","tag-procana","tag-sector-cana-de-azucar","tag-seguridad","tag-sostenibilidad"],"_links":{"self":[{"href":"https:\/\/procana.org\/site\/wp-json\/wp\/v2\/posts\/7121","targetHints":{"allow":["GET"]}}],"collection":[{"href":"https:\/\/procana.org\/site\/wp-json\/wp\/v2\/posts"}],"about":[{"href":"https:\/\/procana.org\/site\/wp-json\/wp\/v2\/types\/post"}],"author":[{"embeddable":true,"href":"https:\/\/procana.org\/site\/wp-json\/wp\/v2\/users\/1"}],"replies":[{"embeddable":true,"href":"https:\/\/procana.org\/site\/wp-json\/wp\/v2\/comments?post=7121"}],"version-history":[{"count":2,"href":"https:\/\/procana.org\/site\/wp-json\/wp\/v2\/posts\/7121\/revisions"}],"predecessor-version":[{"id":7129,"href":"https:\/\/procana.org\/site\/wp-json\/wp\/v2\/posts\/7121\/revisions\/7129"}],"wp:featuredmedia":[{"embeddable":true,"href":"https:\/\/procana.org\/site\/wp-json\/wp\/v2\/media\/7122"}],"wp:attachment":[{"href":"https:\/\/procana.org\/site\/wp-json\/wp\/v2\/media?parent=7121"}],"wp:term":[{"taxonomy":"category","embeddable":true,"href":"https:\/\/procana.org\/site\/wp-json\/wp\/v2\/categories?post=7121"},{"taxonomy":"post_tag","embeddable":true,"href":"https:\/\/procana.org\/site\/wp-json\/wp\/v2\/tags?post=7121"}],"curies":[{"name":"wp","href":"https:\/\/api.w.org\/{rel}","templated":true}]}}