{"id":7101,"date":"2024-02-29T16:52:25","date_gmt":"2024-02-29T21:52:25","guid":{"rendered":"https:\/\/procana.org\/site\/?p=7101"},"modified":"2024-02-29T17:23:13","modified_gmt":"2024-02-29T22:23:13","slug":"estrategia-de-cvc-por-un-campo-mas-sostenible","status":"publish","type":"post","link":"https:\/\/procana.org\/site\/estrategia-de-cvc-por-un-campo-mas-sostenible\/","title":{"rendered":"Estrategia de CVC por un campo m\u00e1s sostenible"},"content":{"rendered":"\n<p>Por: Corporaci\u00f3n Aut\u00f3noma Regional del Valle del Cauca CVC<\/p>\n\n\n\n<p><strong>La CVC viene aplicando una metodolog\u00eda denominada CAMBIAR que cuenta con diez l\u00edneas estrat\u00e9gicas con resultados reconocidos como ejemplos en el pa\u00eds; donde se prioriza el contacto con la gente, mediante soluciones sencillas y de gran impacto.<\/strong><\/p>\n\n\n\n<p>Una de ella es \u2018Por un campo m\u00e1s Sostenible\u2019, en la cual se implementan acciones de adaptaci\u00f3n y mitigaci\u00f3n al cambio clim\u00e1tico, orientadas a la disminuci\u00f3n del deterioro de los recursos naturales, causado por el reiterativo uso de pr\u00e1cticas productivas inadecuadas, llevadas a cabo en el sector agropecuario y agroindustrial de la regi\u00f3n.&nbsp;<\/p>\n\n\n\n<p>Naci\u00f3 en el a\u00f1o 2020 como respuesta a la pandemia, por ello uno de los componentes es el proyecto de seguridad alimentaria que ha beneficiado a 6.500 familias de peque\u00f1os productores rurales del Valle del Cauca, con la formaci\u00f3n en pr\u00e1cticas de producci\u00f3n agroecol\u00f3gica y el fortalecimiento de sus huertos agroalimentarios, a trav\u00e9s de la entrega de insumos y semillas para la producci\u00f3n limpia.<\/p>\n\n\n\n<p>Igualmente, se han implementado acciones de Reconversi\u00f3n Productiva en 510 Ha, de las cuales 90 Ha son en \u00e1reas protegidas, con el establecimiento de biof\u00e1bricas, donde los productores elaboran abonos org\u00e1nicos para el manejo agroecol\u00f3gico de sus cultivos; sistemas de tratamiento de aguas mieles del cultivo del caf\u00e9, sistemas silvopastoriles, biodigestores, ubicados en predios con actividad porc\u00edcola; entre otras alternativas tecnol\u00f3gicas que favorecen la disminuci\u00f3n de la contaminaci\u00f3n y degradaci\u00f3n del suelo, el agua y la biodiversidad.<\/p>\n\n\n\n<p>Se resalta el importante inter\u00e9s en la adopci\u00f3n de pr\u00e1cticas sostenibles en el sector agroindustrial, por parte de ca\u00f1icultores ubicados en el pol\u00edgono RAMSAR, generando alternativas al uso de fertilizantes de s\u00edntesis qu\u00edmica, aumentando la cobertura vegetal del suelo, fortaleciendo corredores biol\u00f3gicos y racionalizando el uso del recurso h\u00eddrico utilizado en los cultivos de ca\u00f1a de az\u00facar, impactando positivamente en 56 Ha entorno de la Laguna de Sonso y su \u00e1rea de influencia, territorio de gran valor ambiental reconocido internacionalmente.<\/p>\n\n\n\n<p>\u2018Por un Campo m\u00e1s Sostenible\u2019, incluye la implementaci\u00f3n de acciones de producci\u00f3n sostenible en 34 instituciones educativas agropecuarias de 28 municipios del departamento, por medio de articulaci\u00f3n de jornadas de educaci\u00f3n ambiental para el cuidado de los recursos suelo y agua, beneficiando a 19.947 estudiantes.<\/p>\n\n\n\n<p>La CVC en alianza con la Red de Mercados Agroecol\u00f3gicos del Valle del Cauca apoya 25 mercados, ubicados en 20 municipios del departamento, en los que participan m\u00e1s de 300 productores agropecuarios. Los Negocios Verdes son aliados en el territorio para la producci\u00f3n y consumo sostenible en la regi\u00f3n, dado que cumplen criterios ambientales, sociales y econ\u00f3micos, con producci\u00f3n m\u00e1s limpia (PML), transformaci\u00f3n con buenas pr\u00e1cticas de manufactura (BPM), y comercializaci\u00f3n sin intermediarios.<\/p>\n\n\n\n<p><strong>La CVC es l\u00edder en el \u00e1mbito nacional en el apoyo a 245 registrados Negocios Verdes, evaluados por la ventanilla regional.&nbsp;<\/strong><\/p>\n\n\n\n<p>De esta manera, la estrategia en todos sus componentes contribuye al cambio de percepci\u00f3n sobre la importancia de realizar una adecuada gesti\u00f3n de los recursos naturales y de su influencia directa en la sostenibilidad de los sistemas agroalimentarios y agroindustriales del Valle del Cauca.&nbsp;<\/p>\n","protected":false},"excerpt":{"rendered":"<p>Por: Corporaci\u00f3n Aut\u00f3noma Regional del Valle del Cauca CVC La CVC viene aplicando una metodolog\u00eda denominada CAMBIAR que cuenta con diez l\u00edneas estrat\u00e9gicas con resultados reconocidos como ejemplos en el pa\u00eds; donde se prioriza el contacto con la gente, mediante soluciones sencillas y de gran impacto. Una de ella es \u2018Por un campo m\u00e1s Sostenible\u2019, [&hellip;]<\/p>\n","protected":false},"author":1,"featured_media":7102,"comment_status":"open","ping_status":"open","sticky":false,"template":"","format":"standard","meta":{"_et_pb_use_builder":"","_et_pb_old_content":"","_et_gb_content_width":"","footnotes":""},"categories":[9,10,1],"tags":[33,26,30,93,28,86],"class_list":["post-7101","post","type-post","status-publish","format-standard","has-post-thumbnail","hentry","category-revista","category-revista-principal","category-sin-categoria","tag-agricultores","tag-cana","tag-cana-de-azucar","tag-cultivadores","tag-procana","tag-sostenibilidad"],"_links":{"self":[{"href":"https:\/\/procana.org\/site\/wp-json\/wp\/v2\/posts\/7101","targetHints":{"allow":["GET"]}}],"collection":[{"href":"https:\/\/procana.org\/site\/wp-json\/wp\/v2\/posts"}],"about":[{"href":"https:\/\/procana.org\/site\/wp-json\/wp\/v2\/types\/post"}],"author":[{"embeddable":true,"href":"https:\/\/procana.org\/site\/wp-json\/wp\/v2\/users\/1"}],"replies":[{"embeddable":true,"href":"https:\/\/procana.org\/site\/wp-json\/wp\/v2\/comments?post=7101"}],"version-history":[{"count":2,"href":"https:\/\/procana.org\/site\/wp-json\/wp\/v2\/posts\/7101\/revisions"}],"predecessor-version":[{"id":7106,"href":"https:\/\/procana.org\/site\/wp-json\/wp\/v2\/posts\/7101\/revisions\/7106"}],"wp:featuredmedia":[{"embeddable":true,"href":"https:\/\/procana.org\/site\/wp-json\/wp\/v2\/media\/7102"}],"wp:attachment":[{"href":"https:\/\/procana.org\/site\/wp-json\/wp\/v2\/media?parent=7101"}],"wp:term":[{"taxonomy":"category","embeddable":true,"href":"https:\/\/procana.org\/site\/wp-json\/wp\/v2\/categories?post=7101"},{"taxonomy":"post_tag","embeddable":true,"href":"https:\/\/procana.org\/site\/wp-json\/wp\/v2\/tags?post=7101"}],"curies":[{"name":"wp","href":"https:\/\/api.w.org\/{rel}","templated":true}]}}