{"id":7050,"date":"2024-02-15T10:36:16","date_gmt":"2024-02-15T15:36:16","guid":{"rendered":"https:\/\/procana.org\/site\/?p=7050"},"modified":"2024-02-15T10:39:52","modified_gmt":"2024-02-15T15:39:52","slug":"cenicana-se-viste-con-una-nueva-imagen","status":"publish","type":"post","link":"https:\/\/procana.org\/site\/cenicana-se-viste-con-una-nueva-imagen\/","title":{"rendered":"La evoluci\u00f3n de nuestra imagen"},"content":{"rendered":"\n<p>Por: Freddy Garc\u00e9s Obando &#8211; Director general de Cenica\u00f1a <\/p>\n\n\n\n<p><strong>Desde el pasado mes de septiembre Cenica\u00f1a se viste con una nueva imagen, fruto de un proceso de transformaci\u00f3n con el prop\u00f3sito de liderar la evoluci\u00f3n sostenible de la agroindustria de la ca\u00f1a de az\u00facar en Colombia.<\/strong><\/p>\n\n\n\n<p>Este proceso incluy\u00f3 redefinir su misi\u00f3n y visi\u00f3n, con estricta fidelidad al esp\u00edritu de sus fundadores y a los intereses del sector; y una nueva perspectiva sobre la evoluci\u00f3n de los cultivos, la industria, su conocimiento y el de los territorios.<\/p>\n\n\n\n<p><strong>Estos cambios trajeron consigo una nueva identidad; una nueva imagen que toma parte de su historia y la proyecta para enfrentar los desaf\u00edos de la agroindustria y el pa\u00eds para el presente y el futuro.<\/strong> Al logotipo se suman la energ\u00eda del violeta y de un verde vibrante, que no s\u00f3lo hacen referencia a la naturaleza sino a la tecnolog\u00eda, y crean una mezcla que se presenta de una manera diferente y potente a sus p\u00fablicos.<\/p>\n\n\n\n<p>Esta renovaci\u00f3n es uno de los componentes de la estrategia de comunicaciones que acompa\u00f1ar\u00e1 los lineamientos del Centro de Investigaci\u00f3n para los pr\u00f3ximos a\u00f1os. Nos proponemos darle una nueva cara a nuestras historias, logros y avances de investigaci\u00f3n, porque reconocemos que el conocimiento es uno de los activos m\u00e1s valioso de la agroindustria.<\/p>\n\n\n\n<p><strong>Hoy Cenica\u00f1a adopta una personalidad creativa y humana para destacar el valor que el conocimiento aporta a las vidas, los negocios, el pa\u00eds y el mundo.<\/strong><\/p>\n\n\n\n<p>Para despedir a la imagen que nos acompa\u00f1\u00f3 durante 45 a\u00f1os hicimos una selecci\u00f3n testimonial en formato audiovisual de exdirectivos que impulsaron este modelo de desarrollo institucional, con el aporte voluntario de un porcentaje de las ventas de cultivadores e ingenios para invertirlos en CTeI a trav\u00e9s, de Cenica\u00f1a.&nbsp;<\/p>\n\n\n\n<p>Ese modelo le ha apostado a incrementar la productividad y la eficiencia de los procesos, integrando personas, m\u00e1quinas e informaci\u00f3n para tomar decisiones basadas en conocimiento. As\u00ed, a trav\u00e9s de los a\u00f1os la agroindustria ha duplicado su productividad y ha reducido el consumo de recursos tan valiosos como el agua.<\/p>\n\n\n\n<p>Confiamos que con esta nueva imagen podamos acercarnos m\u00e1s a las nuevas generaciones para guiarlos en el universo de posibilidades que ofrece la ca\u00f1a de az\u00facar y la agroindustria.<\/p>\n\n\n\n<h3 class=\"wp-block-heading\"><strong>Nuevas generaciones cenica\u00f1eras\u00a0<\/strong><\/h3>\n\n\n\n<p>Con un nuevo modelo de desarrollo institucional para la investigaci\u00f3n implementado desde hace m\u00e1s de cuatro d\u00e9cadas, Cenica\u00f1a se ha convertido en una organizaci\u00f3n con posibilidades cient\u00edficas e innovadoras que permiten ser un referente a otras regiones y gremios de la producci\u00f3n.<\/p>\n\n\n\n<p>Los que hicieron parte de la fundaci\u00f3n de Cenica\u00f1a dejan aqu\u00ed registrado la entrega de un legado a las nuevas generaciones cenica\u00f1eras, las cuales al ser parte de este gran proyecto se comprometen a seguir trabajando por una agroindustria de la ca\u00f1a cada vez m\u00e1s productiva y sostenible.<\/p>\n\n\n\n<h3 class=\"wp-block-heading\"><strong>Cenica\u00f1a fue reconocida como la organizaci\u00f3n del a\u00f1o<\/strong><\/h3>\n\n\n\n<p>Cenica\u00f1a le suma a sus reconocimientos el Premio MasterCana edici\u00f3n 2023 en la categor\u00eda <strong>Organizaci\u00f3n del A\u00f1o<\/strong>.\u00a0 El Mastercana es sin\u00f3nimo de excelencia para todo aquel que trabaja en el sector de la bioenerg\u00eda y un orgullo nacional para el sector agroindustrial de la ca\u00f1a de az\u00facar.<\/p>\n","protected":false},"excerpt":{"rendered":"<p>Por: Freddy Garc\u00e9s Obando &#8211; Director general de Cenica\u00f1a Desde el pasado mes de septiembre Cenica\u00f1a se viste con una nueva imagen, fruto de un proceso de transformaci\u00f3n con el prop\u00f3sito de liderar la evoluci\u00f3n sostenible de la agroindustria de la ca\u00f1a de az\u00facar en Colombia. Este proceso incluy\u00f3 redefinir su misi\u00f3n y visi\u00f3n, con [&hellip;]<\/p>\n","protected":false},"author":442,"featured_media":7051,"comment_status":"open","ping_status":"open","sticky":false,"template":"","format":"standard","meta":{"_et_pb_use_builder":"","_et_pb_old_content":"","_et_gb_content_width":"","footnotes":""},"categories":[9,10,1],"tags":[33,96,26,30,28,86],"class_list":["post-7050","post","type-post","status-publish","format-standard","has-post-thumbnail","hentry","category-revista","category-revista-principal","category-sin-categoria","tag-agricultores","tag-agroindustria-de-la-cana-agricultores-cana","tag-cana","tag-cana-de-azucar","tag-procana","tag-sostenibilidad"],"_links":{"self":[{"href":"https:\/\/procana.org\/site\/wp-json\/wp\/v2\/posts\/7050","targetHints":{"allow":["GET"]}}],"collection":[{"href":"https:\/\/procana.org\/site\/wp-json\/wp\/v2\/posts"}],"about":[{"href":"https:\/\/procana.org\/site\/wp-json\/wp\/v2\/types\/post"}],"author":[{"embeddable":true,"href":"https:\/\/procana.org\/site\/wp-json\/wp\/v2\/users\/442"}],"replies":[{"embeddable":true,"href":"https:\/\/procana.org\/site\/wp-json\/wp\/v2\/comments?post=7050"}],"version-history":[{"count":1,"href":"https:\/\/procana.org\/site\/wp-json\/wp\/v2\/posts\/7050\/revisions"}],"predecessor-version":[{"id":7052,"href":"https:\/\/procana.org\/site\/wp-json\/wp\/v2\/posts\/7050\/revisions\/7052"}],"wp:featuredmedia":[{"embeddable":true,"href":"https:\/\/procana.org\/site\/wp-json\/wp\/v2\/media\/7051"}],"wp:attachment":[{"href":"https:\/\/procana.org\/site\/wp-json\/wp\/v2\/media?parent=7050"}],"wp:term":[{"taxonomy":"category","embeddable":true,"href":"https:\/\/procana.org\/site\/wp-json\/wp\/v2\/categories?post=7050"},{"taxonomy":"post_tag","embeddable":true,"href":"https:\/\/procana.org\/site\/wp-json\/wp\/v2\/tags?post=7050"}],"curies":[{"name":"wp","href":"https:\/\/api.w.org\/{rel}","templated":true}]}}