{"id":7028,"date":"2024-02-08T11:45:40","date_gmt":"2024-02-08T16:45:40","guid":{"rendered":"https:\/\/procana.org\/site\/?p=7028"},"modified":"2024-03-27T16:31:02","modified_gmt":"2024-03-27T21:31:02","slug":"procana-esta-comprometida-con-la-sostenibilidad-y-la-reduccion-de-la-huella-de-carbono-en-la-produccion-de-cana-de-azucar","status":"publish","type":"post","link":"https:\/\/procana.org\/site\/procana-esta-comprometida-con-la-sostenibilidad-y-la-reduccion-de-la-huella-de-carbono-en-la-produccion-de-cana-de-azucar\/","title":{"rendered":"El sector de la ca\u00f1a comprometido con la la medici\u00f3n de la huella de carbono"},"content":{"rendered":"\n<p>La medici\u00f3n de la huella de carbono permite conocer el volumen de Gases de Efecto Invernadero \u2013 GEI, producidos en mayor o menor escala en las actividades humanas. Esto adquiere importancia a medida que promovemos acciones contundentes para reducirla al m\u00e1ximo y hacer una contribuci\u00f3n positiva al planeta.<\/p>\n\n\n\n<p>Con el liderazgo del Centro de Investigaci\u00f3n de la Ca\u00f1a de Az\u00facar \u2013 Cenica\u00f1a, se han desarrollado desde 2012 las bases metodol\u00f3gicas para calcular la huella de carbono de la producci\u00f3n de az\u00facar y etanol.&nbsp; El objetivo fue establecer la l\u00ednea base de las emisiones de GEI en el sector sucroalcoholero colombiano e identificar los puntos cr\u00edticos que m\u00e1s influyen en estas emisiones.<\/p>\n\n\n\n<p>Se ha estimado la huella de carbono de la producci\u00f3n de az\u00facar, etanol y energ\u00eda el\u00e9ctrica, definiendo como l\u00edmites del sistema las etapas desde la siembra de la ca\u00f1a hasta la entrega de los productos en la puerta de la f\u00e1brica.<\/p>\n\n\n\n<figure data-wp-context=\"{&quot;imageId&quot;:&quot;69eeb26f195cc&quot;}\" data-wp-interactive=\"core\/image\" data-wp-key=\"69eeb26f195cc\" class=\"wp-block-image aligncenter size-full is-resized wp-lightbox-container\"><img loading=\"lazy\" decoding=\"async\" width=\"697\" height=\"417\" data-wp-class--hide=\"state.isContentHidden\" data-wp-class--show=\"state.isContentVisible\" data-wp-init=\"callbacks.setButtonStyles\" data-wp-on--click=\"actions.showLightbox\" data-wp-on--load=\"callbacks.setButtonStyles\" data-wp-on-window--resize=\"callbacks.setButtonStyles\" src=\"https:\/\/procana.org\/site\/wp-content\/uploads\/2024\/03\/HUELLA_CARBONO_PROCANA.png\" alt=\"Medici\u00f3n de la huella de carbono permite conocer el volumen de Gases de Efecto Invernadero \u2013 GEI, PROCA\u00d1A, SOSTENIBILIDAD AMBIENTAL, \" class=\"wp-image-7199\" style=\"width:490px;height:auto\"\/><button\n\t\t\tclass=\"lightbox-trigger\"\n\t\t\ttype=\"button\"\n\t\t\taria-haspopup=\"dialog\"\n\t\t\taria-label=\"Agrandar\"\n\t\t\tdata-wp-init=\"callbacks.initTriggerButton\"\n\t\t\tdata-wp-on--click=\"actions.showLightbox\"\n\t\t\tdata-wp-style--right=\"state.imageButtonRight\"\n\t\t\tdata-wp-style--top=\"state.imageButtonTop\"\n\t\t>\n\t\t\t<svg xmlns=\"http:\/\/www.w3.org\/2000\/svg\" width=\"12\" height=\"12\" fill=\"none\" viewBox=\"0 0 12 12\">\n\t\t\t\t<path fill=\"#fff\" d=\"M2 0a2 2 0 0 0-2 2v2h1.5V2a.5.5 0 0 1 .5-.5h2V0H2Zm2 10.5H2a.5.5 0 0 1-.5-.5V8H0v2a2 2 0 0 0 2 2h2v-1.5ZM8 12v-1.5h2a.5.5 0 0 0 .5-.5V8H12v2a2 2 0 0 1-2 2H8Zm2-12a2 2 0 0 1 2 2v2h-1.5V2a.5.5 0 0 0-.5-.5H8V0h2Z\" \/>\n\t\t\t<\/svg>\n\t\t<\/button><\/figure>\n\n\n\n<p>La Calculadora de Carbono ha sido la herramienta que permiti\u00f3 realizar las mediciones que abarcaban los procesos de campo, cosecha, f\u00e1brica, destiler\u00eda, calderas, cogeneraci\u00f3n, tratamiento de residuos y otras emisiones.<\/p>\n\n\n\n<p>Los resultados de estas emisiones de GEI muestran 22.3 kg de CO2eq por tonelada de ca\u00f1a cuando el \u00fanico combustible utilizado en la planta de cogeneraci\u00f3n es el bagazo.&nbsp;<\/p>\n\n\n\n<p>Los resultados de estas emisiones de GEI muestran 22.3 kg de CO2eq por tonelada de ca\u00f1a cuando el \u00fanico combustible utilizado en la planta de cogeneraci\u00f3n es el bagazo.<\/p>\n\n\n\n<p><strong>Las etapas de mayor contribuci\u00f3n a las emisiones totales son campo y cosecha, con 14 y 7 kg de CO2eq por tonelada de ca\u00f1a respectivamente.<\/strong> Estas etapas incluyen la preparaci\u00f3n de los terrenos, la siembra de la ca\u00f1a, la aplicaci\u00f3n de insumos, la cosecha, el transporte y la entrega de la ca\u00f1a a la f\u00e1brica.<\/p>\n\n\n\n<h3 class=\"wp-block-heading\"><strong>ACCIONES QUE NOS PERMITEN SER AMIGABLES CON EL PLANETA<\/strong><\/h3>\n\n\n\n<p>Comprendida la din\u00e1mica de la medici\u00f3n de la huella de carbono, se han planteado estrategias contundentes, como el Programa <strong>INTEGRA<\/strong>, creado en 2016 por PROCA\u00d1A y sus aliados. En la actualidad, este programa es liderado por Cenica\u00f1a y ofrece a los productores de ca\u00f1a la posibilidad de adoptar pr\u00e1cticas visibles, probadas y comprobadas para la reducci\u00f3n de la huella de carbono. Algunas de las acciones aplicadas incluyen:<\/p>\n\n\n\n<ul class=\"wp-block-list\">\n<li>La reconstrucci\u00f3n de los dise\u00f1os de campo, considerando la mejor opci\u00f3n para la operaci\u00f3n del riego, el cultivo y la cosecha.<\/li>\n\n\n\n<li>El uso eficiente del agua en la conducci\u00f3n y riego (mediante tuber\u00eda por ventanas, pivotes y goteo).<\/li>\n\n\n\n<li>La utilizaci\u00f3n de residuos como material de cobertura en todas las calles, promoviendo la Agricultura de Precisi\u00f3n.<\/li>\n\n\n\n<li>La reducci\u00f3n del consumo de agua mediante mecanismos de riego m\u00e1s eficientes que permiten un menor consumo de combustible.<\/li>\n\n\n\n<li>La adopci\u00f3n de maquinaria agr\u00edcola con tecnolog\u00eda avanzada (GPS), que mejora la calidad y eficiencia de las labores, reduciendo el consumo de combustible por kil\u00f3metro recorrido.<\/li>\n\n\n\n<li>La eliminaci\u00f3n de las quemas gracias a la cosecha mec\u00e1nica, lo que reduce la emisi\u00f3n de CO2 y aumenta el contenido de material org\u00e1nico para recuperar la capacidad productiva del suelo, disminuyendo el uso de nitr\u00f3geno de s\u00edntesis qu\u00edmica.<\/li>\n\n\n\n<li>La siembra de corredores biol\u00f3gicos con diversas especies y distintos portes, que tienen un efecto beneficioso en la protecci\u00f3n contra el viento, el aumento de la biodiversidad para el control biol\u00f3gico y la protecci\u00f3n de los circuitos de combusti\u00f3n de agua.<\/li>\n<\/ul>\n\n\n\n<p><strong>PROCA\u00d1A est\u00e1 comprometida con la sostenibilidad y la reducci\u00f3n de la huella de carbono en la producci\u00f3n de ca\u00f1a de az\u00facar. Sus esfuerzos y resultados positivos demuestran que es posible combinar la producci\u00f3n agr\u00edcola con la protecci\u00f3n del medio ambiente.<\/strong><\/p>\n","protected":false},"excerpt":{"rendered":"<p>La medici\u00f3n de la huella de carbono permite conocer el volumen de Gases de Efecto Invernadero \u2013 GEI, producidos en mayor o menor escala en las actividades humanas. Esto adquiere importancia a medida que promovemos acciones contundentes para reducirla al m\u00e1ximo y hacer una contribuci\u00f3n positiva al planeta. Con el liderazgo del Centro de Investigaci\u00f3n [&hellip;]<\/p>\n","protected":false},"author":1,"featured_media":7032,"comment_status":"open","ping_status":"open","sticky":false,"template":"","format":"standard","meta":{"_et_pb_use_builder":"","_et_pb_old_content":"","_et_gb_content_width":"","footnotes":""},"categories":[9,11],"tags":[37],"class_list":["post-7028","post","type-post","status-publish","format-standard","has-post-thumbnail","hentry","category-revista","category-revista-general","tag-cenicana"],"_links":{"self":[{"href":"https:\/\/procana.org\/site\/wp-json\/wp\/v2\/posts\/7028","targetHints":{"allow":["GET"]}}],"collection":[{"href":"https:\/\/procana.org\/site\/wp-json\/wp\/v2\/posts"}],"about":[{"href":"https:\/\/procana.org\/site\/wp-json\/wp\/v2\/types\/post"}],"author":[{"embeddable":true,"href":"https:\/\/procana.org\/site\/wp-json\/wp\/v2\/users\/1"}],"replies":[{"embeddable":true,"href":"https:\/\/procana.org\/site\/wp-json\/wp\/v2\/comments?post=7028"}],"version-history":[{"count":3,"href":"https:\/\/procana.org\/site\/wp-json\/wp\/v2\/posts\/7028\/revisions"}],"predecessor-version":[{"id":7200,"href":"https:\/\/procana.org\/site\/wp-json\/wp\/v2\/posts\/7028\/revisions\/7200"}],"wp:featuredmedia":[{"embeddable":true,"href":"https:\/\/procana.org\/site\/wp-json\/wp\/v2\/media\/7032"}],"wp:attachment":[{"href":"https:\/\/procana.org\/site\/wp-json\/wp\/v2\/media?parent=7028"}],"wp:term":[{"taxonomy":"category","embeddable":true,"href":"https:\/\/procana.org\/site\/wp-json\/wp\/v2\/categories?post=7028"},{"taxonomy":"post_tag","embeddable":true,"href":"https:\/\/procana.org\/site\/wp-json\/wp\/v2\/tags?post=7028"}],"curies":[{"name":"wp","href":"https:\/\/api.w.org\/{rel}","templated":true}]}}