{"id":6949,"date":"2024-01-18T16:12:27","date_gmt":"2024-01-18T21:12:27","guid":{"rendered":"https:\/\/procana.org\/site\/?p=6949"},"modified":"2024-01-23T09:44:49","modified_gmt":"2024-01-23T14:44:49","slug":"compromiso-civico-es-una-campana-gestada-por-procana-desde-agosto-del-2023-en-el-marco-de-las-elecciones-regionales-que-se-realizaron-en-colombia-el-pasado-29-de-octubre","status":"publish","type":"post","link":"https:\/\/procana.org\/site\/compromiso-civico-es-una-campana-gestada-por-procana-desde-agosto-del-2023-en-el-marco-de-las-elecciones-regionales-que-se-realizaron-en-colombia-el-pasado-29-de-octubre\/","title":{"rendered":"Proca\u00f1a tiene Compromiso C\u00edvico"},"content":{"rendered":"\n<p><strong>Compromiso C\u00edvico es una campa\u00f1a gestada por Proca\u00f1a desde agosto del 2023 en el marco de las elecciones regionales que se realizaron en Colombia el pasado 29 de octubre, el objetivo principal de esta, es promover y fomentar el compromiso y la participaci\u00f3n ciudadana, tanto en las urnas, como en el ejercicio contin\u00fao relacionado con el control pol\u00edtico a los dirigentes electos del Valle y del Cauca.<\/strong><\/p>\n\n\n\n<p>Ahora bien, dada la importancia que ha tenido esta campa\u00f1a para el gremio, desde Proca\u00f1a se ha decidido que debe evolucionar y convertirse en un programa que tenga un mayor alcance y que no solo se trabaje en \u00e9l durante las \u00e9pocas electorales, sino que por el contrario, se siga trabajando de manera constante en fortalecer el tejido social en beneficio de los cultivadores de ca\u00f1a, sus familias y la comunidad en general tanto en los grandes como en los peque\u00f1os municipios del valle geogr\u00e1fico del r\u00edo Cauca.<\/p>\n\n\n\n<p>Desde que se inici\u00f3 Compromiso C\u00edvico, hasta mediados de octubre del 2023 se lograron organizar diversas reuniones <strong>con 44 candidatos a diferentes cargos de elecci\u00f3n popular<\/strong> de los departamentos del Valle del Cauca y el Cauca, como gobernaciones, asambleas, concejos y alcald\u00edas, de los cuales se resalta que <strong>11 de estos quedaron electos como servidores p\u00fablicos y tomar\u00e1n posesi\u00f3n de sus puestos en enero del 2024.<\/strong><\/p>\n\n\n\n<p>Desde nuestro gremio somos conscientes de la responsabilidad que tenemos como representantes de un grupo de personas, en este caso de los cultivadores de ca\u00f1a y por eso durante <strong>el 2024 trabajaremos arduamente por reforzar y establecer relaciones s\u00f3lidas con personalidades del \u00e1mbito pol\u00edtico, con el objetivo de trabajar juntos, para crear mejores escenarios para las zonas rurales y urbanas<\/strong>, pues son ellos a quienes elegimos democr\u00e1ticamente para guiar el rumbo de nuestros departamentos y ciudades.<\/p>\n\n\n\n<p>Adem\u00e1s, tambi\u00e9n creemos en la importancia que tiene el hecho de que todos los ciudadanos nos apropiemos del tema pol\u00edtico, pues s\u00f3lo de esta forma lograremos construir el pa\u00eds que tanto anhelamos, uno, en donde no haya espacio para la violencia ni la corrupci\u00f3n que ya tanto da\u00f1o nos ha hecho, en donde trabajemos juntos desde las diferencias y similitudes por la generaci\u00f3n de&nbsp; una paz duradera,&nbsp; progreso para las comunidades, condiciones dignas para quienes trabajan el campo a diario y el establecimiento, promoci\u00f3n e incentivo de diversas acciones o pr\u00e1cticas encaminadas siempre a proteger el medio ambiente.<\/p>\n\n\n\n<figure class=\"wp-block-gallery has-nested-images columns-default is-cropped wp-block-gallery-1 is-layout-flex wp-block-gallery-is-layout-flex\">\n<figure class=\"wp-block-image size-large\"><img loading=\"lazy\" decoding=\"async\" width=\"1024\" height=\"768\" data-id=\"6951\" src=\"https:\/\/procana.org\/site\/wp-content\/uploads\/2024\/01\/20230911_152900-1024x768.jpg\" alt=\"\" class=\"wp-image-6951\"\/><\/figure>\n\n\n\n<figure class=\"wp-block-image size-large\"><img loading=\"lazy\" decoding=\"async\" width=\"1024\" height=\"768\" data-id=\"6950\" src=\"https:\/\/procana.org\/site\/wp-content\/uploads\/2024\/01\/20230918_141021-1024x768.jpg\" alt=\"\" class=\"wp-image-6950\"\/><\/figure>\n<\/figure>\n","protected":false},"excerpt":{"rendered":"<p>Compromiso C\u00edvico es una campa\u00f1a gestada por Proca\u00f1a desde agosto del 2023 en el marco de las elecciones regionales que se realizaron en Colombia el pasado 29 de octubre, el objetivo principal de esta, es promover y fomentar el compromiso y la participaci\u00f3n ciudadana, tanto en las urnas, como en el ejercicio contin\u00fao relacionado con [&hellip;]<\/p>\n","protected":false},"author":1,"featured_media":6952,"comment_status":"open","ping_status":"open","sticky":false,"template":"","format":"standard","meta":{"_et_pb_use_builder":"","_et_pb_old_content":"","_et_gb_content_width":"","footnotes":""},"categories":[9,10,1],"tags":[33,96,26,30,28],"class_list":["post-6949","post","type-post","status-publish","format-standard","has-post-thumbnail","hentry","category-revista","category-revista-principal","category-sin-categoria","tag-agricultores","tag-agroindustria-de-la-cana-agricultores-cana","tag-cana","tag-cana-de-azucar","tag-procana"],"_links":{"self":[{"href":"https:\/\/procana.org\/site\/wp-json\/wp\/v2\/posts\/6949","targetHints":{"allow":["GET"]}}],"collection":[{"href":"https:\/\/procana.org\/site\/wp-json\/wp\/v2\/posts"}],"about":[{"href":"https:\/\/procana.org\/site\/wp-json\/wp\/v2\/types\/post"}],"author":[{"embeddable":true,"href":"https:\/\/procana.org\/site\/wp-json\/wp\/v2\/users\/1"}],"replies":[{"embeddable":true,"href":"https:\/\/procana.org\/site\/wp-json\/wp\/v2\/comments?post=6949"}],"version-history":[{"count":2,"href":"https:\/\/procana.org\/site\/wp-json\/wp\/v2\/posts\/6949\/revisions"}],"predecessor-version":[{"id":6954,"href":"https:\/\/procana.org\/site\/wp-json\/wp\/v2\/posts\/6949\/revisions\/6954"}],"wp:featuredmedia":[{"embeddable":true,"href":"https:\/\/procana.org\/site\/wp-json\/wp\/v2\/media\/6952"}],"wp:attachment":[{"href":"https:\/\/procana.org\/site\/wp-json\/wp\/v2\/media?parent=6949"}],"wp:term":[{"taxonomy":"category","embeddable":true,"href":"https:\/\/procana.org\/site\/wp-json\/wp\/v2\/categories?post=6949"},{"taxonomy":"post_tag","embeddable":true,"href":"https:\/\/procana.org\/site\/wp-json\/wp\/v2\/tags?post=6949"}],"curies":[{"name":"wp","href":"https:\/\/api.w.org\/{rel}","templated":true}]}}