{"id":6897,"date":"2024-01-12T16:47:33","date_gmt":"2024-01-12T21:47:33","guid":{"rendered":"https:\/\/procana.org\/site\/?p=6897"},"modified":"2024-07-18T16:08:08","modified_gmt":"2024-07-18T21:08:08","slug":"seguridad-juridica-de-la-propiedad-de-la-tierra","status":"publish","type":"post","link":"https:\/\/procana.org\/site\/seguridad-juridica-de-la-propiedad-de-la-tierra\/","title":{"rendered":"Conozca la agenda de nuestro Seminario de Seguridad Jur\u00eddica de la Propiedad de la Tierra"},"content":{"rendered":"[et_pb_section admin_label=&#8221;section&#8221;]\n\t\t\t[et_pb_row admin_label=&#8221;row&#8221;]\n\t\t\t\t[et_pb_column type=&#8221;4_4&#8243;][et_pb_text admin_label=&#8221;Text&#8221;]\n<p>Lo invitamos a inscribirse en el&nbsp;<strong>Seminario: SEGURIDAD JUR\u00cdDICA DE LA PROPIEDAD DE LA TIERRA<\/strong>, que realizaremos el&nbsp;<strong>pr\u00f3ximo 1 de febrero de 2024<\/strong>.&nbsp; Acceda a informaci\u00f3n sobre normativas y gestiones que Proca\u00f1a ha adelantado en instancias gubernamentales para restablecer la seguridad jur\u00eddica afectada por invasiones a predios agr\u00edcolas, urbanizaciones ilegales y acciones de grupos al margen de la Ley, entre otros.&nbsp; &nbsp;<\/p>\n\n\n\n<h3 class=\"wp-block-heading\"><strong>OBJETIVOS&nbsp;DEL SEMINARIO<\/strong><\/h3>\n\n\n\n<ul class=\"wp-block-list\">\n<li>Presentar a los asistentes las herramientas constitucionales y jur\u00eddicas para la defensa de la propiedad&nbsp;privada y los mecanismos disponibles que pueden utilizarse para impedir o lograr la cesaci\u00f3n de una&nbsp;perturbaci\u00f3n de la propiedad.<\/li>\n\n\n\n<li>Informar las gestiones de las autoridades competentes, las herramientas disponibles de interacci\u00f3n&nbsp;con funcionarios clave y los procesos de prevenci\u00f3n y denuncia.<\/li>\n<\/ul>\n\n\n\n<p><strong>Dirigido a:&nbsp;<\/strong>Ca\u00f1icultores, empresarios del agro, administradores agr\u00edcolas, proveedores de servicios e insumos, centros de&nbsp;conocimiento, ingenios, inversionistas y en general a todos los interesados&nbsp;en&nbsp;este&nbsp;tema.<\/p>\n\n\n\n<h4 class=\"wp-block-heading\">A continuaci\u00f3n compartimos la agenda.&nbsp;<\/h4>\n\n\n\n<figure class=\"wp-block-image aligncenter size-large is-resized\"><img loading=\"lazy\" decoding=\"async\" width=\"563\" height=\"1024\" src=\"https:\/\/procana.org\/site\/wp-content\/uploads\/2024\/01\/AGENDA-SEGURIDAD-QR-563x1024.png\" alt=\"\" class=\"wp-image-6898\" style=\"width:611px;height:auto\"\/><\/figure>\n\n\n\n<p><strong>INSCR\u00cdBASE AQU\u00cd: <\/strong><\/p>\n\n\n\n<p><a href=\"https:\/\/forms.gle\/9hff7Jne7bEPWtCs6\">https:\/\/forms.gle\/9hff7Jne7bEPWtCs6<\/a><\/p>\n[\/et_pb_text][\/et_pb_column]\n\t\t\t[\/et_pb_row]\n\t\t[\/et_pb_section]","protected":false},"excerpt":{"rendered":"<p>Lo invitamos a inscribirse en el&nbsp;Seminario: SEGURIDAD JUR\u00cdDICA DE LA PROPIEDAD DE LA TIERRA, que realizaremos el&nbsp;pr\u00f3ximo 1 de febrero de 2024.&nbsp; Acceda a informaci\u00f3n sobre normativas y gestiones que Proca\u00f1a ha adelantado en instancias gubernamentales para restablecer la seguridad jur\u00eddica afectada por invasiones a predios agr\u00edcolas, urbanizaciones ilegales y acciones de grupos al margen [&hellip;]<\/p>\n","protected":false},"author":1,"featured_media":6902,"comment_status":"open","ping_status":"open","sticky":false,"template":"","format":"standard","meta":{"_et_pb_use_builder":"on","_et_pb_old_content":"<!-- wp:paragraph -->\n<p>Lo invitamos a inscribirse en el&nbsp;<strong>Seminario: SEGURIDAD JUR\u00cdDICA DE LA PROPIEDAD DE LA TIERRA<\/strong>, que realizaremos el&nbsp;<strong>pr\u00f3ximo 1 de febrero de 2024<\/strong>.&nbsp; Acceda a informaci\u00f3n sobre normativas y gestiones que Proca\u00f1a ha adelantado en instancias gubernamentales para restablecer la seguridad jur\u00eddica afectada por invasiones a predios agr\u00edcolas, urbanizaciones ilegales y acciones de grupos al margen de la Ley, entre otros.&nbsp; &nbsp;<\/p>\n<!-- \/wp:paragraph -->\n\n<!-- wp:heading {\"level\":3} -->\n<h3 class=\"wp-block-heading\"><strong>OBJETIVOS&nbsp;DEL SEMINARIO<\/strong><\/h3>\n<!-- \/wp:heading -->\n\n<!-- wp:list -->\n<ul><!-- wp:list-item -->\n<li>Presentar a los asistentes las herramientas constitucionales y jur\u00eddicas para la defensa de la propiedad&nbsp;privada y los mecanismos disponibles que pueden utilizarse para impedir o lograr la cesaci\u00f3n de una&nbsp;perturbaci\u00f3n de la propiedad.<\/li>\n<!-- \/wp:list-item -->\n\n<!-- wp:list-item -->\n<li>Informar las gestiones de las autoridades competentes, las herramientas disponibles de interacci\u00f3n&nbsp;con funcionarios clave y los procesos de prevenci\u00f3n y denuncia.<\/li>\n<!-- \/wp:list-item --><\/ul>\n<!-- \/wp:list -->\n\n<!-- wp:paragraph -->\n<p><strong>Dirigido a:&nbsp;<\/strong>Ca\u00f1icultores, empresarios del agro, administradores agr\u00edcolas, proveedores de servicios e insumos, centros de&nbsp;conocimiento, ingenios, inversionistas y en general a todos los interesados&nbsp;en&nbsp;este&nbsp;tema.<\/p>\n<!-- \/wp:paragraph -->\n\n<!-- wp:heading {\"level\":4} -->\n<h4 class=\"wp-block-heading\">A continuaci\u00f3n compartimos la agenda.&nbsp;<\/h4>\n<!-- \/wp:heading -->\n\n<!-- wp:image {\"align\":\"center\",\"id\":6898,\"width\":\"611px\",\"height\":\"auto\",\"sizeSlug\":\"large\",\"linkDestination\":\"none\"} -->\n<figure class=\"wp-block-image aligncenter size-large is-resized\"><img src=\"https:\/\/procana.org\/site\/wp-content\/uploads\/2024\/01\/AGENDA-SEGURIDAD-QR-563x1024.png\" alt=\"\" class=\"wp-image-6898\" style=\"width:611px;height:auto\"\/><\/figure>\n<!-- \/wp:image -->\n\n<!-- wp:paragraph -->\n<p><strong>INSCR\u00cdBASE AQU\u00cd: <\/strong><\/p>\n<!-- \/wp:paragraph -->\n\n<!-- wp:paragraph -->\n<p><a href=\"https:\/\/forms.gle\/9hff7Jne7bEPWtCs6\">https:\/\/forms.gle\/9hff7Jne7bEPWtCs6<\/a><\/p>\n<!-- \/wp:paragraph -->","_et_gb_content_width":"","footnotes":""},"categories":[4,6],"tags":[96,30,125],"class_list":["post-6897","post","type-post","status-publish","format-standard","has-post-thumbnail","hentry","category-noticias","category-noticias-en-general","tag-agroindustria-de-la-cana-agricultores-cana","tag-cana-de-azucar","tag-seguridad-juridica"],"_links":{"self":[{"href":"https:\/\/procana.org\/site\/wp-json\/wp\/v2\/posts\/6897","targetHints":{"allow":["GET"]}}],"collection":[{"href":"https:\/\/procana.org\/site\/wp-json\/wp\/v2\/posts"}],"about":[{"href":"https:\/\/procana.org\/site\/wp-json\/wp\/v2\/types\/post"}],"author":[{"embeddable":true,"href":"https:\/\/procana.org\/site\/wp-json\/wp\/v2\/users\/1"}],"replies":[{"embeddable":true,"href":"https:\/\/procana.org\/site\/wp-json\/wp\/v2\/comments?post=6897"}],"version-history":[{"count":7,"href":"https:\/\/procana.org\/site\/wp-json\/wp\/v2\/posts\/6897\/revisions"}],"predecessor-version":[{"id":7801,"href":"https:\/\/procana.org\/site\/wp-json\/wp\/v2\/posts\/6897\/revisions\/7801"}],"wp:featuredmedia":[{"embeddable":true,"href":"https:\/\/procana.org\/site\/wp-json\/wp\/v2\/media\/6902"}],"wp:attachment":[{"href":"https:\/\/procana.org\/site\/wp-json\/wp\/v2\/media?parent=6897"}],"wp:term":[{"taxonomy":"category","embeddable":true,"href":"https:\/\/procana.org\/site\/wp-json\/wp\/v2\/categories?post=6897"},{"taxonomy":"post_tag","embeddable":true,"href":"https:\/\/procana.org\/site\/wp-json\/wp\/v2\/tags?post=6897"}],"curies":[{"name":"wp","href":"https:\/\/api.w.org\/{rel}","templated":true}]}}