{"id":6843,"date":"2024-01-03T17:03:10","date_gmt":"2024-01-03T22:03:10","guid":{"rendered":"https:\/\/procana.org\/site\/?p=6843"},"modified":"2024-01-03T19:23:51","modified_gmt":"2024-01-04T00:23:51","slug":"la-variabilidad-climatica-y-su-impacto-en-la-productividad","status":"publish","type":"post","link":"https:\/\/procana.org\/site\/la-variabilidad-climatica-y-su-impacto-en-la-productividad\/","title":{"rendered":"La variabilidad clim\u00e1tica y su impacto en la productividad"},"content":{"rendered":"\n<p>Por: Cenica\u00f1a<\/p>\n\n\n\n<p>Son evidentes los retos que enfrenta la agroindustria por la variabilidad y el cambio clim\u00e1tico. De acuerdo con la oferta clim\u00e1tica en el valle del r\u00edo Cauca y los an\u00e1lisis realizados por Cenica\u00f1a, en lo transcurrido del 2023 se evidencia\u2026<\/p>\n\n\n\n<ul class=\"wp-block-list\">\n<li>El indicador de toneladas de ca\u00f1a por hect\u00e1rea (TCH) estuvo por debajo de los valores hist\u00f3ricos, afectando a todas las variedades de ca\u00f1a de az\u00facar.<\/li>\n\n\n\n<li>La molienda se redujo tambi\u00e9n por la disminuci\u00f3n en el \u00e1rea cosechada, especialmente en la zona norte y la zona sur del valle del r\u00edo Cauca. Lo anterior debido al exceso de eventos de lluvia que afect\u00f3 la log\u00edstica de cosecha.<\/li>\n\n\n\n<li>M\u00e1s del 50% de las suertes cosechadas tuvieron menos de 12 meses de edad, causando simult\u00e1neamente bajos TCH y bajos rendimientos.<\/li>\n\n\n\n<li>Las suertes cosechadas entre 2022 y 2023 (hasta un 50%) tuvieron un tiempo t\u00e9rmico acumulado en el ciclo por debajo de la condici\u00f3n \u00f3ptima (2500-3000 grados Celsius), lo que afect\u00f3 negativamente el TCH y el rendimiento. El tiempo t\u00e9rmico es la unidad de medida para cuantificar o evaluar la fase fenol\u00f3gica de un cultivo con base en la temperatura, no en el tiempo cronol\u00f3gico.<\/li>\n<\/ul>\n\n\n\n<figure class=\"wp-block-image aligncenter size-full is-resized\"><img loading=\"lazy\" decoding=\"async\" width=\"940\" height=\"708\" src=\"https:\/\/procana.org\/site\/wp-content\/uploads\/2024\/01\/fotoartCenicana-1.png\" alt=\"\" class=\"wp-image-6844\" style=\"width:464px;height:auto\"\/><figcaption class=\"wp-element-caption\"><strong>Principales indicadores de productividad 2022 &#8211; septiembre 2023<\/strong><\/figcaption><\/figure>\n\n\n\n<figure class=\"wp-block-image aligncenter size-large is-resized\"><img loading=\"lazy\" decoding=\"async\" width=\"760\" height=\"1024\" src=\"https:\/\/procana.org\/site\/wp-content\/uploads\/2024\/01\/imagen-2-art-rev-1-760x1024.png\" alt=\"\" class=\"wp-image-6846\" style=\"width:371px;height:auto\"\/><figcaption class=\"wp-element-caption\"><strong>Caracterizaci\u00f3n de zonas clim\u00e1ticas del valle del r\u00edo cauca <\/strong><\/figcaption><\/figure>\n\n\n\n<ul class=\"wp-block-list\">\n<li>Las altas precipitaciones durante los tres \u00faltimos ciclos de cultivo han impactado el TCH, evitando que el cultivo exprese su verdadero potencial.<\/li>\n\n\n\n<li>El mayor impacto del fen\u00f3meno de El Ni\u00f1o en la agroindustria se empezar\u00e1 a sentir hacia el mes de diciembre y mediados de marzo del pr\u00f3ximo a\u00f1o.<\/li>\n<\/ul>\n\n\n\n<figure class=\"wp-block-image aligncenter size-full is-resized\"><img loading=\"lazy\" decoding=\"async\" width=\"640\" height=\"480\" src=\"https:\/\/procana.org\/site\/wp-content\/uploads\/2024\/01\/imagen-3-art-rev-1.png\" alt=\"\" class=\"wp-image-6847\" style=\"width:482px;height:auto\"\/><figcaption class=\"wp-element-caption\"><strong>mm acumulados<\/strong><\/figcaption><\/figure>\n\n\n\n<p class=\"has-text-align-center\"><strong>Precipitaci\u00f3n y TCH tres primeros meses del ciclo de cultivo<\/strong><\/p>\n\n\n\n<p><\/p>\n\n\n\n<p><\/p>\n","protected":false},"excerpt":{"rendered":"<p>Por: Cenica\u00f1a Son evidentes los retos que enfrenta la agroindustria por la variabilidad y el cambio clim\u00e1tico. De acuerdo con la oferta clim\u00e1tica en el valle del r\u00edo Cauca y los an\u00e1lisis realizados por Cenica\u00f1a, en lo transcurrido del 2023 se evidencia\u2026 Precipitaci\u00f3n y TCH tres primeros meses del ciclo de cultivo<\/p>\n","protected":false},"author":1,"featured_media":6848,"comment_status":"open","ping_status":"open","sticky":false,"template":"","format":"standard","meta":{"_et_pb_use_builder":"","_et_pb_old_content":"","_et_gb_content_width":"","footnotes":""},"categories":[9,10,1],"tags":[33,26,30,28],"class_list":["post-6843","post","type-post","status-publish","format-standard","has-post-thumbnail","hentry","category-revista","category-revista-principal","category-sin-categoria","tag-agricultores","tag-cana","tag-cana-de-azucar","tag-procana"],"_links":{"self":[{"href":"https:\/\/procana.org\/site\/wp-json\/wp\/v2\/posts\/6843","targetHints":{"allow":["GET"]}}],"collection":[{"href":"https:\/\/procana.org\/site\/wp-json\/wp\/v2\/posts"}],"about":[{"href":"https:\/\/procana.org\/site\/wp-json\/wp\/v2\/types\/post"}],"author":[{"embeddable":true,"href":"https:\/\/procana.org\/site\/wp-json\/wp\/v2\/users\/1"}],"replies":[{"embeddable":true,"href":"https:\/\/procana.org\/site\/wp-json\/wp\/v2\/comments?post=6843"}],"version-history":[{"count":2,"href":"https:\/\/procana.org\/site\/wp-json\/wp\/v2\/posts\/6843\/revisions"}],"predecessor-version":[{"id":6850,"href":"https:\/\/procana.org\/site\/wp-json\/wp\/v2\/posts\/6843\/revisions\/6850"}],"wp:featuredmedia":[{"embeddable":true,"href":"https:\/\/procana.org\/site\/wp-json\/wp\/v2\/media\/6848"}],"wp:attachment":[{"href":"https:\/\/procana.org\/site\/wp-json\/wp\/v2\/media?parent=6843"}],"wp:term":[{"taxonomy":"category","embeddable":true,"href":"https:\/\/procana.org\/site\/wp-json\/wp\/v2\/categories?post=6843"},{"taxonomy":"post_tag","embeddable":true,"href":"https:\/\/procana.org\/site\/wp-json\/wp\/v2\/tags?post=6843"}],"curies":[{"name":"wp","href":"https:\/\/api.w.org\/{rel}","templated":true}]}}