{"id":6834,"date":"2023-12-27T17:49:09","date_gmt":"2023-12-27T22:49:09","guid":{"rendered":"https:\/\/procana.org\/site\/?p=6834"},"modified":"2024-01-10T16:57:23","modified_gmt":"2024-01-10T21:57:23","slug":"borrador-automaticohuertas-familiares-implementadas-a-traves-de-la-alianza-para-el-desarrollo-economico-ambiental-y-social-aldeas","status":"publish","type":"post","link":"https:\/\/procana.org\/site\/borrador-automaticohuertas-familiares-implementadas-a-traves-de-la-alianza-para-el-desarrollo-economico-ambiental-y-social-aldeas\/","title":{"rendered":"Historias de vida"},"content":{"rendered":"\n<p>Por: Ximena Pava Gonz\u00e1lez &#8211; Coordinadora de comunicaciones FCGR<\/p>\n\n\n\n<p><strong>Un par de a\u00f1os atr\u00e1s, Milady Hurtado Castillo no se imaginaba estar preparando un almuerzo con productos cultivados en su huerta. Hoy lo sirve a su familia con total seguridad y confianza al saber que cuenta con alimentos frescos y de calidad, que siembra y cosecha con sus propias manos y con nuevos conocimientos t\u00e9cnicos adquiridos.<\/strong><\/p>\n\n\n\n<p>Milady vive en el corregimiento Los Remolinos en Florida, Valle del Cauca; participa de Aldeas y junto a su familia ha implementado la huerta que le ha permitido transformar la forma de acceder a los alimentos.<\/p>\n\n\n\n<p>Como parte de Aldeas, los participantes asisten Escuelas de Campo que les permiten fortalecer sus conocimientos en la preparaci\u00f3n del suelo, abonos, siembra y otros temas fundamentales para la implementaci\u00f3n de las huertas productivas productivas sostenibles.<\/p>\n\n\n\n<p>Cuando Milady asisti\u00f3, entendi\u00f3 que Aldeas impulsa a los vallecaucanos y caucanos en condici\u00f3n de vulnerabilidad a contar con nuevas y m\u00e1s oportunidades que contribuyan a su desarrollo. <\/p>\n\n\n\n<p><strong>Aldeas le ha entregado insumos como, semillas de hortalizas y frutales, abonos  y herramientas que optimizan labores para contar con mejor variedad de alimentos y recursos que han proporcionado una adecuada implementaci\u00f3n de su huerta.\u00a0<\/strong><\/p>\n\n\n\n<p>Adem\u00e1s, Milady ha recibido acompa\u00f1amiento t\u00e9cnico  en Buenas Pr\u00e1cticas Agr\u00edcolas para adelantar sus actividades de agricultura, con esto ella y su familia pueden disfrutar de alimentos de calidad para su consumo y comercializaci\u00f3n de los excedentes.<\/p>\n\n\n\n<p>Mientras Milady reflexionaba sobre la importancia de participar en Aldeas, mostraba con orgullo los avances que ha tenido su huerta durante este tiempo y mencion\u00f3 que<strong> \u201ccon el proyecto me he sentido muy bien, me ha permitido trenzar fuertes v\u00ednculos con la comunidad para el intercambio, trueque o venta de excedentes aportando al ingreso de mi hogar<\/strong>&#8220;. <\/p>\n","protected":false},"excerpt":{"rendered":"<p>Por: Ximena Pava Gonz\u00e1lez &#8211; Coordinadora de comunicaciones FCGR Un par de a\u00f1os atr\u00e1s, Milady Hurtado Castillo no se imaginaba estar preparando un almuerzo con productos cultivados en su huerta. Hoy lo sirve a su familia con total seguridad y confianza al saber que cuenta con alimentos frescos y de calidad, que siembra y cosecha [&hellip;]<\/p>\n","protected":false},"author":1,"featured_media":6835,"comment_status":"open","ping_status":"open","sticky":false,"template":"","format":"standard","meta":{"_et_pb_use_builder":"","_et_pb_old_content":"","_et_gb_content_width":"","footnotes":""},"categories":[9,11],"tags":[33,93,28,86,39],"class_list":["post-6834","post","type-post","status-publish","format-standard","has-post-thumbnail","hentry","category-revista","category-revista-general","tag-agricultores","tag-cultivadores","tag-procana","tag-sostenibilidad","tag-suelo"],"_links":{"self":[{"href":"https:\/\/procana.org\/site\/wp-json\/wp\/v2\/posts\/6834","targetHints":{"allow":["GET"]}}],"collection":[{"href":"https:\/\/procana.org\/site\/wp-json\/wp\/v2\/posts"}],"about":[{"href":"https:\/\/procana.org\/site\/wp-json\/wp\/v2\/types\/post"}],"author":[{"embeddable":true,"href":"https:\/\/procana.org\/site\/wp-json\/wp\/v2\/users\/1"}],"replies":[{"embeddable":true,"href":"https:\/\/procana.org\/site\/wp-json\/wp\/v2\/comments?post=6834"}],"version-history":[{"count":1,"href":"https:\/\/procana.org\/site\/wp-json\/wp\/v2\/posts\/6834\/revisions"}],"predecessor-version":[{"id":6836,"href":"https:\/\/procana.org\/site\/wp-json\/wp\/v2\/posts\/6834\/revisions\/6836"}],"wp:featuredmedia":[{"embeddable":true,"href":"https:\/\/procana.org\/site\/wp-json\/wp\/v2\/media\/6835"}],"wp:attachment":[{"href":"https:\/\/procana.org\/site\/wp-json\/wp\/v2\/media?parent=6834"}],"wp:term":[{"taxonomy":"category","embeddable":true,"href":"https:\/\/procana.org\/site\/wp-json\/wp\/v2\/categories?post=6834"},{"taxonomy":"post_tag","embeddable":true,"href":"https:\/\/procana.org\/site\/wp-json\/wp\/v2\/tags?post=6834"}],"curies":[{"name":"wp","href":"https:\/\/api.w.org\/{rel}","templated":true}]}}