{"id":6820,"date":"2023-12-21T17:38:43","date_gmt":"2023-12-21T22:38:43","guid":{"rendered":"https:\/\/procana.org\/site\/?p=6820"},"modified":"2024-01-10T16:57:46","modified_gmt":"2024-01-10T21:57:46","slug":"que-visionamos-para-el-2024","status":"publish","type":"post","link":"https:\/\/procana.org\/site\/que-visionamos-para-el-2024\/","title":{"rendered":"Qu\u00e9 visionamos para el 2024"},"content":{"rendered":"\n<p>Por: Martha Lince<\/p>\n\n\n\n<p><strong>La conmemoraci\u00f3n de nuestros 50 a\u00f1os nos dio espacios para reflexionar sobre los logros obtenidos en este tiempo, y consolidar nuestro compromiso gremial por la defensa de los intereses de nuestros afiliados ante el gobierno nacional.<\/strong><\/p>\n\n\n\n<p>Hemos sido conscientes del deterioro de las condiciones de seguridad que vive el pa\u00eds y esperamos que desde el gobierno nacional y los locales asuman la responsabilidad e instauren acciones que ayuden a la convivencia pac\u00edfica, la libre movilidad, acceso a las fuentes de trabajo, como derechos humanos fundamentales para la continuidad del desarrollo econ\u00f3mico, social y ambiental de nuestra regi\u00f3n.<\/p>\n\n\n\n<p>Como gremio creemos en el di\u00e1logo concertado con las diferentes entidades del gobierno, las comunidades y los sectores econ\u00f3micos, para lograr un clima de bienestar en el territorio.<\/p>\n\n\n\n<p>Respecto a la delicada coyuntura, y en especial, las invasiones que afectan el norte del Cauca, <strong>seguiremos con nuestra participaci\u00f3n en la Mesa del Norte del Cauca siendo enf\u00e1ticos en el respeto por la institucionalidad, el estado de derecho, la propiedad privada y la vida. <\/strong>Desde Proca\u00f1a fortaleceremos los temas de seguridad, actuando de manera conjunta con las autoridades competentes.<\/p>\n\n\n\n<p>El cambio clim\u00e1tico ha sido otro factor que ha tenido un gran impacto en los indicadores de producci\u00f3n, lluvias extremas o sequ\u00eda, nos indican que debemos tomar acciones orientadas a la mitigaci\u00f3n y adaptaci\u00f3n.<\/p>\n\n\n\n<p>Incorporar nuevas tecnolog\u00edas nos ayuda a utilizar los recursos que disponemos de manera eficiente, logrando disminuir costos y realizar las labores de campo de manera oportuna y con calidad. Seguiremos apoyando la transferencia del conocimiento como elemento diferenciador para mejorar la productividad.<\/p>\n\n\n\n<p><strong>Somos un sector comprometido con el desarrollo social.<\/strong> Hemos constituido el Fondo Social con aportes de ingenios y agricultores, para generar proyectos de infraestructura en las comunidades de nuestra zona de influencia. Es importante contribuir a la construcci\u00f3n del tejido social, fortalecer el relacionamiento con las comunidades, con los gobiernos locales y realizar acciones que generen impacto positivo en las condiciones de vida de los habitantes del territorio.<\/p>\n\n\n\n<p>El contexto pol\u00edtico, econ\u00f3mico y social de nuestro pa\u00eds nos genera grandes retos para seguir trabajando en el 2024 por nuestro sector y nuestros afiliados. <strong>Lo haremos con la responsabilidad y compromiso que caracteriza a los miembros de junta directiva y el equipo de trabajo de Proca\u00f1a, recordando siempre que \u00a1Somos Coraz\u00f3n de Ca\u00f1a!<\/strong><\/p>\n\n\n\n<p>Les deseamos unas<strong> \u00a1Felices fiestas y un dulce A\u00f1o Nuevo!<\/strong><\/p>\n","protected":false},"excerpt":{"rendered":"<p>Por: Martha Lince La conmemoraci\u00f3n de nuestros 50 a\u00f1os nos dio espacios para reflexionar sobre los logros obtenidos en este tiempo, y consolidar nuestro compromiso gremial por la defensa de los intereses de nuestros afiliados ante el gobierno nacional. Hemos sido conscientes del deterioro de las condiciones de seguridad que vive el pa\u00eds y esperamos [&hellip;]<\/p>\n","protected":false},"author":1,"featured_media":6484,"comment_status":"open","ping_status":"open","sticky":false,"template":"","format":"standard","meta":{"_et_pb_use_builder":"","_et_pb_old_content":"","_et_gb_content_width":"","footnotes":""},"categories":[9,10,1],"tags":[33,96,26,30,28,86],"class_list":["post-6820","post","type-post","status-publish","format-standard","has-post-thumbnail","hentry","category-revista","category-revista-principal","category-sin-categoria","tag-agricultores","tag-agroindustria-de-la-cana-agricultores-cana","tag-cana","tag-cana-de-azucar","tag-procana","tag-sostenibilidad"],"_links":{"self":[{"href":"https:\/\/procana.org\/site\/wp-json\/wp\/v2\/posts\/6820","targetHints":{"allow":["GET"]}}],"collection":[{"href":"https:\/\/procana.org\/site\/wp-json\/wp\/v2\/posts"}],"about":[{"href":"https:\/\/procana.org\/site\/wp-json\/wp\/v2\/types\/post"}],"author":[{"embeddable":true,"href":"https:\/\/procana.org\/site\/wp-json\/wp\/v2\/users\/1"}],"replies":[{"embeddable":true,"href":"https:\/\/procana.org\/site\/wp-json\/wp\/v2\/comments?post=6820"}],"version-history":[{"count":1,"href":"https:\/\/procana.org\/site\/wp-json\/wp\/v2\/posts\/6820\/revisions"}],"predecessor-version":[{"id":6821,"href":"https:\/\/procana.org\/site\/wp-json\/wp\/v2\/posts\/6820\/revisions\/6821"}],"wp:featuredmedia":[{"embeddable":true,"href":"https:\/\/procana.org\/site\/wp-json\/wp\/v2\/media\/6484"}],"wp:attachment":[{"href":"https:\/\/procana.org\/site\/wp-json\/wp\/v2\/media?parent=6820"}],"wp:term":[{"taxonomy":"category","embeddable":true,"href":"https:\/\/procana.org\/site\/wp-json\/wp\/v2\/categories?post=6820"},{"taxonomy":"post_tag","embeddable":true,"href":"https:\/\/procana.org\/site\/wp-json\/wp\/v2\/tags?post=6820"}],"curies":[{"name":"wp","href":"https:\/\/api.w.org\/{rel}","templated":true}]}}