{"id":6778,"date":"2023-12-18T11:52:56","date_gmt":"2023-12-18T16:52:56","guid":{"rendered":"https:\/\/procana.org\/site\/?p=6778"},"modified":"2023-12-18T16:08:48","modified_gmt":"2023-12-18T21:08:48","slug":"retos-del-sector-frente-a-la-nueva-realidad-politica-regional","status":"publish","type":"post","link":"https:\/\/procana.org\/site\/retos-del-sector-frente-a-la-nueva-realidad-politica-regional\/","title":{"rendered":"Retos del sector frente a la nueva realidad pol\u00edtica regional\u00a0"},"content":{"rendered":"\n<p><strong>Los resultados de las pasadas elecciones regionales, con m\u00e1s de 18 millones de votantes, cambiaron el mapa pol\u00edtico en los departamentos y municipios donde las coaliciones ganaron 17 gobernaciones y 11 alcald\u00edas en ciudades capitales.<\/strong><\/p>\n\n\n\n<p>&nbsp;Los votantes respondieron a din\u00e1micas locales en lugar de las tendencias nacionales donde la mayor parte de los colombianos se muestran preocupados por la seguridad y la econom\u00eda familiar, votando por propuestas de estabilidad y seguridad, en lugar de transformaci\u00f3n.&nbsp;<\/p>\n\n\n\n<p>A pesar del resultado electoral, subyace el pesimismo frente a la ca\u00edda de indicadores como el crecimiento econ\u00f3mico, incertidumbre frente a las reformas: laboral, pensional y salud, el avance de la ley de tierras, las negociaciones del salario m\u00ednimo, las diversas mesas de paz, el incremento de la inseguridad y la inestabilidad jur\u00eddica.<\/p>\n\n\n\n<p>Frente a esa realidad, y en un ambiente creciente de polarizaci\u00f3n, el 21 de noviembre se llev\u00f3 a cabo una reuni\u00f3n entre el presidente Petro y los grandes empresarios del pa\u00eds, para plantear las bases de un gran acuerdo nacional. <strong>A pesar de las muchas cr\u00edticas, tambi\u00e9n los gremios han sostenido reuniones con el Presidente de la Rep\u00fablica y se han iniciado reuniones con gobernadores y alcaldes electos\u2026 Esa es la din\u00e1mica que se requiere para la recuperaci\u00f3n del pa\u00eds.<\/strong><\/p>\n\n\n\n<p>Los gobiernos son pasajeros, pero los empresarios y los gremios que los aglutinan permanecen, porque son los cimientos de la econom\u00eda con su compromiso en la inversi\u00f3n, la generaci\u00f3n de empleo y el desarrollo social.<\/p>\n\n\n\n<p>Ahora el reto de los que votaron y los que se abstuvieron, es participar activamente en los espacios locales, es inviable continuar dando la espalda al ejercicio de quienes fueron elegidos en las regiones, porque son ellos quienes determinan el futuro de los ciudadanos con decisiones frente a la aplicaci\u00f3n del catastro multiprop\u00f3sito base para el impuesto predial, acciones para el restablecimiento de la seguridad, sin la cual es imposible fortalecer la productividad, especialmente en el sector agropecuario.<\/p>\n\n\n\n<p><strong>Es as\u00ed como todos debemos contribuir en la recuperaci\u00f3n del pa\u00eds, como si todos fu\u00e9ramos parte de \u2018La selecci\u00f3n Colombia del desarrollo\u2019, cada uno desde su posici\u00f3n pasa la pelota al coequipero, sin importar quien hace el gol, porque al final el prop\u00f3sito es clasificar por el bienestar de los ciudadanos y del pa\u00eds.<\/strong><\/p>\n\n\n\n<p>Desde el sector de la ca\u00f1a de az\u00facar tenemos mucho que aportar con el conocimiento y experiencia de m\u00e1s de 150 a\u00f1os cultivando ca\u00f1a, base de nuestros programas gremiales y sectoriales como: <strong>Fondo Social, Programa Integra, Huertas Familiares, Cenica\u00f1a, con investigaci\u00f3n e innovaci\u00f3n, toman una gran relevancia, porque est\u00e1n directamente relacionados con la comunidad y el medio ambiente.<\/strong><\/p>\n\n\n\n<p>Mantenemos el compromiso e incluso, hemos planteado reforzar acciones sociales necesarias para contribuir a estabilizar la problem\u00e1tica de pobreza de las comunidades en la zona de influencia, eso s\u00ed, pidiendo a los gobernantes acciones concretas en la defensa del orden constitucional, la estabilidad jur\u00eddica, el restablecimiento de los derechos vulnerados a la propiedad privada, el empleo, la libre empresa y la seguridad.<\/p>\n\n\n\n<p><strong>En el 2024 PROCA\u00d1A dar\u00e1 continuidad a su programa Compromiso C\u00edvico<\/strong>, que naci\u00f3 como una campa\u00f1a de promoci\u00f3n al voto electoral y evolucion\u00f3 para mantener un contacto permanente con gobernantes locales, buscando incidir en las pol\u00edticas p\u00fablicas, porque estamos seguros de que en la medida que invirtamos en las comunidades m\u00e1s necesitadas y en el cuidado del medio ambiente, la regi\u00f3n y el pa\u00eds se benefician.<\/p>\n\n\n\n<p>Finalmente, agradecemos a todos los afiliados y aliados que han participado en los programas de Proca\u00f1a, ya que esta uni\u00f3n de los productores y proveedores de ca\u00f1a de az\u00facar genera resultados positivos.<\/p>\n\n\n\n<p><\/p>\n\n\n\n<p><\/p>\n","protected":false},"excerpt":{"rendered":"<p>Los resultados de las pasadas elecciones regionales, con m\u00e1s de 18 millones de votantes, cambiaron el mapa pol\u00edtico en los departamentos y municipios donde las coaliciones ganaron 17 gobernaciones y 11 alcald\u00edas en ciudades capitales. &nbsp;Los votantes respondieron a din\u00e1micas locales en lugar de las tendencias nacionales donde la mayor parte de los colombianos se [&hellip;]<\/p>\n","protected":false},"author":1,"featured_media":6786,"comment_status":"open","ping_status":"open","sticky":false,"template":"","format":"standard","meta":{"_et_pb_use_builder":"","_et_pb_old_content":"","_et_gb_content_width":"","footnotes":""},"categories":[9,11],"tags":[33,26,30,27,93,28,86],"class_list":["post-6778","post","type-post","status-publish","format-standard","has-post-thumbnail","hentry","category-revista","category-revista-general","tag-agricultores","tag-cana","tag-cana-de-azucar","tag-colombia","tag-cultivadores","tag-procana","tag-sostenibilidad"],"_links":{"self":[{"href":"https:\/\/procana.org\/site\/wp-json\/wp\/v2\/posts\/6778","targetHints":{"allow":["GET"]}}],"collection":[{"href":"https:\/\/procana.org\/site\/wp-json\/wp\/v2\/posts"}],"about":[{"href":"https:\/\/procana.org\/site\/wp-json\/wp\/v2\/types\/post"}],"author":[{"embeddable":true,"href":"https:\/\/procana.org\/site\/wp-json\/wp\/v2\/users\/1"}],"replies":[{"embeddable":true,"href":"https:\/\/procana.org\/site\/wp-json\/wp\/v2\/comments?post=6778"}],"version-history":[{"count":1,"href":"https:\/\/procana.org\/site\/wp-json\/wp\/v2\/posts\/6778\/revisions"}],"predecessor-version":[{"id":6783,"href":"https:\/\/procana.org\/site\/wp-json\/wp\/v2\/posts\/6778\/revisions\/6783"}],"wp:featuredmedia":[{"embeddable":true,"href":"https:\/\/procana.org\/site\/wp-json\/wp\/v2\/media\/6786"}],"wp:attachment":[{"href":"https:\/\/procana.org\/site\/wp-json\/wp\/v2\/media?parent=6778"}],"wp:term":[{"taxonomy":"category","embeddable":true,"href":"https:\/\/procana.org\/site\/wp-json\/wp\/v2\/categories?post=6778"},{"taxonomy":"post_tag","embeddable":true,"href":"https:\/\/procana.org\/site\/wp-json\/wp\/v2\/tags?post=6778"}],"curies":[{"name":"wp","href":"https:\/\/api.w.org\/{rel}","templated":true}]}}