{"id":6657,"date":"2023-11-17T15:48:28","date_gmt":"2023-11-17T20:48:28","guid":{"rendered":"https:\/\/procana.org\/site\/?p=6657"},"modified":"2024-01-10T16:58:05","modified_gmt":"2024-01-10T21:58:05","slug":"asobolo-una-mision-de-vida","status":"publish","type":"post","link":"https:\/\/procana.org\/site\/asobolo-una-mision-de-vida\/","title":{"rendered":"ASOBOLO: Una misi\u00f3n de vida"},"content":{"rendered":"\n<p>Perseverante, carism\u00e1tica, emp\u00e1tica, con una energ\u00eda que contagia y siempre con una sonrisa en el rostro, as\u00ed es Amalia Morales, la mujer que lider\u00f3 durante 29 a\u00f1os Asobolo, una asociaci\u00f3n comprometida con el cuidado de la cuenca hidrogr\u00e1fica del r\u00edo Bolo en el municipio de Pradera, Valle del Cauca.<\/p>\n\n\n\n<p>Amalia tiene su coraz\u00f3n en dos municipios del Valle, uno es Andaluc\u00eda, en donde est\u00e1 la familia que la vio crecer y Pradera, en donde hizo la mayor parte de su vida laboral, form\u00f3 su propia familia, consigui\u00f3 el aprecio de las personas, vivi\u00f3 momentos buenos, llenos de felicidad y otros dif\u00edciles, que le permitieron convertirse en una gran l\u00edder para Asobolo y para la comunidad pradere\u00f1a.\u00a0<\/p>\n\n\n\n<p>La Asociaci\u00f3n de Usuarios de Aguas del r\u00edo Bolo \u2013 Asobolo, es una ONG fundada en julio de 1993 con la ayuda de diferentes actores del sector de la agroindustria de la ca\u00f1a, la Corporaci\u00f3n Aut\u00f3noma Regional del Valle del Cauca \u2013 CVC y 19 predios que la conformaban en ese entonces, con el objetivo de ayudar a la restauraci\u00f3n ecol\u00f3gica de la cuenca, que se estaba viendo afectada por el fuerte fen\u00f3meno de El Ni\u00f1o.<\/p>\n\n\n\n<p>Es importante destacar que a la fecha 263 predios est\u00e1n afiliados, de un total de 507 que abastece la cuenca hidrogr\u00e1fica, lo que evidencia la importancia y gran acogida que han tenido las labores realizadas por la asociaci\u00f3n, entre las que destacan: Administrar la distribuci\u00f3n del agua de la cuenca del r\u00edo Bolo, promover acciones que ayuden al cuidado de los diferentes recursos naturales, implementar diferentes herramientas de manejo del paisaje, apoyar alternativas de negocio\u00a0 amigables con el medio ambiente que le permitan a las personas\u00a0 generar ingresos, como los viveros comunitarios en los que son las mismos miembros de la comunidad quienes se encargan de producir \u00e1rboles que luego ser\u00e1n vendidos a la asociaci\u00f3n para cumplir las actividades siembra.\u00a0<\/p>\n\n\n\n<p>Ser un l\u00edder comunitario en Colombia no es f\u00e1cil y Amalia, quien fue la directora ejecutiva de la asociaci\u00f3n durante tantos a\u00f1os, no ha sido ajena a la situaci\u00f3n de violencia que afecta a nuestro pa\u00eds, pues recuerda con tristeza cuando en el 2006 esta le arrebat\u00f3 a uno de sus seres queridos, o en el 2008 cuando Asobolo fue declarado objetivo militar por un grupo al margen de la ley o en ese mismo a\u00f1o, cuando la persona que estaba en la parte t\u00e9cnica de la asociaci\u00f3n tuvo que irse porque su vida corr\u00eda peligro.<\/p>\n\n\n\n<p>Los momentos dif\u00edciles hicieron que Amalia sintiera que no pod\u00eda m\u00e1s, pero tal y como lo expresa: \u201cel motivador m\u00e1s grande para seguir fue la comunidad que reclama nuestra presencia\u201d, tambi\u00e9n el grupo de trabajo que conform\u00f3 y que en el territorio hay trabajo por hacer y personas muy valiosas que esperan mucho de ella, pues considera que ante la adversidad \u201chay que ponerle el pecho a la brisa\u201d, y seguir adelante.<\/p>\n\n\n\n<p>Sin embargo, tambi\u00e9n han vivido muchos momentos buenos, por ejemplo, en 2003 participaron del Tercer Foro Mundial del Agua que se realiz\u00f3 en Jap\u00f3n, donde quedaron entre los 10 finalistas de los 850 trabajos a nivel mundial que se presentaron. Otra experiencia fue su participaci\u00f3n en el sexto Foro Mundial del Agua en Francia y han visitado pa\u00edses como Brasil, Per\u00fa, Ecuador y Guatemala, donde han compartido con otras asociaciones, adem\u00e1s han recibido reconocimientos de parte de otras organizaciones y de la personas que conforman el territorio.<\/p>\n\n\n\n<p>El cuidado del medio ambiente es una tarea de nunca acabar y en Asobolo lo entienden, por eso est\u00e1n trabajando con las instituciones para crear una figura de conservaci\u00f3n y protecci\u00f3n sobre el \u00e1rea de complejo del P\u00e1ramo de Las Hermosas, blind\u00e1ndolo de actividades da\u00f1inas que tendr\u00edan consecuencias devastadoras sobre los recursos naturales y las comunidades que se abastecen de estos.<\/p>\n\n\n\n<p>Aunque han pasado pocos meses desde que entreg\u00f3 su cargo, Amalia conf\u00eda plenamente en las capacidades del equipo que qued\u00f3 al frente de la asociaci\u00f3n y recuerda con alegr\u00eda que lleg\u00f3 a Asobolo para realizar una labor espec\u00edfica con la comunidad, pero con el tiempo se enamor\u00f3 de esta labor por el medio ambiente, su d\u00eda a d\u00eda empez\u00f3 a girar alrededor del cuidado de la cuenca y se convirti\u00f3 en su misi\u00f3n de vida, por lo que espera seguir brindando su conocimiento a quienes lo necesiten.<\/p>\n\n\n\n<p><strong>DATOS DESTACADOS:<\/strong><\/p>\n\n\n\n<ul class=\"wp-block-list\">\n<li>507 predios se sirven de las aguas derivadas del r\u00edo Bolo<\/li>\n\n\n\n<li>Asobolo ha contado su maravillosa experiencia en Jap\u00f3n, Francia, Brasil, Per\u00fa, Ecuador y Guatemala<\/li>\n<\/ul>\n","protected":false},"excerpt":{"rendered":"<p>Perseverante, carism\u00e1tica, emp\u00e1tica, con una energ\u00eda que contagia y siempre con una sonrisa en el rostro, as\u00ed es Amalia Morales, la mujer que lider\u00f3 durante 29 a\u00f1os Asobolo, una asociaci\u00f3n comprometida con el cuidado de la cuenca hidrogr\u00e1fica del r\u00edo Bolo en el municipio de Pradera, Valle del Cauca. Amalia tiene su coraz\u00f3n en dos [&hellip;]<\/p>\n","protected":false},"author":1,"featured_media":6658,"comment_status":"open","ping_status":"open","sticky":false,"template":"","format":"standard","meta":{"_et_pb_use_builder":"","_et_pb_old_content":"","_et_gb_content_width":"","footnotes":""},"categories":[9,10,1],"tags":[33,26,30,122,28,123,86],"class_list":["post-6657","post","type-post","status-publish","format-standard","has-post-thumbnail","hentry","category-revista","category-revista-principal","category-sin-categoria","tag-agricultores","tag-cana","tag-cana-de-azucar","tag-cuencas","tag-procana","tag-rio-bolo","tag-sostenibilidad"],"_links":{"self":[{"href":"https:\/\/procana.org\/site\/wp-json\/wp\/v2\/posts\/6657","targetHints":{"allow":["GET"]}}],"collection":[{"href":"https:\/\/procana.org\/site\/wp-json\/wp\/v2\/posts"}],"about":[{"href":"https:\/\/procana.org\/site\/wp-json\/wp\/v2\/types\/post"}],"author":[{"embeddable":true,"href":"https:\/\/procana.org\/site\/wp-json\/wp\/v2\/users\/1"}],"replies":[{"embeddable":true,"href":"https:\/\/procana.org\/site\/wp-json\/wp\/v2\/comments?post=6657"}],"version-history":[{"count":1,"href":"https:\/\/procana.org\/site\/wp-json\/wp\/v2\/posts\/6657\/revisions"}],"predecessor-version":[{"id":6659,"href":"https:\/\/procana.org\/site\/wp-json\/wp\/v2\/posts\/6657\/revisions\/6659"}],"wp:featuredmedia":[{"embeddable":true,"href":"https:\/\/procana.org\/site\/wp-json\/wp\/v2\/media\/6658"}],"wp:attachment":[{"href":"https:\/\/procana.org\/site\/wp-json\/wp\/v2\/media?parent=6657"}],"wp:term":[{"taxonomy":"category","embeddable":true,"href":"https:\/\/procana.org\/site\/wp-json\/wp\/v2\/categories?post=6657"},{"taxonomy":"post_tag","embeddable":true,"href":"https:\/\/procana.org\/site\/wp-json\/wp\/v2\/tags?post=6657"}],"curies":[{"name":"wp","href":"https:\/\/api.w.org\/{rel}","templated":true}]}}