{"id":6512,"date":"2023-11-01T16:20:23","date_gmt":"2023-11-01T21:20:23","guid":{"rendered":"https:\/\/procana.org\/site\/?p=6512"},"modified":"2023-11-01T16:26:37","modified_gmt":"2023-11-01T21:26:37","slug":"las-nuevas-generaciones-se-toman-el-campo","status":"publish","type":"post","link":"https:\/\/procana.org\/site\/las-nuevas-generaciones-se-toman-el-campo\/","title":{"rendered":"Las Nuevas Generaciones se toman el campo"},"content":{"rendered":"\n<p>Por: Axel Von Sneidern<\/p>\n\n\n\n<p>En Proca\u00f1a contamos con un grupo de Nuevas Generaciones, un programa cuyo objetivo es motivar, como su nombre lo dice, a las nuevas generaciones de los agricultores de ca\u00f1a a participar en la actividad agr\u00edcola y gremial. Actualmente somos m\u00e1s de 120 integrantes, en su mayor\u00eda j\u00f3venes, de los cuales algunos nos hemos involucrado activamente no solo en los comit\u00e9s de direcci\u00f3n, sino tambi\u00e9n en la junta directiva del gremio.<\/p>\n\n\n\n<p>Nuestra mayor motivaci\u00f3n al recibir de nuestros padres algunas responsabilidades en el manejo del negocio de familia, es aportar nuestras destrezas a programas que contribuyan a la sostenibilidad del sector y de la agricultura en general, siendo esta la base para el desarrollo social, ambiental y econ\u00f3mico. En este contexto, la tecnolog\u00eda y la innovaci\u00f3n desempe\u00f1an un papel fundamental.<\/p>\n\n\n\n<p><strong>Somos conscientes de que las nuevas generaciones enfrentamos varios retos importantes en el campo, <\/strong>entre ellos la implementaci\u00f3n del Agro 4.0 y la r\u00e1pida transici\u00f3n hacia una de las \u00faltimas tendencias a nivel mundial, conocida como Agro 5.0. Esto implica digitalizar los procesos agr\u00edcolas a trav\u00e9s de nuevas tecnolog\u00edas, el uso de m\u00e1quinas aut\u00f3nomas y la colaboraci\u00f3n con la inteligencia artificial para incrementar la productividad.<\/p>\n\n\n\n<p>Otro de nuestros grandes desaf\u00edos se relaciona directamente con la preservaci\u00f3n de los recursos naturales. El cambio clim\u00e1tico est\u00e1 cada vez m\u00e1s presente en nuestras vidas y es nuestra responsabilidad como j\u00f3venes implementar acciones que contribuyan a\u00fan m\u00e1s al cuidado de los r\u00edos y cada gota de agua.<\/p>\n\n\n\n<p>Igualmente, a promover el respeto por los suelos, recurrir al control biol\u00f3gico de plagas, plantar \u00e1rboles para regenerar bosques y proteger las especies animales aut\u00f3ctonas de la regi\u00f3n. Aunque muchas de estas pr\u00e1cticas ya se aplican en el sector, es crucial que sigamos explorando alternativas que nos permitan devolver a la naturaleza un poco de todo lo que nos ha brindado. Tambi\u00e9n recae sobre nosotros la responsabilidad de legar un planeta saludable y f\u00e9rtil a las futuras generaciones.<\/p>\n\n\n\n<p>Finalmente, es esencial que comprendamos que ser ca\u00f1icultores en Colombia nos otorga una ventaja frente a otros pa\u00edses, tenemos las condiciones perfectas para producir en promedio m\u00e1s toneladas de ca\u00f1a por hect\u00e1rea que cualquier otro pa\u00eds en el mundo.&nbsp; \u00a1Esto deber\u00eda llenarnos de orgullo no solo a los ca\u00f1icultores sino a todos los Vallecaucanos!<\/p>\n\n\n\n<p>Y como miembros del grupo de nuevas generaciones tenemos la responsabilidad de continuar ese esfuerzo que han hecho nuestros padres, abuelos y bisabuelos, pues ser los mejores del mundo en productividad no solo es debido al clima y a la calidad de nuestra hermosa tierra. Ese primer puesto se lo debemos tambi\u00e9n al esfuerzo de varias generaciones de construir una amplia y compleja infraestructura especializada en el cultivo de la ca\u00f1a de az\u00facar, en montar las diferentes entidades que juegan cada una, un papel fundamental para el sector, en sudarla a diario para que la pr\u00f3xima generaci\u00f3n reciba al igual que ellos, un negocio del cual puedan estar orgullosos.<\/p>\n","protected":false},"excerpt":{"rendered":"<p>Por: Axel Von Sneidern En Proca\u00f1a contamos con un grupo de Nuevas Generaciones, un programa cuyo objetivo es motivar, como su nombre lo dice, a las nuevas generaciones de los agricultores de ca\u00f1a a participar en la actividad agr\u00edcola y gremial. Actualmente somos m\u00e1s de 120 integrantes, en su mayor\u00eda j\u00f3venes, de los cuales algunos [&hellip;]<\/p>\n","protected":false},"author":1,"featured_media":6513,"comment_status":"open","ping_status":"open","sticky":false,"template":"","format":"standard","meta":{"_et_pb_use_builder":"","_et_pb_old_content":"","_et_gb_content_width":"","footnotes":""},"categories":[9,10,1],"tags":[33,96,26,30,93,119,28,86],"class_list":["post-6512","post","type-post","status-publish","format-standard","has-post-thumbnail","hentry","category-revista","category-revista-principal","category-sin-categoria","tag-agricultores","tag-agroindustria-de-la-cana-agricultores-cana","tag-cana","tag-cana-de-azucar","tag-cultivadores","tag-nuevas-generaciones","tag-procana","tag-sostenibilidad"],"_links":{"self":[{"href":"https:\/\/procana.org\/site\/wp-json\/wp\/v2\/posts\/6512","targetHints":{"allow":["GET"]}}],"collection":[{"href":"https:\/\/procana.org\/site\/wp-json\/wp\/v2\/posts"}],"about":[{"href":"https:\/\/procana.org\/site\/wp-json\/wp\/v2\/types\/post"}],"author":[{"embeddable":true,"href":"https:\/\/procana.org\/site\/wp-json\/wp\/v2\/users\/1"}],"replies":[{"embeddable":true,"href":"https:\/\/procana.org\/site\/wp-json\/wp\/v2\/comments?post=6512"}],"version-history":[{"count":2,"href":"https:\/\/procana.org\/site\/wp-json\/wp\/v2\/posts\/6512\/revisions"}],"predecessor-version":[{"id":6515,"href":"https:\/\/procana.org\/site\/wp-json\/wp\/v2\/posts\/6512\/revisions\/6515"}],"wp:featuredmedia":[{"embeddable":true,"href":"https:\/\/procana.org\/site\/wp-json\/wp\/v2\/media\/6513"}],"wp:attachment":[{"href":"https:\/\/procana.org\/site\/wp-json\/wp\/v2\/media?parent=6512"}],"wp:term":[{"taxonomy":"category","embeddable":true,"href":"https:\/\/procana.org\/site\/wp-json\/wp\/v2\/categories?post=6512"},{"taxonomy":"post_tag","embeddable":true,"href":"https:\/\/procana.org\/site\/wp-json\/wp\/v2\/tags?post=6512"}],"curies":[{"name":"wp","href":"https:\/\/api.w.org\/{rel}","templated":true}]}}