{"id":6482,"date":"2023-10-25T16:20:15","date_gmt":"2023-10-25T21:20:15","guid":{"rendered":"https:\/\/procana.org\/site\/?p=6482"},"modified":"2023-10-25T16:20:23","modified_gmt":"2023-10-25T21:20:23","slug":"procana-cinco-decadas-de-evolucion-sostenible-para-la-canicultura-colombiana","status":"publish","type":"post","link":"https:\/\/procana.org\/site\/procana-cinco-decadas-de-evolucion-sostenible-para-la-canicultura-colombiana\/","title":{"rendered":"PROCA\u00d1A: Cinco d\u00e9cadas de evoluci\u00f3n sostenible para la ca\u00f1icultura colombiana"},"content":{"rendered":"\n<p>Por: Martha Isabel Lince <\/p>\n\n\n\n<p>Hace 20 a\u00f1os hago parte de la junta directiva de PROCA\u00d1A y he visto crecer nuestro gremio como una organizaci\u00f3n que representa los intereses de los agricultores de ca\u00f1a de az\u00facar en Colombia, promoviendo la evoluci\u00f3n sostenible del sector.<\/p>\n\n\n\n<p>Cinco d\u00e9cadas trabajando por la uni\u00f3n gremial; brindando apoyo permanente a los cultivadores de ca\u00f1a en asuntos relevantes como la innovaci\u00f3n, capacitaci\u00f3n pertinente, adopci\u00f3n de pr\u00e1cticas sostenibles, en lo social, ambiental y econ\u00f3mico, fortaleciendo el relacionamiento con las comunidades y la solidaridad con los grupos de inter\u00e9s.\u00a0<\/p>\n\n\n\n<p><strong>Nuestra hoja de ruta enmarcada en el Plan de Direccionamiento Estrat\u00e9gico 2021-2026, tiene cuatro objetivos estrat\u00e9gicos principales: Fortalecimiento Gremial, Capacitaci\u00f3n y Transferencia Tecnol\u00f3gica, Pol\u00edticas P\u00fablicas y Defensa Jur\u00eddica. Estos dos \u00faltimos han adquirido mayor relevancia debido a la gran cantidad de iniciativas legislativas que afectan al sector de la agroindustria de la ca\u00f1a de az\u00facar.<\/strong><\/p>\n\n\n\n<p>Nuestra orientaci\u00f3n desde la presidencia de la junta directiva ser\u00e1 trabajar por un sector que busca la sostenibilidad, rentabilidad, competitividad y defensa de la actividad agr\u00edcola ca\u00f1icultora.\u00a0 Durante el 2023 hemos adelantado diversas reuniones en cumplimiento de los estatutos y continuaremos trabajando por ser reconocidos como generadores de opini\u00f3n, pol\u00edticas y proyectos para seguir contribuyendo al bienestar y progreso de la regi\u00f3n, dado que el trabajo de nuestra junta directiva se enfoca en tres comit\u00e9s para poder dar cumplimiento a nuestro plan de direccionamiento.<\/p>\n\n\n\n<p>\u2022 <strong>Fortalecimiento Gremial:<\/strong> Analizamos las necesidades de los ca\u00f1icultores y el sector, proponemos planes dirigidos al fortalecimiento del v\u00ednculo con nuestros afiliados, el incremento de nuevas afiliaciones y la representatividad gremial ante instancias p\u00fablicas y privadas.<\/p>\n\n\n\n<p>\u2022 <strong>T\u00e9cnico:<\/strong> Dise\u00f1amos planes para fortalecer las actividades de capacitaci\u00f3n y transferencia para el manejo eficiente, sostenible e innovador del cultivo por parte de los ca\u00f1icultores.<\/p>\n\n\n\n<p>\u2022 <strong>Pol\u00edticas P\u00fablicas:<\/strong> Fortalecemos v\u00ednculos con el sector p\u00fablico e instituciones vinculadas al sector para la defensa jur\u00eddica, formulaci\u00f3n y gesti\u00f3n de pol\u00edticas p\u00fablicas.<\/p>\n\n\n\n<p>Agradezco a todos los afiliados su apoyo y confianza y los invito a seguir trabajando unidos, a sentirnos orgullosos de nuestra actividad, a mantener el compromiso con el bienestar de la regi\u00f3n y sus comunidades, a apropiarse de nuestras campa\u00f1as como <strong>CORAZ\u00d3N DE CA\u00d1A<\/strong> y ser portadores del mensaje que destaca el trabajo que realizamos como sector en el cuidado del medio ambiente, la innovaci\u00f3n, transferencia de tecnolog\u00eda y contribuci\u00f3n al bienestar social y econ\u00f3mico de nuestras comunidades y regi\u00f3n.<\/p>\n","protected":false},"excerpt":{"rendered":"<p>Por: Martha Isabel Lince Hace 20 a\u00f1os hago parte de la junta directiva de PROCA\u00d1A y he visto crecer nuestro gremio como una organizaci\u00f3n que representa los intereses de los agricultores de ca\u00f1a de az\u00facar en Colombia, promoviendo la evoluci\u00f3n sostenible del sector. Cinco d\u00e9cadas trabajando por la uni\u00f3n gremial; brindando apoyo permanente a los [&hellip;]<\/p>\n","protected":false},"author":1,"featured_media":6484,"comment_status":"open","ping_status":"open","sticky":false,"template":"","format":"standard","meta":{"_et_pb_use_builder":"","_et_pb_old_content":"","_et_gb_content_width":"","footnotes":""},"categories":[9,11],"tags":[33,96,26,30,93,28,86],"class_list":["post-6482","post","type-post","status-publish","format-standard","has-post-thumbnail","hentry","category-revista","category-revista-general","tag-agricultores","tag-agroindustria-de-la-cana-agricultores-cana","tag-cana","tag-cana-de-azucar","tag-cultivadores","tag-procana","tag-sostenibilidad"],"_links":{"self":[{"href":"https:\/\/procana.org\/site\/wp-json\/wp\/v2\/posts\/6482","targetHints":{"allow":["GET"]}}],"collection":[{"href":"https:\/\/procana.org\/site\/wp-json\/wp\/v2\/posts"}],"about":[{"href":"https:\/\/procana.org\/site\/wp-json\/wp\/v2\/types\/post"}],"author":[{"embeddable":true,"href":"https:\/\/procana.org\/site\/wp-json\/wp\/v2\/users\/1"}],"replies":[{"embeddable":true,"href":"https:\/\/procana.org\/site\/wp-json\/wp\/v2\/comments?post=6482"}],"version-history":[{"count":1,"href":"https:\/\/procana.org\/site\/wp-json\/wp\/v2\/posts\/6482\/revisions"}],"predecessor-version":[{"id":6485,"href":"https:\/\/procana.org\/site\/wp-json\/wp\/v2\/posts\/6482\/revisions\/6485"}],"wp:featuredmedia":[{"embeddable":true,"href":"https:\/\/procana.org\/site\/wp-json\/wp\/v2\/media\/6484"}],"wp:attachment":[{"href":"https:\/\/procana.org\/site\/wp-json\/wp\/v2\/media?parent=6482"}],"wp:term":[{"taxonomy":"category","embeddable":true,"href":"https:\/\/procana.org\/site\/wp-json\/wp\/v2\/categories?post=6482"},{"taxonomy":"post_tag","embeddable":true,"href":"https:\/\/procana.org\/site\/wp-json\/wp\/v2\/tags?post=6482"}],"curies":[{"name":"wp","href":"https:\/\/api.w.org\/{rel}","templated":true}]}}