{"id":6363,"date":"2023-09-27T15:33:54","date_gmt":"2023-09-27T20:33:54","guid":{"rendered":"https:\/\/procana.org\/site\/?p=6363"},"modified":"2023-09-27T15:34:09","modified_gmt":"2023-09-27T20:34:09","slug":"reconocimientos-por-liderazgo-en-el-agro-colombiano","status":"publish","type":"post","link":"https:\/\/procana.org\/site\/reconocimientos-por-liderazgo-en-el-agro-colombiano\/","title":{"rendered":"Reconocimientos por liderazgo en el agro colombiano\u00a0"},"content":{"rendered":"\n<p>La Asociaci\u00f3n Colombiana de Productores y Proveedores de Ca\u00f1a de Az\u00facar \u2013 Proca\u00f1a, recibi\u00f3 diferentes condecoraciones y reconocimientos al cumplir cinco d\u00e9cadas de creaci\u00f3n.&nbsp;&nbsp;<\/p>\n\n\n\n<p>Por el liderazgo, los aportes y beneficios que recibe el sector ca\u00f1icultor y el agro colombiano fueron exaltados durante el acto conmemorativo que reuni\u00f3 autoridades civiles y militares; l\u00edderes de la cadena de valor de la ca\u00f1a de az\u00facar y afiliados a la Asociaci\u00f3n.\u00a0<\/p>\n\n\n\n<figure class=\"wp-block-gallery has-nested-images columns-default is-cropped wp-block-gallery-1 is-layout-flex wp-block-gallery-is-layout-flex\">\n<figure class=\"wp-block-image size-large\"><img loading=\"lazy\" decoding=\"async\" width=\"1024\" height=\"683\" data-id=\"6379\" src=\"https:\/\/procana.org\/site\/wp-content\/uploads\/2023\/09\/WhatsApp-Image-2023-09-27-at-2.15.00-PM-8-1024x683.jpeg\" alt=\"\" class=\"wp-image-6379\"\/><figcaption class=\"wp-element-caption\">Gobernaci\u00f3n del Valle del Cauca <\/figcaption><\/figure>\n\n\n\n<figure class=\"wp-block-image size-large\"><img loading=\"lazy\" decoding=\"async\" width=\"1024\" height=\"683\" data-id=\"6383\" src=\"https:\/\/procana.org\/site\/wp-content\/uploads\/2023\/09\/WhatsApp-Image-2023-09-27-at-2.15.00-PM-9-1024x683.jpeg\" alt=\"\" class=\"wp-image-6383\"\/><figcaption class=\"wp-element-caption\">Gobernaci\u00f3n del Cauca<\/figcaption><\/figure>\n\n\n\n<figure class=\"wp-block-image size-large\"><img loading=\"lazy\" decoding=\"async\" width=\"1024\" height=\"683\" data-id=\"6381\" src=\"https:\/\/procana.org\/site\/wp-content\/uploads\/2023\/09\/WhatsApp-Image-2023-09-27-at-2.15.00-PM-7-1024x683.jpeg\" alt=\"\" class=\"wp-image-6381\"\/><figcaption class=\"wp-element-caption\">Asamblea Departamental del Valle del Cauca <\/figcaption><\/figure>\n\n\n\n<figure class=\"wp-block-image size-large\"><img loading=\"lazy\" decoding=\"async\" width=\"1024\" height=\"683\" data-id=\"6375\" src=\"https:\/\/procana.org\/site\/wp-content\/uploads\/2023\/09\/WhatsApp-Image-2023-09-27-at-2.15.00-PM-6-1024x683.jpeg\" alt=\"\" class=\"wp-image-6375\"\/><figcaption class=\"wp-element-caption\">Concejo de Santiago de Cali<\/figcaption><\/figure>\n\n\n\n<figure class=\"wp-block-image size-large\"><img loading=\"lazy\" decoding=\"async\" width=\"1024\" height=\"683\" data-id=\"6382\" src=\"https:\/\/procana.org\/site\/wp-content\/uploads\/2023\/09\/WhatsApp-Image-2023-09-27-at-2.15.00-PM-4-1024x683.jpeg\" alt=\"\" class=\"wp-image-6382\"\/><figcaption class=\"wp-element-caption\">Sociedad de Agricultores de Colombia SAC<\/figcaption><\/figure>\n\n\n\n<figure class=\"wp-block-image size-large\"><img loading=\"lazy\" decoding=\"async\" width=\"1024\" height=\"683\" data-id=\"6377\" src=\"https:\/\/procana.org\/site\/wp-content\/uploads\/2023\/09\/WhatsApp-Image-2023-09-27-at-2.15.00-PM-10-1024x683.jpeg\" alt=\"\" class=\"wp-image-6377\"\/><figcaption class=\"wp-element-caption\">Asoca\u00f1a<\/figcaption><\/figure>\n\n\n\n<figure class=\"wp-block-image size-large\"><img loading=\"lazy\" decoding=\"async\" width=\"1024\" height=\"683\" data-id=\"6385\" src=\"https:\/\/procana.org\/site\/wp-content\/uploads\/2023\/09\/WhatsApp-Image-2023-09-27-at-2.15.00-PM-3-1024x683.jpeg\" alt=\"\" class=\"wp-image-6385\"\/><figcaption class=\"wp-element-caption\">Organizaci\u00f3n Ardila L\u00fclle<\/figcaption><\/figure>\n\n\n\n<figure class=\"wp-block-image size-large\"><img loading=\"lazy\" decoding=\"async\" width=\"1024\" height=\"683\" data-id=\"6380\" src=\"https:\/\/procana.org\/site\/wp-content\/uploads\/2023\/09\/WhatsApp-Image-2023-09-27-at-2.15.00-PM-2-1024x683.jpeg\" alt=\"\" class=\"wp-image-6380\"\/><figcaption class=\"wp-element-caption\">Ingenio Riopaila Castilla<\/figcaption><\/figure>\n\n\n\n<figure class=\"wp-block-image size-large\"><img loading=\"lazy\" decoding=\"async\" width=\"1024\" height=\"683\" data-id=\"6384\" src=\"https:\/\/procana.org\/site\/wp-content\/uploads\/2023\/09\/WhatsApp-Image-2023-09-27-at-2.15.00-PM-1-1024x683.jpeg\" alt=\"\" class=\"wp-image-6384\"\/><figcaption class=\"wp-element-caption\">Fundaci\u00f3n Caicedo Gonz\u00e1lez Riopaila Castilla <\/figcaption><\/figure>\n\n\n\n<figure class=\"wp-block-image size-large\"><img loading=\"lazy\" decoding=\"async\" width=\"1024\" height=\"683\" data-id=\"6378\" src=\"https:\/\/procana.org\/site\/wp-content\/uploads\/2023\/09\/WhatsApp-Image-2023-09-27-at-2.15.00-PM-1024x683.jpeg\" alt=\"\" class=\"wp-image-6378\"\/><figcaption class=\"wp-element-caption\">Centro de Investigaci\u00f3n de la Ca\u00f1a de Az\u00facar, Cenica\u00f1a<\/figcaption><\/figure>\n\n\n\n<figure class=\"wp-block-image size-large\"><img loading=\"lazy\" decoding=\"async\" width=\"1024\" height=\"683\" data-id=\"6389\" src=\"https:\/\/procana.org\/site\/wp-content\/uploads\/2023\/09\/WhatsApp-Image-2023-09-27-at-2.51.52-PM-2-1024x683.jpeg\" alt=\"\" class=\"wp-image-6389\"\/><figcaption class=\"wp-element-caption\">Sociedad de Agricultores y Ganaderos del Valle del Cauca, SAG<\/figcaption><\/figure>\n\n\n\n<figure class=\"wp-block-image size-large\"><img loading=\"lazy\" decoding=\"async\" width=\"1024\" height=\"683\" data-id=\"6390\" src=\"https:\/\/procana.org\/site\/wp-content\/uploads\/2023\/09\/WhatsApp-Image-2023-09-27-at-2.51.52-PM-1-1-1024x683.jpeg\" alt=\"\" class=\"wp-image-6390\"\/><figcaption class=\"wp-element-caption\">Comit\u00e9 Intergremial del Valle del Cauca <\/figcaption><\/figure>\n<\/figure>\n","protected":false},"excerpt":{"rendered":"<p>La Asociaci\u00f3n Colombiana de Productores y Proveedores de Ca\u00f1a de Az\u00facar \u2013 Proca\u00f1a, recibi\u00f3 diferentes condecoraciones y reconocimientos al cumplir cinco d\u00e9cadas de creaci\u00f3n.&nbsp;&nbsp; Por el liderazgo, los aportes y beneficios que recibe el sector ca\u00f1icultor y el agro colombiano fueron exaltados durante el acto conmemorativo que reuni\u00f3 autoridades civiles y militares; l\u00edderes de la [&hellip;]<\/p>\n","protected":false},"author":681,"featured_media":6383,"comment_status":"open","ping_status":"open","sticky":false,"template":"","format":"standard","meta":{"_et_pb_use_builder":"","_et_pb_old_content":"","_et_gb_content_width":"","footnotes":""},"categories":[9,10,1],"tags":[33,96,26,30,116,117,46,28],"class_list":["post-6363","post","type-post","status-publish","format-standard","has-post-thumbnail","hentry","category-revista","category-revista-principal","category-sin-categoria","tag-agricultores","tag-agroindustria-de-la-cana-agricultores-cana","tag-cana","tag-cana-de-azucar","tag-condecoraciones","tag-gobernacion-del-cauca","tag-gobernacion-del-valle-del-cauca","tag-procana"],"_links":{"self":[{"href":"https:\/\/procana.org\/site\/wp-json\/wp\/v2\/posts\/6363","targetHints":{"allow":["GET"]}}],"collection":[{"href":"https:\/\/procana.org\/site\/wp-json\/wp\/v2\/posts"}],"about":[{"href":"https:\/\/procana.org\/site\/wp-json\/wp\/v2\/types\/post"}],"author":[{"embeddable":true,"href":"https:\/\/procana.org\/site\/wp-json\/wp\/v2\/users\/681"}],"replies":[{"embeddable":true,"href":"https:\/\/procana.org\/site\/wp-json\/wp\/v2\/comments?post=6363"}],"version-history":[{"count":1,"href":"https:\/\/procana.org\/site\/wp-json\/wp\/v2\/posts\/6363\/revisions"}],"predecessor-version":[{"id":6391,"href":"https:\/\/procana.org\/site\/wp-json\/wp\/v2\/posts\/6363\/revisions\/6391"}],"wp:featuredmedia":[{"embeddable":true,"href":"https:\/\/procana.org\/site\/wp-json\/wp\/v2\/media\/6383"}],"wp:attachment":[{"href":"https:\/\/procana.org\/site\/wp-json\/wp\/v2\/media?parent=6363"}],"wp:term":[{"taxonomy":"category","embeddable":true,"href":"https:\/\/procana.org\/site\/wp-json\/wp\/v2\/categories?post=6363"},{"taxonomy":"post_tag","embeddable":true,"href":"https:\/\/procana.org\/site\/wp-json\/wp\/v2\/tags?post=6363"}],"curies":[{"name":"wp","href":"https:\/\/api.w.org\/{rel}","templated":true}]}}