{"id":6258,"date":"2023-09-05T17:35:21","date_gmt":"2023-09-05T22:35:21","guid":{"rendered":"https:\/\/procana.org\/site\/?p=6258"},"modified":"2023-09-05T17:36:36","modified_gmt":"2023-09-05T22:36:36","slug":"congreso-wabcg-conoce-procesos-sostenibles-y-productivos-de-cana-en-colombia","status":"publish","type":"post","link":"https:\/\/procana.org\/site\/congreso-wabcg-conoce-procesos-sostenibles-y-productivos-de-cana-en-colombia\/","title":{"rendered":"Congreso WABCG conoce procesos sostenibles y productivos de ca\u00f1a en Colombia"},"content":{"rendered":"\n<p>\u201cFue un congreso de alto nivel acad\u00e9mico. Conocimos c\u00f3mo los agricultores de ca\u00f1a de az\u00facar trabajan la sostenibilidad con mucha responsabilidad\u201d, asegur\u00f3 Timoth\u00e9 Masson, director ejecutivo de la World Association Of Beet And Cane Growers \u2013 WABCG<\/p>\n\n\n\n<p>\u201cEstoy muy agradecido de haber sido invitado, el Congreso de la WABCG se lleva a cabo anualmente en diversos pa\u00edses en donde se produce ca\u00f1a y para nosotros ha sido muy especial que se hubiera realizado en Colombia. Nos vamos llenos de nuevas y valiosas experiencias, las conferencias tuvieron una calidad excepcional y las discusiones fueron del m\u00e1s alto nivel. Tuvimos la oportunidad de visitar la finca El Hatico con un sistema de producci\u00f3n integral que nos mostr\u00f3 cu\u00e1n avanzadas son las tecnolog\u00edas agr\u00edcolas en Colombia\u201d, <strong>se\u00f1al\u00f3 Fred Zeller, agricultor internacional.<\/strong><\/p>\n\n\n\n<p>A la mirada internacional se sumaron voces de satisfacci\u00f3n de los agricultores de la regi\u00f3n, quienes ratificaron su inter\u00e9s y compromiso en seguir recomendaciones, adoptar nuevas pr\u00e1cticas y avanzar con el acompa\u00f1amiento de Proca\u00f1a.&nbsp;<\/p>\n\n\n\n<p>Seg\u00fan la agricultora Mariela Mart\u00ednez Reyes, \u201cel congreso fue extraordinario. Durante tres d\u00edas escuchamos a un grupo maravilloso de conferencistas, recibimos todo el conocimiento del trabajo que vienen realizando agricultores como Guido Mauricio L\u00f3pez y Carlos H. Azc\u00e1rate; descubrimos qu\u00e9 est\u00e1n haciendo en otros pa\u00edses y en Cenica\u00f1a nos sorprendieron con diferentes sesiones en donde presentaron programas de investigaci\u00f3n que son adecuados para todos los cultivadores de ca\u00f1a de az\u00facar\u201d.<\/p>\n\n\n\n<p><strong>El Congreso Internacional organizado por la World Association Of Beet And Cane Growers \u2013 WABCG, cont\u00f3 con la presencia de David Thompson, presidente de esta asociaci\u00f3n que hace presencia en los cinco continentes, tiene 36 asociados que representan a 34 pa\u00edses.<\/strong><\/p>\n\n\n\n<p>Martha Betancourt Morales, directora ejecutiva de PROCA\u00d1A, indic\u00f3 que lograr que Colombia fuera sede, por primera vez, de este congreso es meritorio.\u00a0 \u201cFuimos escogidos como pa\u00eds anfitri\u00f3n porque el sector ca\u00f1icultor es modelo de productividad y sostenibilidad en el mundo. Mientras otros pa\u00edses producen en promedio 60 toneladas de ca\u00f1a por hect\u00e1rea, en Colombia se producen 118\u201d.<\/p>\n\n\n\n<p><strong>Conociendo la Reserva Natural El Hatico<\/strong><\/p>\n\n\n\n<p>La Reserva Natural El Hatico, empresa familiar agropecuaria y forestal, ubicada en el municipio de El Cerrito, es ejemplo por su historia e implementaci\u00f3n de pr\u00e1cticas sostenibles.&nbsp;<\/p>\n\n\n\n<p>En 1942, la producci\u00f3n de la hacienda estaba orientada a ganader\u00eda extensiva con poca presencia de \u00e1rboles, seg\u00fan inform\u00f3 Carlos Hernando Molina Dur\u00e1n, uno de sus propietarios. Con el paso de los a\u00f1os, la actividad econ\u00f3mica se diversific\u00f3 con el cultivo de ca\u00f1a, ganader\u00eda de ovinos y bovinos y espacios dedicados a la reserva forestal, creando una integraci\u00f3n agr\u00edcola, pecuaria y forestal que es modelo en el departamento del Valle del Cauca, Colombia y el mundo.<\/p>\n\n\n\n<p>Para Molina Dur\u00e1n, es fundamental que las actividades econ\u00f3micas permitan proteger el patrimonio ecol\u00f3gico, la diversidad en fauna y flora y la protecci\u00f3n de las fuentes de agua.<\/p>\n\n\n\n<p>En el caso de los cultivos de ca\u00f1a, tienen 13 variedades sembradas acompa\u00f1adas con l\u00edneas de \u00e1rboles que se convierten en relictos o zonas de descanso del sol, ideales para el ganado.<\/p>\n\n\n\n<p>En esta unidad productiva agr\u00edcola llevan 50 a\u00f1os de estudio de la producci\u00f3n de ca\u00f1a, de la mano de Cenica\u00f1a y de la Universidad Nacional, lo que ha permitido que la hacienda sea m\u00e1s productiva, genere m\u00e1s empleo y sea un espacio donde cada vez hay m\u00e1s presencia de organismos vivos que contribuyen con la biodiversidad del valle geogr\u00e1fico del r\u00edo Cauca.<\/p>\n\n\n\n<p>El Hatico es ejemplo de que es posible ser productivo y ambientalmente sostenible, incluso aumentando la biodiversidad del bosque seco tropical.&nbsp;<\/p>\n","protected":false},"excerpt":{"rendered":"<p>\u201cFue un congreso de alto nivel acad\u00e9mico. Conocimos c\u00f3mo los agricultores de ca\u00f1a de az\u00facar trabajan la sostenibilidad con mucha responsabilidad\u201d, asegur\u00f3 Timoth\u00e9 Masson, director ejecutivo de la World Association Of Beet And Cane Growers \u2013 WABCG \u201cEstoy muy agradecido de haber sido invitado, el Congreso de la WABCG se lleva a cabo anualmente en [&hellip;]<\/p>\n","protected":false},"author":442,"featured_media":6259,"comment_status":"open","ping_status":"open","sticky":false,"template":"","format":"standard","meta":{"_et_pb_use_builder":"","_et_pb_old_content":"","_et_gb_content_width":"","footnotes":""},"categories":[9,10,1],"tags":[33,96,26,30,93,28,86,39],"class_list":["post-6258","post","type-post","status-publish","format-standard","has-post-thumbnail","hentry","category-revista","category-revista-principal","category-sin-categoria","tag-agricultores","tag-agroindustria-de-la-cana-agricultores-cana","tag-cana","tag-cana-de-azucar","tag-cultivadores","tag-procana","tag-sostenibilidad","tag-suelo"],"_links":{"self":[{"href":"https:\/\/procana.org\/site\/wp-json\/wp\/v2\/posts\/6258","targetHints":{"allow":["GET"]}}],"collection":[{"href":"https:\/\/procana.org\/site\/wp-json\/wp\/v2\/posts"}],"about":[{"href":"https:\/\/procana.org\/site\/wp-json\/wp\/v2\/types\/post"}],"author":[{"embeddable":true,"href":"https:\/\/procana.org\/site\/wp-json\/wp\/v2\/users\/442"}],"replies":[{"embeddable":true,"href":"https:\/\/procana.org\/site\/wp-json\/wp\/v2\/comments?post=6258"}],"version-history":[{"count":1,"href":"https:\/\/procana.org\/site\/wp-json\/wp\/v2\/posts\/6258\/revisions"}],"predecessor-version":[{"id":6260,"href":"https:\/\/procana.org\/site\/wp-json\/wp\/v2\/posts\/6258\/revisions\/6260"}],"wp:featuredmedia":[{"embeddable":true,"href":"https:\/\/procana.org\/site\/wp-json\/wp\/v2\/media\/6259"}],"wp:attachment":[{"href":"https:\/\/procana.org\/site\/wp-json\/wp\/v2\/media?parent=6258"}],"wp:term":[{"taxonomy":"category","embeddable":true,"href":"https:\/\/procana.org\/site\/wp-json\/wp\/v2\/categories?post=6258"},{"taxonomy":"post_tag","embeddable":true,"href":"https:\/\/procana.org\/site\/wp-json\/wp\/v2\/tags?post=6258"}],"curies":[{"name":"wp","href":"https:\/\/api.w.org\/{rel}","templated":true}]}}