{"id":6168,"date":"2023-08-15T17:12:20","date_gmt":"2023-08-15T22:12:20","guid":{"rendered":"https:\/\/procana.org\/site\/?p=6168"},"modified":"2023-08-15T17:12:23","modified_gmt":"2023-08-15T22:12:23","slug":"en-asamblea-anual-se-eligio-nueva-junta-directiva","status":"publish","type":"post","link":"https:\/\/procana.org\/site\/en-asamblea-anual-se-eligio-nueva-junta-directiva\/","title":{"rendered":"En Asamblea Anual se eligi\u00f3 nueva junta directiva\u00a0"},"content":{"rendered":"\n<p>Una nueva junta directiva se estableci\u00f3 en la conmemoraci\u00f3n de los 50 a\u00f1os de la Asociaci\u00f3n Colombiana de Productores y Proveedores de Ca\u00f1a de Az\u00facar y durante la L Asamblea Anual Ordinaria.<\/p>\n\n\n\n<p>Los nuevos miembros de junta directiva asumen los principios orientadores que han permitido que desde Proca\u00f1a se promuevan y respeten los valores, permitiendo una interacci\u00f3n arm\u00f3nica que lleve a alcanzar los objetivos trazados. De esta manera, la nueva junta qued\u00f3 compuesta por nueve miembros principales y nueve suplentes, que fueron elegidos por los asamble\u00edstas.<\/p>\n\n\n\n<p><strong>Junta Directiva <\/strong><\/p>\n\n\n\n<p><strong>Miembros principales:\u00a0\u00a0<\/strong><\/p>\n\n\n\n<p>Oscar Fl\u00f3rez Caicedo, Carlos Hernando Molina Dur\u00e1n, Guido Mauricio L\u00f3pez Ochoa, Ana Mar\u00eda Payeras Tenorio, Martha Isabel Lince Cabal, Axel Von Sneidem Calero, Felipe Mej\u00eda Villegas, \u00c1ngela Mar\u00eda Cabal Barona y Juan Manuel Salcedo Cabal.\u00a0<\/p>\n\n\n\n<p><strong>Suplentes\u00a0<\/strong><\/p>\n\n\n\n<p>Felipe Otoya Casasfranco, Juan Ram\u00f3n Guzm\u00e1n S\u00e1nchez, M\u00f3nica Barona Figueroa, Genaro Caicedo Mu\u00f1oz, Andrea Villalobos Vazquezorozco, Rafael Uribe Toro, Mauricio Mej\u00eda Medina, Adriana Guzm\u00e1n Maldonado y Luis Bernardo Renter\u00eda Pilonieta.<\/p>\n\n\n\n<p>Durante la asamblea, la presidenta de la agremiaci\u00f3n, \u00c1ngela Mar\u00eda Cabal Barona, record\u00f3 la invitaci\u00f3n a la uni\u00f3n y el trabajo colaborativo e hizo un llamado para continuar los esfuerzos que permitan encontrar mecanismos que fortalezcan la seguridad, sobre todo, en las zonas rurales y el norte del Cauca.&nbsp;<\/p>\n\n\n\n<p>As\u00ed mismo, resalt\u00f3 el compromiso asumido por la agremiaci\u00f3n desde la convocatoria realizada por el Gobierno Nacional y se\u00f1al\u00f3 que desde hace nueve meses Proca\u00f1a asiste a la mesa del norte del Cauca \u201cen donde hemos aportado ideas y escuchado las propuestas que se hacen, y por supuesto ese compromiso tambi\u00e9n requiere de unas condiciones m\u00ednimas: de seguridad, garant\u00eda del orden constitucional y de los derechos humanos\u201d.<\/p>\n\n\n\n<p>De igual forma, celebr\u00f3 que la nueva Junta Directiva cuente con varios integrantes de las nuevas generaciones dispuestos a trabajar con los principios orientadores como: el respeto por la confidencialidad, sentido de pertenencia, responsabilidad en el empleo de los recursos, responsabilidad social y ambiental, calidad y el respeto por las diferencias.<\/p>\n","protected":false},"excerpt":{"rendered":"<p>Una nueva junta directiva se estableci\u00f3 en la conmemoraci\u00f3n de los 50 a\u00f1os de la Asociaci\u00f3n Colombiana de Productores y Proveedores de Ca\u00f1a de Az\u00facar y durante la L Asamblea Anual Ordinaria. Los nuevos miembros de junta directiva asumen los principios orientadores que han permitido que desde Proca\u00f1a se promuevan y respeten los valores, permitiendo [&hellip;]<\/p>\n","protected":false},"author":442,"featured_media":6169,"comment_status":"open","ping_status":"open","sticky":false,"template":"","format":"standard","meta":{"_et_pb_use_builder":"","_et_pb_old_content":"","_et_gb_content_width":"","footnotes":""},"categories":[9,11],"tags":[33,26,30,27,93,28],"class_list":["post-6168","post","type-post","status-publish","format-standard","has-post-thumbnail","hentry","category-revista","category-revista-general","tag-agricultores","tag-cana","tag-cana-de-azucar","tag-colombia","tag-cultivadores","tag-procana"],"_links":{"self":[{"href":"https:\/\/procana.org\/site\/wp-json\/wp\/v2\/posts\/6168","targetHints":{"allow":["GET"]}}],"collection":[{"href":"https:\/\/procana.org\/site\/wp-json\/wp\/v2\/posts"}],"about":[{"href":"https:\/\/procana.org\/site\/wp-json\/wp\/v2\/types\/post"}],"author":[{"embeddable":true,"href":"https:\/\/procana.org\/site\/wp-json\/wp\/v2\/users\/442"}],"replies":[{"embeddable":true,"href":"https:\/\/procana.org\/site\/wp-json\/wp\/v2\/comments?post=6168"}],"version-history":[{"count":1,"href":"https:\/\/procana.org\/site\/wp-json\/wp\/v2\/posts\/6168\/revisions"}],"predecessor-version":[{"id":6170,"href":"https:\/\/procana.org\/site\/wp-json\/wp\/v2\/posts\/6168\/revisions\/6170"}],"wp:featuredmedia":[{"embeddable":true,"href":"https:\/\/procana.org\/site\/wp-json\/wp\/v2\/media\/6169"}],"wp:attachment":[{"href":"https:\/\/procana.org\/site\/wp-json\/wp\/v2\/media?parent=6168"}],"wp:term":[{"taxonomy":"category","embeddable":true,"href":"https:\/\/procana.org\/site\/wp-json\/wp\/v2\/categories?post=6168"},{"taxonomy":"post_tag","embeddable":true,"href":"https:\/\/procana.org\/site\/wp-json\/wp\/v2\/tags?post=6168"}],"curies":[{"name":"wp","href":"https:\/\/api.w.org\/{rel}","templated":true}]}}