{"id":6120,"date":"2023-08-01T15:00:02","date_gmt":"2023-08-01T20:00:02","guid":{"rendered":"https:\/\/procana.org\/site\/?p=6120"},"modified":"2023-08-01T16:15:39","modified_gmt":"2023-08-01T21:15:39","slug":"aniversario-50-de-procana","status":"publish","type":"post","link":"https:\/\/procana.org\/site\/aniversario-50-de-procana\/","title":{"rendered":"Aniversario 50 de Proca\u00f1a"},"content":{"rendered":"\n<p>Por: Jorge Enrique Bedoya, presidente de la SAC<\/p>\n\n\n\n<p>Proca\u00f1a cumple 50 a\u00f1os de existencia en momentos en los que la labor gremial es m\u00e1s exigente y necesaria. La violencia contra trabajadores rurales en el norte del Cauca y los crecientes problemas de seguridad en el suroccidente colombiano, la llegada de un nuevo gobierno y sus propuestas de reformas y pol\u00edticas, que definen la suerte de muchos sectores de la producci\u00f3n agropecuaria.&nbsp;<\/p>\n\n\n\n<p>Las din\u00e1micas pol\u00edticas y las elecciones de alcaldes y gobernadores que est\u00e1n cada d\u00eda m\u00e1s cerca, los constantes bloqueos a corredores viales cr\u00edticos del pa\u00eds, los cambios en el clima que impactan considerablemente a nuestro sector y los retos del mercado laboral rural, son algunos de los temas que debemos atender y trabajar de manera conjunta al interior de la SAC y de sus afiliados.&nbsp;<\/p>\n\n\n\n<p><strong>Por esto desde nuestra Junta Directiva reconocemos, valoramos y agradecemos el permanente apoyo, compromiso y trabajo en equipo que desarrollamos con Martha Betancourt, directora ejecutiva de Proca\u00f1a, y su equipo de colaboradores en cada uno de estos temas.&nbsp;<\/strong><\/p>\n\n\n\n<p>La articulaci\u00f3n en la b\u00fasqueda de las mejores pol\u00edticas p\u00fablicas transversales para nuestro agro pasa por el entendimiento de las necesidades de cada uno de los sectores que lo componen, la discusi\u00f3n t\u00e9cnica sobre los temas estrat\u00e9gicos, y claro, la definici\u00f3n consensuada del curso de acci\u00f3n a seguir en la gesti\u00f3n con las diferentes ramas del poder p\u00fablico. En este proceso hemos sido afortunados de contar con el liderazgo y persistencia de Martha, que complementa la activa participaci\u00f3n de los representantes de los dem\u00e1s afiliados a la SAC.<\/p>\n\n\n\n<p>Es claro que los temas nacionales no definen exclusivamente la gesti\u00f3n gremial a nivel territorial, la cual requiere de un esfuerzo permanente en un entorno que es din\u00e1mico y exigente por las caracter\u00edsticas sociales y pol\u00edticas del territorio. Y por eso aplaudimos el compromiso y liderazgo que durante 50 a\u00f1os ha tenido Proca\u00f1a para el cumplimiento de la misi\u00f3n de mejorar la calidad de vida de los cerca de 4.500 productores de ca\u00f1a que tiene nuestro pa\u00eds y que hacen parte de una importante cadena productiva que genera 286 mil empleos y beneficia a m\u00e1s de 1,2 millones de personas en los departamentos del Valle, Cauca, Risaralda, Quind\u00edo y Caldas.&nbsp;<\/p>\n\n\n\n<p>Su trabajo, que tambi\u00e9n apunta al desarrollo sostenible del territorio y al mejoramiento de la sana convivencia entre los pobladores de las regiones, sigue siendo fundamental para una Colombia que no se cansa de reclamar seguridad rural, empleo formal, educaci\u00f3n y plena dotaci\u00f3n de bienes p\u00fablicos de calidad para el campo, factores cr\u00edticos para la competitividad de nuestros productores.&nbsp;<\/p>\n\n\n\n<p>Desde su fundaci\u00f3n en 1973, apoyar el conocimiento t\u00e9cnico de cara a mejorar la productividad del cultivo fue una de las banderas de esta asociaci\u00f3n. Diez a\u00f1os despu\u00e9s y anticipando los retos que traer\u00eda la producci\u00f3n de alcohol carburante, Proca\u00f1a lider\u00f3 diferentes actividades de investigaci\u00f3n, capacitaci\u00f3n y de elaboraci\u00f3n de propuestas de pol\u00edtica p\u00fablica.&nbsp;<\/p>\n\n\n\n<p>A partir del 2012 se fortalece la internacionalizaci\u00f3n&nbsp; gremial con la participaci\u00f3n en eventos sectoriales y con la construcci\u00f3n de alianzas estrat\u00e9gicas para el desarrollo de proyectos relacionados con la sostenibilidad, las buenas pr\u00e1cticas, el relevo generacional y la generaci\u00f3n de valor agregado en la cadena productiva. Todos estos temas contin\u00faan vigentes en la agenda sectorial y refuerzan la gesti\u00f3n para la mejora competitiva de sus productores.<\/p>\n\n\n\n<p>El papel de Proca\u00f1a en la defensa de la propiedad privada, en el justo reclamo a las autoridades frente a las necesidades de garant\u00edas de seguridad territorial y en la b\u00fasqueda de soluciones a los m\u00faltiples retos del suroccidente colombiano tambi\u00e9n hacen parte de esa gesti\u00f3n que se complementa en el territorio con la de otros afiliados a la SAC y que siempre buscamos complementar a nivel nacional.<\/p>\n\n\n\n<p><strong>Los afiliados a Proca\u00f1a se deben sentir orgullosos de pertenecer a una instituci\u00f3n que trabaja permanentemente&nbsp; en todos los frentes que definen la competitividad, viabilidad, bienestar y futuro no solo del sector, de sus productores y colaboradores, sino tambi\u00e9n de los pobladores de las zonas donde se desarrolla su actividad.<\/strong><\/p>\n\n\n\n<p>Nuestro deseo es que durante los pr\u00f3ximos 50 a\u00f1os sus afiliados contin\u00faen fortaleciendo y apoyando a esta organizaci\u00f3n y claro, que podamos seguir contando con su decidida participaci\u00f3n en la Sociedad de Agricultores de Colombia.\u00a0\u00a0<\/p>\n\n\n\n<p>De nuestra parte, saben que cuentan con nuestro compromiso para seguir gestionando en todos los escenarios las pol\u00edticas que beneficien a esta gran cadena productiva y a todos los sectores del agro colombiano.<\/p>\n\n\n\n<p><strong>\u00a1Felicitaciones en estos primeros 50 a\u00f1os!<\/strong><\/p>\n","protected":false},"excerpt":{"rendered":"<p>Por: Jorge Enrique Bedoya, presidente de la SAC Proca\u00f1a cumple 50 a\u00f1os de existencia en momentos en los que la labor gremial es m\u00e1s exigente y necesaria. La violencia contra trabajadores rurales en el norte del Cauca y los crecientes problemas de seguridad en el suroccidente colombiano, la llegada de un nuevo gobierno y sus [&hellip;]<\/p>\n","protected":false},"author":1,"featured_media":6121,"comment_status":"open","ping_status":"open","sticky":false,"template":"","format":"standard","meta":{"_et_pb_use_builder":"","_et_pb_old_content":"","_et_gb_content_width":"","footnotes":""},"categories":[9,10,1],"tags":[33,96,26,30,27,93,87,28,86,39],"class_list":["post-6120","post","type-post","status-publish","format-standard","has-post-thumbnail","hentry","category-revista","category-revista-principal","category-sin-categoria","tag-agricultores","tag-agroindustria-de-la-cana-agricultores-cana","tag-cana","tag-cana-de-azucar","tag-colombia","tag-cultivadores","tag-guia-de-cana-sostenible","tag-procana","tag-sostenibilidad","tag-suelo"],"_links":{"self":[{"href":"https:\/\/procana.org\/site\/wp-json\/wp\/v2\/posts\/6120","targetHints":{"allow":["GET"]}}],"collection":[{"href":"https:\/\/procana.org\/site\/wp-json\/wp\/v2\/posts"}],"about":[{"href":"https:\/\/procana.org\/site\/wp-json\/wp\/v2\/types\/post"}],"author":[{"embeddable":true,"href":"https:\/\/procana.org\/site\/wp-json\/wp\/v2\/users\/1"}],"replies":[{"embeddable":true,"href":"https:\/\/procana.org\/site\/wp-json\/wp\/v2\/comments?post=6120"}],"version-history":[{"count":4,"href":"https:\/\/procana.org\/site\/wp-json\/wp\/v2\/posts\/6120\/revisions"}],"predecessor-version":[{"id":6137,"href":"https:\/\/procana.org\/site\/wp-json\/wp\/v2\/posts\/6120\/revisions\/6137"}],"wp:featuredmedia":[{"embeddable":true,"href":"https:\/\/procana.org\/site\/wp-json\/wp\/v2\/media\/6121"}],"wp:attachment":[{"href":"https:\/\/procana.org\/site\/wp-json\/wp\/v2\/media?parent=6120"}],"wp:term":[{"taxonomy":"category","embeddable":true,"href":"https:\/\/procana.org\/site\/wp-json\/wp\/v2\/categories?post=6120"},{"taxonomy":"post_tag","embeddable":true,"href":"https:\/\/procana.org\/site\/wp-json\/wp\/v2\/tags?post=6120"}],"curies":[{"name":"wp","href":"https:\/\/api.w.org\/{rel}","templated":true}]}}