{"id":6106,"date":"2023-07-26T16:10:07","date_gmt":"2023-07-26T21:10:07","guid":{"rendered":"https:\/\/procana.org\/site\/?p=6106"},"modified":"2023-07-26T16:13:25","modified_gmt":"2023-07-26T21:13:25","slug":"la-asamblea-ordinaria-de-afiliados-a-procana-gestiones-estrategicas-de-procana-2022","status":"publish","type":"post","link":"https:\/\/procana.org\/site\/la-asamblea-ordinaria-de-afiliados-a-procana-gestiones-estrategicas-de-procana-2022\/","title":{"rendered":"La Asamblea Ordinaria de Afiliados a Proca\u00f1a       Gestiones estrat\u00e9gicas de 2022"},"content":{"rendered":"\n<p>Por: <strong>\u00c1ngela Mar\u00eda Cabal Barona, <\/strong>Expresidente de la Junta Directiva de PROCA\u00d1A<\/p>\n\n\n\n<p>Proca\u00f1a ha celebrado su Asamblea Anual Ordinaria y los 50 a\u00f1os de vida gremial valorando positivamente los resultados en un entorno complejo y recordando la importancia del trabajo en equipo para alcanzar las metas propuestas.<\/p>\n\n\n\n<p>Durante los tres d\u00edas del Congreso Internacional con la Asociaci\u00f3n Mundial de Cultivadores de Remolacha y Ca\u00f1a de az\u00facar (WABCG por sus siglas en ingl\u00e9s), y en el informe de gesti\u00f3n del ejercicio 2022, qued\u00f3 demostrado el compromiso que los agricultores de ca\u00f1a, Proca\u00f1a y otras entidades del sector han manifestado a lo largo de 150 a\u00f1os de historia y que nos ubican como los m\u00e1s productivos en TCH.<\/p>\n\n\n\n<p>La muestra m\u00e1s reciente de esta uni\u00f3n de voluntades es la creaci\u00f3n del Fondo Social de la Agroindustria de la ca\u00f1a, pionero en su clase en Colombia.&nbsp; Desde el 2019 agricultores e ingenios decidieron aportar voluntariamente un porcentaje de sus ventas de az\u00facar y etanol para proyectos de beneficio social y ambiental en el territorio.<\/p>\n\n\n\n<p>Inici\u00f3 con el 0,04%, luego aument\u00f3 &nbsp;al &nbsp;0.25% y en nuestra m\u00e1s reciente asamblea &nbsp;recibi\u00f3 el benepl\u00e1cito de todos los asistentes para llegar al 0.50%, motivados por la coyuntura que vive el pa\u00eds, que requiere la participaci\u00f3n decidida en la consolidaci\u00f3n de estrategias que contribuyan a mejores condiciones de vida y desarrollo del capital humano.<\/p>\n\n\n\n<p>El aumento del 0.25% a 0.50% equivale a $3,597 millones que ser\u00e1n destinados exclusivamente a proyectos Productivos del Norte del Cauca y equivalen a un aporte de $97.000 pesos por hect\u00e1rea cosechada.<\/p>\n\n\n\n<p>El esfuerzo econ\u00f3mico que estamos haciendo va acompa\u00f1ado de peticiones firmes a las comunidades y al Gobierno Nacional en el restablecimiento del orden constitucional en el territorio, seguridad, respeto por la vida y la propiedad privada. Igualmente, al derecho al trabajo y a la libre movilidad; y al desarrollo de la libre empresa que pueda llevar al pacto de no agresi\u00f3n o de convivencia en un territorio donde todos cabemos, tenemos derechos y deberes que deben ser garantizados por el Estado.&nbsp;<\/p>\n\n\n\n<p>Al celebrar 50 a\u00f1os reafirmamos nuestro compromiso de continuar innovando y promoviendo el desarrollo sostenible en la producci\u00f3n de ca\u00f1a de az\u00facar en Colombia.<\/p>\n\n\n\n<p>Hoy m\u00e1s que nunca debemos mostrar con hechos nuestra voluntad de seguir haciendo parte de la soluci\u00f3n a problemas regionales que ponen en riesgo la propiedad privada y amenazan la viabilidad de nuestra regi\u00f3n y la estabilidad del pa\u00eds.<\/p>\n\n\n\n<p><strong>Cada d\u00eda se evidencia de manera m\u00e1s contundente la importancia de estar unidos, involucrar a nuestros hijos en el negocio y en el gremio, trabajar en equipo para fortalecer la representaci\u00f3n gremial, generando sinergias que nos permitan mayor compromiso ambiental y social que beneficien a las comunidades de la regi\u00f3n.<\/strong><\/p>\n\n\n\n<p>Gracias a todos los agricultores de ca\u00f1a por confiar en Proca\u00f1a, en sus representantes y en la institucionalidad, unidos seguiremos contribuyendo al bienestar de nuestras familias, del sector y del pa\u00eds.<\/p>\n\n\n\n<p><strong>\u00a1Felices 50 a\u00f1os, Proca\u00f1a!<\/strong><\/p>\n","protected":false},"excerpt":{"rendered":"<p>Por: \u00c1ngela Mar\u00eda Cabal Barona, Expresidente de la Junta Directiva de PROCA\u00d1A Proca\u00f1a ha celebrado su Asamblea Anual Ordinaria y los 50 a\u00f1os de vida gremial valorando positivamente los resultados en un entorno complejo y recordando la importancia del trabajo en equipo para alcanzar las metas propuestas. Durante los tres d\u00edas del Congreso Internacional con [&hellip;]<\/p>\n","protected":false},"author":442,"featured_media":6107,"comment_status":"open","ping_status":"open","sticky":false,"template":"","format":"standard","meta":{"_et_pb_use_builder":"","_et_pb_old_content":"","_et_gb_content_width":"","footnotes":""},"categories":[9,10,1],"tags":[61,33,26,93,28],"class_list":["post-6106","post","type-post","status-publish","format-standard","has-post-thumbnail","hentry","category-revista","category-revista-principal","category-sin-categoria","tag-50-anos","tag-agricultores","tag-cana","tag-cultivadores","tag-procana"],"_links":{"self":[{"href":"https:\/\/procana.org\/site\/wp-json\/wp\/v2\/posts\/6106","targetHints":{"allow":["GET"]}}],"collection":[{"href":"https:\/\/procana.org\/site\/wp-json\/wp\/v2\/posts"}],"about":[{"href":"https:\/\/procana.org\/site\/wp-json\/wp\/v2\/types\/post"}],"author":[{"embeddable":true,"href":"https:\/\/procana.org\/site\/wp-json\/wp\/v2\/users\/442"}],"replies":[{"embeddable":true,"href":"https:\/\/procana.org\/site\/wp-json\/wp\/v2\/comments?post=6106"}],"version-history":[{"count":2,"href":"https:\/\/procana.org\/site\/wp-json\/wp\/v2\/posts\/6106\/revisions"}],"predecessor-version":[{"id":6110,"href":"https:\/\/procana.org\/site\/wp-json\/wp\/v2\/posts\/6106\/revisions\/6110"}],"wp:featuredmedia":[{"embeddable":true,"href":"https:\/\/procana.org\/site\/wp-json\/wp\/v2\/media\/6107"}],"wp:attachment":[{"href":"https:\/\/procana.org\/site\/wp-json\/wp\/v2\/media?parent=6106"}],"wp:term":[{"taxonomy":"category","embeddable":true,"href":"https:\/\/procana.org\/site\/wp-json\/wp\/v2\/categories?post=6106"},{"taxonomy":"post_tag","embeddable":true,"href":"https:\/\/procana.org\/site\/wp-json\/wp\/v2\/tags?post=6106"}],"curies":[{"name":"wp","href":"https:\/\/api.w.org\/{rel}","templated":true}]}}