{"id":6057,"date":"2023-07-18T13:43:59","date_gmt":"2023-07-18T18:43:59","guid":{"rendered":"https:\/\/procana.org\/site\/?p=6057"},"modified":"2023-07-18T13:44:02","modified_gmt":"2023-07-18T18:44:02","slug":"acciones-urgentes-requiere-el-conflicto-en-el-norte-del-cauca","status":"publish","type":"post","link":"https:\/\/procana.org\/site\/acciones-urgentes-requiere-el-conflicto-en-el-norte-del-cauca\/","title":{"rendered":"Acciones urgentes requiere el conflicto en el norte del Cauca\u00a0"},"content":{"rendered":"\n<p>El compromiso de Proca\u00f1a en la b\u00fasqueda de alternativas para solucionar la problem\u00e1tica del norte del Cauca es evidente, y de ello da cuenta la participaci\u00f3n en diversos comit\u00e9s, entre ellos el Plan de Acci\u00f3n liderado por el entonces Ministro de Defensa Carlos Holmes Trujillo (QEPD), buscando atender la situaci\u00f3n m\u00e1s coyuntural desde la constituci\u00f3n del gremio.<\/p>\n\n\n\n<p>Desde el&nbsp; 2022 cuando el gobierno expidi\u00f3 la Resoluci\u00f3n 1691, hasta la fecha, hemos asistido a 66 reuniones, m\u00e1s de 117 horas a la que tambi\u00e9n han sido convocados representantes de organizaciones campesinas, afrodescendientes, ind\u00edgenas, empresarios, agricultores, gremios,&nbsp; representantes de trabajadores, organizaciones internacionales de DDHH, gobiernos locales, departamentales y el Gobierno Nacional con el fin de crear un espacio de di\u00e1logo, conciliaci\u00f3n, concertaci\u00f3n y\/o mediaci\u00f3n entre las partes.&nbsp;<\/p>\n\n\n\n<p>Vale la pena destacar que como resultado de las reuniones se logr\u00f3 un espacio de 95 d\u00edas de calma, fue una ventana de esperanza para seguir apost\u00e1ndole al di\u00e1logo como camino para construir un proyecto de regi\u00f3n, un camino para la paz y el desarrollo social y regional. Lamentablemente a inicios de este a\u00f1o esa calma fue interrumpida por el asesinado de dos trabajadores.<\/p>\n\n\n\n<p>\u00a1Nos duele que en el Cauca no cesen las hostilidades!&nbsp; Por cuenta de la inseguridad en la zona hay 5.000 hect\u00e1reas sin poder producir ocasionando la p\u00e9rdida de 6.000 empleos, afectando toda la cadena de valor: agricultores,&nbsp; trabajadores y sus familias que pierden sus ingresos y a una serie de Pymes (contratistas y empresas), que ofrecen bienes y servicios en esa zona y tambi\u00e9n generan puestos de trabajo, de manera indirecta, para la agroindustria de la ca\u00f1a de az\u00facar.<\/p>\n\n\n\n<p>En la memoria de todos est\u00e1n episodios violentos que a la fecha nos deja como saldo a cinco trabajadores muertos, ocho heridos y un secuestrado en las incursiones ilegales a los predios, adem\u00e1s de los impactos en: la infraestructura, el medio ambiente, la tranquilidad, la protecci\u00f3n a los derechos humanos, el derecho al trabajo y a la libre asociaci\u00f3n y&nbsp; la producci\u00f3n de alimentos que tiene una especial protecci\u00f3n constitucional por la importancia para el pa\u00eds.<\/p>\n\n\n\n<p>Nos mantenemos en la mesa, pero consideramos que se requieren de condiciones m\u00ednimas como: seguridad para el ejercicio de la actividad agroindustrial que evite las amenazas a los trabajadores y propietarios de los cultivos de ca\u00f1a, propenda por el orden constitucional y la preservaci\u00f3n de los derechos humanos de todos los habitantes del territorio por igual.<\/p>\n\n\n\n<p>Para Proca\u00f1a, el desarrollo rural integral debe ser uno de los objetivos del Gobierno Nacional, pero este s\u00f3lo es posible cuando las tierras realmente son productivas, porque el problema del campo va m\u00e1s all\u00e1 de la propiedad de la tierra. Los agricultores requieren financiaci\u00f3n suficiente, asistencia t\u00e9cnica permanente y asesor\u00eda en la comercializaci\u00f3n y administraci\u00f3n de sus productos para que sean sostenibles en el tiempo y econ\u00f3micamente viables.<\/p>\n\n\n\n<p>Como&nbsp; sector&nbsp; ofrecemos nuestro concurso y experiencia de m\u00e1s de 100 a\u00f1os en agricultura contractual y conocimiento t\u00e9cnico, para que el campo sea realmente productivo para los peque\u00f1os campesinos.<\/p>\n\n\n\n<p>Reiteramos al Gobierno Nacional la necesidad urgente de implementar estrategias efectivas que garanticen las condiciones de seguridad de la regi\u00f3n, de sus habitantes, el cumplimiento del orden constitucional y el respeto de los derechos humanos, solo de esta forma puede mantenerse el di\u00e1logo en la Mesa del Norte del Cauca.<\/p>\n","protected":false},"excerpt":{"rendered":"<p>El compromiso de Proca\u00f1a en la b\u00fasqueda de alternativas para solucionar la problem\u00e1tica del norte del Cauca es evidente, y de ello da cuenta la participaci\u00f3n en diversos comit\u00e9s, entre ellos el Plan de Acci\u00f3n liderado por el entonces Ministro de Defensa Carlos Holmes Trujillo (QEPD), buscando atender la situaci\u00f3n m\u00e1s coyuntural desde la constituci\u00f3n [&hellip;]<\/p>\n","protected":false},"author":442,"featured_media":6069,"comment_status":"open","ping_status":"open","sticky":false,"template":"","format":"standard","meta":{"_et_pb_use_builder":"on","_et_pb_old_content":"<!-- wp:paragraph -->\n<p>El compromiso de Proca\u00f1a en la b\u00fasqueda de alternativas para solucionar la problem\u00e1tica del norte del Cauca es evidente, y de ello da cuenta la participaci\u00f3n en diversos comit\u00e9s, entre ellos el Plan de Acci\u00f3n liderado por el entonces Ministro de Defensa Carlos Holmes Trujillo (QEPD), buscando atender la situaci\u00f3n m\u00e1s coyuntural desde la constituci\u00f3n del gremio.<\/p>\n<!-- \/wp:paragraph -->\n\n<!-- wp:paragraph -->\n<p>Desde el&nbsp; 2022 cuando el gobierno expidi\u00f3 la Resoluci\u00f3n 1691, hasta la fecha, hemos asistido a 66 reuniones, m\u00e1s de 117 horas a la que tambi\u00e9n han sido convocados representantes de organizaciones campesinas, afrodescendientes, ind\u00edgenas, empresarios, agricultores, gremios,&nbsp; representantes de trabajadores, organizaciones internacionales de DDHH, gobiernos locales, departamentales y el Gobierno Nacional con el fin de crear un espacio de di\u00e1logo, conciliaci\u00f3n, concertaci\u00f3n y\/o mediaci\u00f3n entre las partes.&nbsp;<\/p>\n<!-- \/wp:paragraph -->\n\n<!-- wp:paragraph -->\n<p>Vale la pena destacar que como resultado de las reuniones se logr\u00f3 un espacio de 95 d\u00edas de calma, fue una ventana de esperanza para seguir apost\u00e1ndole al di\u00e1logo como camino para construir un proyecto de regi\u00f3n, un camino para la paz y el desarrollo social y regional. Lamentablemente a inicios de este a\u00f1o esa calma fue interrumpida por el asesinado de dos trabajadores.<\/p>\n<!-- \/wp:paragraph -->\n\n<!-- wp:paragraph -->\n<p>\u00a1Nos duele que en el Cauca no cesen las hostilidades!&nbsp; Por cuenta de la inseguridad en la zona hay 5.000 hect\u00e1reas sin poder producir ocasionando la p\u00e9rdida de 6.000 empleos, afectando toda la cadena de valor: agricultores,&nbsp; trabajadores y sus familias que pierden sus ingresos y a una serie de Pymes (contratistas y empresas), que ofrecen bienes y servicios en esa zona y tambi\u00e9n generan puestos de trabajo, de manera indirecta, para la agroindustria de la ca\u00f1a de az\u00facar.<\/p>\n<!-- \/wp:paragraph -->\n\n<!-- wp:paragraph -->\n<p>En la memoria de todos est\u00e1n episodios violentos que a la fecha nos deja como saldo a cinco trabajadores muertos, ocho heridos y un secuestrado en las incursiones ilegales a los predios, adem\u00e1s de los impactos en: la infraestructura, el medio ambiente, la tranquilidad, la protecci\u00f3n a los derechos humanos, el derecho al trabajo y a la libre asociaci\u00f3n y&nbsp; la producci\u00f3n de alimentos que tiene una especial protecci\u00f3n constitucional por la importancia para el pa\u00eds.<\/p>\n<!-- \/wp:paragraph -->\n\n<!-- wp:paragraph -->\n<p>Nos mantenemos en la mesa, pero consideramos que se requieren de condiciones m\u00ednimas como: seguridad para el ejercicio de la actividad agroindustrial que evite las amenazas a los trabajadores y propietarios de los cultivos de ca\u00f1a, propenda por el orden constitucional y la preservaci\u00f3n de los derechos humanos de todos los habitantes del territorio por igual.<\/p>\n<!-- \/wp:paragraph -->\n\n<!-- wp:paragraph -->\n<p>Para Proca\u00f1a, el desarrollo rural integral debe ser uno de los objetivos del Gobierno Nacional, pero este s\u00f3lo es posible cuando las tierras realmente son productivas, porque el problema del campo va m\u00e1s all\u00e1 de la propiedad de la tierra. Los agricultores requieren financiaci\u00f3n suficiente, asistencia t\u00e9cnica permanente y asesor\u00eda en la comercializaci\u00f3n y administraci\u00f3n de sus productos para que sean sostenibles en el tiempo y econ\u00f3micamente viables.<\/p>\n<!-- \/wp:paragraph -->\n\n<!-- wp:paragraph -->\n<p>Como&nbsp; sector&nbsp; ofrecemos nuestro concurso y experiencia de m\u00e1s de 100 a\u00f1os en agricultura contractual y conocimiento t\u00e9cnico, para que el campo sea realmente productivo para los peque\u00f1os campesinos.<\/p>\n<!-- \/wp:paragraph -->\n\n<!-- wp:paragraph -->\n<p>Reiteramos al Gobierno Nacional la necesidad urgente de implementar estrategias efectivas que garanticen las condiciones de seguridad de la regi\u00f3n, de sus habitantes, el cumplimiento del orden constitucional y el respeto de los derechos humanos, solo de esta forma puede mantenerse el di\u00e1logo en la Mesa del Norte del Cauca.<\/p>\n<!-- \/wp:paragraph -->","_et_gb_content_width":"","footnotes":""},"categories":[9,10],"tags":[26,30,91,92,90,28],"class_list":["post-6057","post","type-post","status-publish","format-standard","has-post-thumbnail","hentry","category-revista","category-revista-principal","tag-cana","tag-cana-de-azucar","tag-cauca","tag-conflicto","tag-norte-del-cauca","tag-procana"],"_links":{"self":[{"href":"https:\/\/procana.org\/site\/wp-json\/wp\/v2\/posts\/6057","targetHints":{"allow":["GET"]}}],"collection":[{"href":"https:\/\/procana.org\/site\/wp-json\/wp\/v2\/posts"}],"about":[{"href":"https:\/\/procana.org\/site\/wp-json\/wp\/v2\/types\/post"}],"author":[{"embeddable":true,"href":"https:\/\/procana.org\/site\/wp-json\/wp\/v2\/users\/442"}],"replies":[{"embeddable":true,"href":"https:\/\/procana.org\/site\/wp-json\/wp\/v2\/comments?post=6057"}],"version-history":[{"count":6,"href":"https:\/\/procana.org\/site\/wp-json\/wp\/v2\/posts\/6057\/revisions"}],"predecessor-version":[{"id":6067,"href":"https:\/\/procana.org\/site\/wp-json\/wp\/v2\/posts\/6057\/revisions\/6067"}],"wp:featuredmedia":[{"embeddable":true,"href":"https:\/\/procana.org\/site\/wp-json\/wp\/v2\/media\/6069"}],"wp:attachment":[{"href":"https:\/\/procana.org\/site\/wp-json\/wp\/v2\/media?parent=6057"}],"wp:term":[{"taxonomy":"category","embeddable":true,"href":"https:\/\/procana.org\/site\/wp-json\/wp\/v2\/categories?post=6057"},{"taxonomy":"post_tag","embeddable":true,"href":"https:\/\/procana.org\/site\/wp-json\/wp\/v2\/tags?post=6057"}],"curies":[{"name":"wp","href":"https:\/\/api.w.org\/{rel}","templated":true}]}}