{"id":5853,"date":"2023-06-13T18:15:02","date_gmt":"2023-06-13T23:15:02","guid":{"rendered":"https:\/\/procana.org\/site\/?p=5853"},"modified":"2023-07-19T10:18:01","modified_gmt":"2023-07-19T15:18:01","slug":"procana-cumple-50-anos","status":"publish","type":"post","link":"https:\/\/procana.org\/site\/procana-cumple-50-anos\/","title":{"rendered":"PROCA\u00d1A CUMPLE 50 A\u00d1OS"},"content":{"rendered":"\n<p>La Asociaci\u00f3n Colombiana de Productores y Proveedores de Ca\u00f1a de Az\u00facar \u2013 PROCA\u00d1A, fue fundada el 15 de junio de 1973, gracias a la gesti\u00f3n de Oscar Ulloa Caicedo, Jaime Dom\u00ednguez V\u00e1squez, Eduardo Ca\u00f1\u00f3n Bravo, Guillermo Eduardo Ulloa, Carlos Bueno, Jos\u00e9 Antonio Bueno, Mario Hernando Salcedo, entre otros. Estos ilustres ciudadanos sintieron la necesidad de que los agricultores de ca\u00f1a de az\u00facar tuvieran una representaci\u00f3n gremial ante los ingenios y las entidades gubernamentales.<\/p>\n\n\n\n<p>Desde su fundaci\u00f3n PROCA\u00d1A ha sido la encargada de:<\/p>\n\n\n\n<ul class=\"wp-block-list\">\n<li>Analizar, evaluar y mantener actualizada la informaci\u00f3n del sector<\/li>\n\n\n\n<li>Impulsar mejores pr\u00e1cticas agr\u00edcolas en el cultivo de la ca\u00f1a<\/li>\n\n\n\n<li>Velar por los intereses de los agricultores de ca\u00f1a<\/li>\n\n\n\n<li>Promover la conciencia por la sostenibilidad social, ambiental y econ\u00f3mica<\/li>\n<\/ul>\n\n\n\n<p>Estas y muchas gestiones m\u00e1s han permitido que PROCA\u00d1A se consolide como uno de los actores principales del sector de la agroindustria de la ca\u00f1a en todo el valle geogr\u00e1fico del r\u00edo Cauca.<\/p>\n\n\n\n<p><strong>Eventos Proca\u00f1a<\/strong><\/p>\n\n\n\n<p>La Asociaci\u00f3n se ha caracterizado por brindar a sus afiliados y a personas interesadas en el sector eventos de inter\u00e9s que les permitan aumentar su conocimiento, implementar nuevas pr\u00e1cticas en sus cultivos y solucionar dudas ambientales, econ\u00f3micas o pol\u00edticas. <\/p>\n\n\n\n<p>Estos son:<\/p>\n\n\n\n<ul class=\"wp-block-list\">\n<li>D\u00eda de Campo<\/li>\n\n\n\n<li>Encuentro Ca\u00f1icultor<\/li>\n\n\n\n<li>Seminario de Costos de Producci\u00f3n de la Ca\u00f1a de Az\u00facar<\/li>\n\n\n\n<li>Seminarito Tributario<\/li>\n\n\n\n<li>Asamblea Ordinaria<\/li>\n<\/ul>\n\n\n\n<p>Anualmente los afiliados se re\u00fanen para conocer el balance de gesti\u00f3n de la Direcci\u00f3n Ejecutiva, identificar las l\u00edneas de trabajo y los retos que vienen como gremio. Cada dos a\u00f1os eligen nueva Junta Directiva, hecho que en esta ocasi\u00f3n, coincide con el quincuag\u00e9simo aniversario de su fundaci\u00f3n.<\/p>\n\n\n\n<p><strong>Programas Proca\u00f1a<\/strong><\/p>\n\n\n\n<p>A lo largo de cinco d\u00e9cadas los programas sociales han sido fundamentales en la l\u00ednea de trabajo. Por esta raz\u00f3n, Proca\u00f1a ha participado en numerosas iniciativas sectoriales en alianza con otras asociaciones y\/o fundaciones, y tambi\u00e9n ha impulsado proyectos propios que benefician a las comunidades, afiliados y miembros del sector agroindustrial de la ca\u00f1a.\u00a0<\/p>\n\n\n\n<p><strong>Sectoriales<\/strong><\/p>\n\n\n\n<p><strong>Coraz\u00f3n de Ca\u00f1a:<\/strong> Marca del sector agroindustrial de la ca\u00f1a en Colombia.<\/p>\n\n\n\n<p><strong>Fondo Social:<\/strong> Donaciones voluntarias de agricultores e ingenios para invertir en comunidades rurales de la zona de ladera y alta monta\u00f1a.<\/p>\n\n\n\n<p><strong>Compromiso Rural:<\/strong> Capacitaci\u00f3n y generaci\u00f3n de empleo.<\/p>\n\n\n\n<p><strong>Integra:<\/strong> Plataforma tecnol\u00f3gica donde los agricultores miden sus indicadores de gesti\u00f3n y generan un plan de acci\u00f3n.<\/p>\n\n\n\n<p><strong>Institucionales<\/strong><\/p>\n\n\n\n<p><strong>Nuevas Generaciones:<\/strong> Motivaci\u00f3n a los hijos de los agricultores de ca\u00f1a para que se involucren en gremio.\u00a0<\/p>\n\n\n\n<p><strong>Somos Sostenibles:<\/strong> En Nuevas Generaciones lideran este proyecto que hoy en d\u00eda cuenta con 6.397 \u00e1rboles sembrados.<\/p>\n\n\n\n<p><strong>ALDEAS:<\/strong> Proca\u00f1a y las fundaciones Caicedo Gonz\u00e1lez Riopaila Castilla, El Amparo y Mariana Hoyos de Guti\u00e9rrez, consolidaron la Alianza para el Desarrollo Ambiental, Econ\u00f3mico y Social, buscando potenciar el trabajo articulado de los sectores empresarial y social para cocrear con las comunidades.<\/p>\n\n\n\n<p>A lo largo de estos 50 a\u00f1os PROCA\u00d1A ha contribuido a posicionar el sector agroindustrial de la ca\u00f1a de az\u00facar a nivel nacional e internacional, ya que como organizaci\u00f3n hace parte de reconocidas entidades globales como la WABCG (World Association of Beet and Cane Growers). Adem\u00e1s de organizar reconocidos eventos como el Congreso Internacional de Cultivadores de Ca\u00f1a, Seminarios Internacionales y Expoca\u00f1a Internacional en sus diferentes versiones, siendo este \u00faltimo, uno de los m\u00e1s importantes en el sector.&nbsp;<\/p>\n\n\n\n<p><strong>PROCA\u00d1A<\/strong> se siente orgullosa por el compromiso que tienen los agricultores de la ca\u00f1a con su regi\u00f3n, sus trabajadores y la sostenibilidad.<\/p>\n\n\n\n<p><strong>\u00a1La ca\u00f1icultura es la actividad agr\u00edcola m\u00e1s responsable ambientalmente!<\/strong><\/p>\n","protected":false},"excerpt":{"rendered":"<p>La Asociaci\u00f3n Colombiana de Productores y Proveedores de Ca\u00f1a de Az\u00facar \u2013 PROCA\u00d1A, fue fundada el 15 de junio de 1973, gracias a la gesti\u00f3n de Oscar Ulloa Caicedo, Jaime Dom\u00ednguez V\u00e1squez, Eduardo Ca\u00f1\u00f3n Bravo, Guillermo Eduardo Ulloa, Carlos Bueno, Jos\u00e9 Antonio Bueno, Mario Hernando Salcedo, entre otros. Estos ilustres ciudadanos sintieron la necesidad de [&hellip;]<\/p>\n","protected":false},"author":442,"featured_media":5854,"comment_status":"open","ping_status":"open","sticky":false,"template":"","format":"standard","meta":{"_et_pb_use_builder":"","_et_pb_old_content":"","_et_gb_content_width":"","footnotes":""},"categories":[9,11],"tags":[61,33,35,62,26,30,27,28],"class_list":["post-5853","post","type-post","status-publish","format-standard","has-post-thumbnail","hentry","category-revista","category-revista-general","tag-50-anos","tag-agricultores","tag-ambiental","tag-aniversario","tag-cana","tag-cana-de-azucar","tag-colombia","tag-procana"],"_links":{"self":[{"href":"https:\/\/procana.org\/site\/wp-json\/wp\/v2\/posts\/5853","targetHints":{"allow":["GET"]}}],"collection":[{"href":"https:\/\/procana.org\/site\/wp-json\/wp\/v2\/posts"}],"about":[{"href":"https:\/\/procana.org\/site\/wp-json\/wp\/v2\/types\/post"}],"author":[{"embeddable":true,"href":"https:\/\/procana.org\/site\/wp-json\/wp\/v2\/users\/442"}],"replies":[{"embeddable":true,"href":"https:\/\/procana.org\/site\/wp-json\/wp\/v2\/comments?post=5853"}],"version-history":[{"count":1,"href":"https:\/\/procana.org\/site\/wp-json\/wp\/v2\/posts\/5853\/revisions"}],"predecessor-version":[{"id":5855,"href":"https:\/\/procana.org\/site\/wp-json\/wp\/v2\/posts\/5853\/revisions\/5855"}],"wp:featuredmedia":[{"embeddable":true,"href":"https:\/\/procana.org\/site\/wp-json\/wp\/v2\/media\/5854"}],"wp:attachment":[{"href":"https:\/\/procana.org\/site\/wp-json\/wp\/v2\/media?parent=5853"}],"wp:term":[{"taxonomy":"category","embeddable":true,"href":"https:\/\/procana.org\/site\/wp-json\/wp\/v2\/categories?post=5853"},{"taxonomy":"post_tag","embeddable":true,"href":"https:\/\/procana.org\/site\/wp-json\/wp\/v2\/tags?post=5853"}],"curies":[{"name":"wp","href":"https:\/\/api.w.org\/{rel}","templated":true}]}}