{"id":5837,"date":"2023-06-06T15:03:29","date_gmt":"2023-06-06T20:03:29","guid":{"rendered":"https:\/\/procana.org\/site\/?p=5837"},"modified":"2023-06-06T15:03:33","modified_gmt":"2023-06-06T20:03:33","slug":"programa-integra-se-fortalece-para-llegar-a-mas-agricultores","status":"publish","type":"post","link":"https:\/\/procana.org\/site\/programa-integra-se-fortalece-para-llegar-a-mas-agricultores\/","title":{"rendered":"Programa Integra se fortalece para llegar a m\u00e1s agricultores"},"content":{"rendered":"\n<p><em><strong>En la actualidad son 213 los productores de ca\u00f1a de az\u00facar comprometidos y vinculados a esta iniciativa sectorial, liderada por Cenica\u00f1a, completando un total de 350 unidades productivas y 35.000 hect\u00e1reas<\/strong>, que con el acompa\u00f1amiento del Centro de Investigaci\u00f3n y haciendo uso de la Gu\u00eda de Ca\u00f1a Sostenible, han llevado a cabo su proceso de transici\u00f3n y de mejoramiento continuo hacia una gesti\u00f3n de producci\u00f3n sostenible.<\/em><\/p>\n\n\n\n<p>A trav\u00e9s del Programa Integra, Cenica\u00f1a contin\u00faa acompa\u00f1ando a los agricultores de ca\u00f1a de az\u00facar del Valle geogr\u00e1fico del r\u00edo Cauca en la adopci\u00f3n e implementaci\u00f3n de pr\u00e1cticas sostenibles en sus unidades productivas, promoviendo la conservaci\u00f3n del medio ambiente, el fortalecimiento del tejido social y el progreso econ\u00f3mico de la regi\u00f3n.&nbsp;<\/p>\n\n\n\n<p>El Programa ha gestionado recursos externos y se ha fortalecido a trav\u00e9s de alianzas estrat\u00e9gicas, convenios y proyectos, con entidades como Solidaridad, la CVC y recientemente Minciencias; lo que ha permitido adquirir implementos, materiales, insumos y conformar un equipo de extensionistas que promueven la adopci\u00f3n y apoyan a los productores de ca\u00f1a vinculados en la definici\u00f3n y ejecuci\u00f3n de planes de acci\u00f3n orientados a la producci\u00f3n sostenible, a partir del diligenciamiento de la\u00a0 Gu\u00eda de Ca\u00f1a Sostenible mediante\u00a0 la herramienta digital Extension Solution\u00ae.<\/p>\n\n\n\n<p>Con el prop\u00f3sito de seguir ampliando el alcance de esta iniciativa, Cenica\u00f1a incursion\u00f3 como entidad ejecutora de proyectos con recursos del Sistema General de Regal\u00edas a trav\u00e9s del proyecto \u201c<em>Fortalecimiento de la adopci\u00f3n de tecnolog\u00edas y pr\u00e1cticas sostenibles en el cultivo de la ca\u00f1a de az\u00facar sembrada en el Valle del Cauca\u201d, <\/em>el cual inici\u00f3 en noviembre de 2022 y tendr\u00e1 una duraci\u00f3n de 42 meses, con la meta de vincular 300 nuevos agricultores para aumentar sus conocimientos y capacidades,\u00a0 incentivar el cambio de las pr\u00e1cticas tradicionales por unas sostenibles con mayor sensibilizaci\u00f3n y concientizaci\u00f3n sobre el impacto de sus acciones en el medio ambiente, en la mitigaci\u00f3n del cambio clim\u00e1tico, en la comunidad y la rentabilidad del cultivo.<\/p>\n\n\n\n<p>El Programa Integra contribuye a la agroindustria de la ca\u00f1a de az\u00facar con su oferta de valor, a trav\u00e9s de la medici\u00f3n de indicadores de sostenibilidad que est\u00e1n alineados con la legislaci\u00f3n Nacional y est\u00e1ndares internacionales; impulsando la capacitaci\u00f3n y la realizaci\u00f3n de eventos informativos en torno a la gesti\u00f3n sostenible y afianzando en los colaboradores el sentido de pertenencia y de compromiso con la unidad productiva y su entorno.<\/p>\n\n\n\n<p>El Programa Integra es:<\/p>\n\n\n\n<ul class=\"wp-block-list\">\n<li>Totalmente gratuito de participaci\u00f3n voluntaria.<\/li>\n\n\n\n<li>La informaci\u00f3n es confidencial.<\/li>\n\n\n\n<li>Incluye jornadas de capacitaci\u00f3n y visitas de acompa\u00f1amiento a la gesti\u00f3n t\u00e9cnica y administrativa.<\/li>\n\n\n\n<li>Gu\u00eda f\u00e1cil de diligenciar que ayuda al cumplimiento de est\u00e1ndares de producci\u00f3n nacional e internacional y los objetivos de desarrollo sostenible.<\/li>\n<\/ul>\n\n\n\n<p>Desde Proca\u00f1a y Cenica\u00f1a queremos invitarlo a formar parte del Programa Integra en<strong> <\/strong><a href=\"http:\/\/www.cenicana.org\/integra\/\">\u00a0www.cenicana.org\/integra\/<\/a> o escaneando el QR<\/p>\n\n\n\n<figure class=\"wp-block-image size-full is-resized\"><img loading=\"lazy\" decoding=\"async\" src=\"https:\/\/procana.org\/site\/wp-content\/uploads\/2023\/06\/QR-INTEGRA.png\" alt=\"\" class=\"wp-image-5838\" width=\"134\" height=\"134\"\/><\/figure>\n","protected":false},"excerpt":{"rendered":"<p>En la actualidad son 213 los productores de ca\u00f1a de az\u00facar comprometidos y vinculados a esta iniciativa sectorial, liderada por Cenica\u00f1a, completando un total de 350 unidades productivas y 35.000 hect\u00e1reas, que con el acompa\u00f1amiento del Centro de Investigaci\u00f3n y haciendo uso de la Gu\u00eda de Ca\u00f1a Sostenible, han llevado a cabo su proceso de [&hellip;]<\/p>\n","protected":false},"author":442,"featured_media":5839,"comment_status":"open","ping_status":"open","sticky":false,"template":"","format":"standard","meta":{"_et_pb_use_builder":"","_et_pb_old_content":"","_et_gb_content_width":"","footnotes":""},"categories":[9,10,1],"tags":[33,35,26,30,87,28,86],"class_list":["post-5837","post","type-post","status-publish","format-standard","has-post-thumbnail","hentry","category-revista","category-revista-principal","category-sin-categoria","tag-agricultores","tag-ambiental","tag-cana","tag-cana-de-azucar","tag-guia-de-cana-sostenible","tag-procana","tag-sostenibilidad"],"_links":{"self":[{"href":"https:\/\/procana.org\/site\/wp-json\/wp\/v2\/posts\/5837","targetHints":{"allow":["GET"]}}],"collection":[{"href":"https:\/\/procana.org\/site\/wp-json\/wp\/v2\/posts"}],"about":[{"href":"https:\/\/procana.org\/site\/wp-json\/wp\/v2\/types\/post"}],"author":[{"embeddable":true,"href":"https:\/\/procana.org\/site\/wp-json\/wp\/v2\/users\/442"}],"replies":[{"embeddable":true,"href":"https:\/\/procana.org\/site\/wp-json\/wp\/v2\/comments?post=5837"}],"version-history":[{"count":1,"href":"https:\/\/procana.org\/site\/wp-json\/wp\/v2\/posts\/5837\/revisions"}],"predecessor-version":[{"id":5840,"href":"https:\/\/procana.org\/site\/wp-json\/wp\/v2\/posts\/5837\/revisions\/5840"}],"wp:featuredmedia":[{"embeddable":true,"href":"https:\/\/procana.org\/site\/wp-json\/wp\/v2\/media\/5839"}],"wp:attachment":[{"href":"https:\/\/procana.org\/site\/wp-json\/wp\/v2\/media?parent=5837"}],"wp:term":[{"taxonomy":"category","embeddable":true,"href":"https:\/\/procana.org\/site\/wp-json\/wp\/v2\/categories?post=5837"},{"taxonomy":"post_tag","embeddable":true,"href":"https:\/\/procana.org\/site\/wp-json\/wp\/v2\/tags?post=5837"}],"curies":[{"name":"wp","href":"https:\/\/api.w.org\/{rel}","templated":true}]}}