{"id":5723,"date":"2023-05-03T10:05:41","date_gmt":"2023-05-03T15:05:41","guid":{"rendered":"https:\/\/procana.org\/site\/?p=5723"},"modified":"2023-05-09T11:39:43","modified_gmt":"2023-05-09T16:39:43","slug":"historia-con-corazon-de-cana","status":"publish","type":"post","link":"https:\/\/procana.org\/site\/historia-con-corazon-de-cana\/","title":{"rendered":"Historia con Coraz\u00f3n de Ca\u00f1a"},"content":{"rendered":"\n<p>Por: Martha Lince<\/p>\n\n\n\n<p>Pertenezco a una familia de vocaci\u00f3n agr\u00edcola, tuve la oportunidad de pasar temporadas en la finca, donde inici\u00e9 mi formaci\u00f3n, para despu\u00e9s trabajar en el negocio familiar. Esta experiencia me permiti\u00f3 aprender a valorar la vida en el campo; entender que es fuente de tranquilidad, bienestar, conocimiento y adquirir el compromiso de contribuir a su conservaci\u00f3n y cuidado.<\/p>\n\n\n\n<p>Hago parte de la tercera generaci\u00f3n dedicada a la agricultura y valoro haber tenido un mentor, mi pap\u00e1, de quien aprend\u00ed que se necesita esfuerzo, tiempo, disciplina y responsabilidad para consolidar la base que permite obtener resultados satisfactorios y as\u00ed conservar el patrimonio familiar. Estudi\u00e9 Administraci\u00f3n de Empresas y a partir de mi incorporaci\u00f3n al negocio familiar, desde hace m\u00e1s de 30 a\u00f1os, nos dedicamos al cultivo de la ca\u00f1a de az\u00facar.<\/p>\n\n\n\n<p>Me he sentido valorada y respetada en el ejercicio de mi trabajo, la Agroindustria de la Ca\u00f1a promueve la igualdad de g\u00e9nero permitiendo que la mujer tenga crecimiento profesional, personal, ampliaci\u00f3n en el campo laboral y pueda mostrar habilidades y destrezas que contribuyen al desarrollo econ\u00f3mico y social en nuestra regi\u00f3n.&nbsp;<\/p>\n\n\n\n<p>Mi trabajo ha sido posible gracias al apoyo de Proca\u00f1a, Cenica\u00f1a y el Ingenio Providencia, con ellos he logrado tener capacitaciones permanentes, adoptar nuevas tecnolog\u00edas y pr\u00e1cticas para obtener resultados en producci\u00f3n y costos.<\/p>\n\n\n\n<p>En este mes tan especial donde hacemos un reconocimiento a la mujer, es f\u00e1cil ver hoy c\u00f3mo las mujeres de nuestro sector est\u00e1n rompiendo esquemas y ocupando cargos que antes eran considerados s\u00f3lo para hombres. <\/p>\n\n\n\n<p>Por esta raz\u00f3n, quiero invitarlas a trabajar por el sector de la Agroindustria de la Ca\u00f1a con amor y entusiasmo, orgullosas siempre de nuestro aporte a la regi\u00f3n y que todas seamos <strong>CORAZ\u00d3N DE CA\u00d1A.<\/strong><\/p>\n","protected":false},"excerpt":{"rendered":"<p>Por: Martha Lince Pertenezco a una familia de vocaci\u00f3n agr\u00edcola, tuve la oportunidad de pasar temporadas en la finca, donde inici\u00e9 mi formaci\u00f3n, para despu\u00e9s trabajar en el negocio familiar. Esta experiencia me permiti\u00f3 aprender a valorar la vida en el campo; entender que es fuente de tranquilidad, bienestar, conocimiento y adquirir el compromiso de [&hellip;]<\/p>\n","protected":false},"author":442,"featured_media":5729,"comment_status":"open","ping_status":"open","sticky":false,"template":"","format":"standard","meta":{"_et_pb_use_builder":"","_et_pb_old_content":"","_et_gb_content_width":"","footnotes":""},"categories":[9,10,1],"tags":[33,74,26,30,73,32,75,28],"class_list":["post-5723","post","type-post","status-publish","format-standard","has-post-thumbnail","hentry","category-revista","category-revista-principal","category-sin-categoria","tag-agricultores","tag-agricultura","tag-cana","tag-cana-de-azucar","tag-canicultores","tag-corazon-de-cana","tag-mujer","tag-procana"],"_links":{"self":[{"href":"https:\/\/procana.org\/site\/wp-json\/wp\/v2\/posts\/5723","targetHints":{"allow":["GET"]}}],"collection":[{"href":"https:\/\/procana.org\/site\/wp-json\/wp\/v2\/posts"}],"about":[{"href":"https:\/\/procana.org\/site\/wp-json\/wp\/v2\/types\/post"}],"author":[{"embeddable":true,"href":"https:\/\/procana.org\/site\/wp-json\/wp\/v2\/users\/442"}],"replies":[{"embeddable":true,"href":"https:\/\/procana.org\/site\/wp-json\/wp\/v2\/comments?post=5723"}],"version-history":[{"count":3,"href":"https:\/\/procana.org\/site\/wp-json\/wp\/v2\/posts\/5723\/revisions"}],"predecessor-version":[{"id":5731,"href":"https:\/\/procana.org\/site\/wp-json\/wp\/v2\/posts\/5723\/revisions\/5731"}],"wp:featuredmedia":[{"embeddable":true,"href":"https:\/\/procana.org\/site\/wp-json\/wp\/v2\/media\/5729"}],"wp:attachment":[{"href":"https:\/\/procana.org\/site\/wp-json\/wp\/v2\/media?parent=5723"}],"wp:term":[{"taxonomy":"category","embeddable":true,"href":"https:\/\/procana.org\/site\/wp-json\/wp\/v2\/categories?post=5723"},{"taxonomy":"post_tag","embeddable":true,"href":"https:\/\/procana.org\/site\/wp-json\/wp\/v2\/tags?post=5723"}],"curies":[{"name":"wp","href":"https:\/\/api.w.org\/{rel}","templated":true}]}}