{"id":5699,"date":"2023-04-28T14:46:37","date_gmt":"2023-04-28T19:46:37","guid":{"rendered":"https:\/\/procana.org\/site\/?p=5699"},"modified":"2023-04-28T14:46:42","modified_gmt":"2023-04-28T19:46:42","slug":"aldeas-entrego-ayudas-alimentarias-a-240-familias-afectadas-por-temporada-de-lluvias-en-valle-y-norte-del-cauca","status":"publish","type":"post","link":"https:\/\/procana.org\/site\/aldeas-entrego-ayudas-alimentarias-a-240-familias-afectadas-por-temporada-de-lluvias-en-valle-y-norte-del-cauca\/","title":{"rendered":"ALDEAS entreg\u00f3 ayudas alimentarias a 240 familias afectadas por temporada de lluvias en Valle y norte del Cauca"},"content":{"rendered":"\n<p>-Los apoyos se entregaron en los municipios de Bugalagrande, en el Valle del Cauca, y en<br>Corinto, norte del Cauca.<\/p>\n\n\n\n<p>-Proca\u00f1a y la fundaci\u00f3n Caicedo Gonz\u00e1lez Riopaila Castilla, lideraron esta iniciativa, como parte<br>de las intervenciones sociales que se realizan en el marco de la Alianza para el Desarrollo<br>Econ\u00f3mico, Social y Ambiental ALDEAS.<\/p>\n\n\n\n<p><strong>Abril 27 de 2023. <\/strong>240 familias afectadas por la temporada de lluvias recibieron ayudas<br>alimentarias a trav\u00e9s de ALDEAS, iniciativa liderada por Proca\u00f1a y la Fundaci\u00f3n Caicedo<br>Gonz\u00e1lez Riopaila Castilla quienes hacen parte de la Alianza.<\/p>\n\n\n\n<p>Los paquetes, que incluyeron tambi\u00e9n algunos productos de aseo, fueron recibidos por 150<br>familias en Bugalagrande, Valle, en una jornada que se cumpli\u00f3 en la Estaci\u00f3n del Ferrocarril;<br>y en el municipio de Corinto, Cauca, las ayudas alimentarias llegaron a 90 familias y se<br>entregaron con el apoyo especial del Ingenio Mar\u00eda Luisa y Bengala que se unieron a esta<br>iniciativa en el norte del Departamento.<\/p>\n\n\n\n<p>\u201cAgradecemos a los productores de ca\u00f1a por su solidaridad con las comunidades, ALDEAS<br>mantiene su compromiso con la regi\u00f3n, estas actividades se enmarcan en los ejes de trabajo<br>que desarrollamos desde el 2022, cuando se cre\u00f3 la Alianza, en aras de impulsar condiciones<br>sociales para el desarrollo de los vallecaucanos y caucanos\u201d, asegur\u00f3 Martha Betancourt,<br>directora ejecutiva de Proca\u00f1a.<\/p>\n\n\n\n<p>Las familias que recibieron las ayudas alimentarias fueron seleccionadas con apoyo de las<br>alcald\u00edas locales y sus registros de afectados por emergencias ocurridas este a\u00f1o.<\/p>\n\n\n\n<p>Sobre la sinergia entre diferentes organizaciones del sector privado para hacer esto posible,<br>Ana Milena Lemos, directora ejecutiva de la Fundaci\u00f3n Caicedo Gonz\u00e1lez Riopaila<br>Castilla, manifest\u00f3 que \u201ccon este tipo de acciones ratificamos ese compromiso social que<br>asumimos como fundaci\u00f3n desde 1957, por la generaci\u00f3n de escenarios para el desarrollo de<br>las poblaciones m\u00e1s vulnerables de estos dos departamentos. Nuestro trabajo hace parte de<br>esta Alianza en la que participamos junto a Proca\u00f1a, para unir esfuerzos, conocimientos, que<br>aporten a comunidades del suroccidente colombiano\u201d.<\/p>\n","protected":false},"excerpt":{"rendered":"<p>-Los apoyos se entregaron en los municipios de Bugalagrande, en el Valle del Cauca, y enCorinto, norte del Cauca. -Proca\u00f1a y la fundaci\u00f3n Caicedo Gonz\u00e1lez Riopaila Castilla, lideraron esta iniciativa, como partede las intervenciones sociales que se realizan en el marco de la Alianza para el DesarrolloEcon\u00f3mico, Social y Ambiental ALDEAS. Abril 27 de 2023. [&hellip;]<\/p>\n","protected":false},"author":442,"featured_media":5700,"comment_status":"open","ping_status":"open","sticky":false,"template":"","format":"standard","meta":{"_et_pb_use_builder":"","_et_pb_old_content":"","_et_gb_content_width":"","footnotes":""},"categories":[9,10,1],"tags":[33,69,71,26,30,72,70,28],"class_list":["post-5699","post","type-post","status-publish","format-standard","has-post-thumbnail","hentry","category-revista","category-revista-principal","category-sin-categoria","tag-agricultores","tag-aldeas","tag-bugalagrande","tag-cana","tag-cana-de-azucar","tag-corinto","tag-damnificados","tag-procana"],"_links":{"self":[{"href":"https:\/\/procana.org\/site\/wp-json\/wp\/v2\/posts\/5699","targetHints":{"allow":["GET"]}}],"collection":[{"href":"https:\/\/procana.org\/site\/wp-json\/wp\/v2\/posts"}],"about":[{"href":"https:\/\/procana.org\/site\/wp-json\/wp\/v2\/types\/post"}],"author":[{"embeddable":true,"href":"https:\/\/procana.org\/site\/wp-json\/wp\/v2\/users\/442"}],"replies":[{"embeddable":true,"href":"https:\/\/procana.org\/site\/wp-json\/wp\/v2\/comments?post=5699"}],"version-history":[{"count":1,"href":"https:\/\/procana.org\/site\/wp-json\/wp\/v2\/posts\/5699\/revisions"}],"predecessor-version":[{"id":5701,"href":"https:\/\/procana.org\/site\/wp-json\/wp\/v2\/posts\/5699\/revisions\/5701"}],"wp:featuredmedia":[{"embeddable":true,"href":"https:\/\/procana.org\/site\/wp-json\/wp\/v2\/media\/5700"}],"wp:attachment":[{"href":"https:\/\/procana.org\/site\/wp-json\/wp\/v2\/media?parent=5699"}],"wp:term":[{"taxonomy":"category","embeddable":true,"href":"https:\/\/procana.org\/site\/wp-json\/wp\/v2\/categories?post=5699"},{"taxonomy":"post_tag","embeddable":true,"href":"https:\/\/procana.org\/site\/wp-json\/wp\/v2\/tags?post=5699"}],"curies":[{"name":"wp","href":"https:\/\/api.w.org\/{rel}","templated":true}]}}