{"id":5684,"date":"2023-04-25T15:51:40","date_gmt":"2023-04-25T20:51:40","guid":{"rendered":"https:\/\/procana.org\/site\/?p=5684"},"modified":"2023-07-19T10:34:58","modified_gmt":"2023-07-19T15:34:58","slug":"somos-mas-que-cana-somos-corazon-de-cana","status":"publish","type":"post","link":"https:\/\/procana.org\/site\/somos-mas-que-cana-somos-corazon-de-cana\/","title":{"rendered":"Somos m\u00e1s que ca\u00f1a, somos Coraz\u00f3n de Ca\u00f1a"},"content":{"rendered":"\n<p>La marca que representa al Sector Agroindustrial de la Ca\u00f1a y da a conocer historias de trabajadores, el amor por nuestra tierra, el trabajo por la sostenibilidad econ\u00f3mica, social y ambiental de las comunidades, y el orgullo que sentimos de ser colombianos, <strong>ya ha llegado a m\u00e1s de 25 millones de personas.<\/strong><\/p>\n\n\n\n<p>En tan solo seis meses al aire, <strong>CORAZ\u00d3N DE CA\u00d1A,<\/strong> ha llegado a miles de hogares de familias colombianas a trav\u00e9s de los medios de comunicaci\u00f3n y las redes sociales, visibilizando todo lo que hace el sector. La marca de la agroindustria de la ca\u00f1a seguir\u00e1 abriendo el coraz\u00f3n a todas aquellas personas que quieran hacer equipo.<\/p>\n\n\n\n<p>\u00bfQu\u00e9 viene para el 2023?<\/p>\n\n\n\n<ul class=\"wp-block-list\">\n<li>Seguir mostrando el amor que sentimos por la tierra, la gente y Colombia.<\/li>\n\n\n\n<li>M\u00e1s historias de ca\u00f1a donde los protagonistas son los trabajadores.<\/li>\n\n\n\n<li>Mayor presencia en medios de comunicaci\u00f3n (radio, prensa y televisi\u00f3n), y redes sociales.<\/li>\n\n\n\n<li>Fortalecer la comunicaci\u00f3n en los territorios.<\/li>\n\n\n\n<li>Brindar m\u00e1s aporte social.<\/li>\n\n\n\n<li>Posicionamiento del logo en productos, uniformes, eventos y lugares.<\/li>\n\n\n\n<li>M\u00e1s sentido de pertenencia y orgullo nacional con la marca.<\/li>\n\n\n\n<li>Apoyar emprendimientos.<\/li>\n<\/ul>\n\n\n\n<figure class=\"wp-block-image size-full\"><img loading=\"lazy\" decoding=\"async\" width=\"824\" height=\"303\" src=\"https:\/\/procana.org\/site\/wp-content\/uploads\/2023\/04\/REVISTA_PROCANA_-_MARZO_2023-8_fondo-removebg-preview-1.png\" alt=\"\" class=\"wp-image-5685\"\/><\/figure>\n","protected":false},"excerpt":{"rendered":"<p>La marca que representa al Sector Agroindustrial de la Ca\u00f1a y da a conocer historias de trabajadores, el amor por nuestra tierra, el trabajo por la sostenibilidad econ\u00f3mica, social y ambiental de las comunidades, y el orgullo que sentimos de ser colombianos, ya ha llegado a m\u00e1s de 25 millones de personas. En tan solo [&hellip;]<\/p>\n","protected":false},"author":442,"featured_media":5688,"comment_status":"open","ping_status":"open","sticky":false,"template":"","format":"standard","meta":{"_et_pb_use_builder":"","_et_pb_old_content":"","_et_gb_content_width":"","footnotes":""},"categories":[5,4],"tags":[33,68,26,30,27,67,28],"class_list":["post-5684","post","type-post","status-publish","format-standard","has-post-thumbnail","hentry","category-noticia-principal","category-noticias","tag-agricultores","tag-bienestar","tag-cana","tag-cana-de-azucar","tag-colombia","tag-economia-circular","tag-procana"],"_links":{"self":[{"href":"https:\/\/procana.org\/site\/wp-json\/wp\/v2\/posts\/5684","targetHints":{"allow":["GET"]}}],"collection":[{"href":"https:\/\/procana.org\/site\/wp-json\/wp\/v2\/posts"}],"about":[{"href":"https:\/\/procana.org\/site\/wp-json\/wp\/v2\/types\/post"}],"author":[{"embeddable":true,"href":"https:\/\/procana.org\/site\/wp-json\/wp\/v2\/users\/442"}],"replies":[{"embeddable":true,"href":"https:\/\/procana.org\/site\/wp-json\/wp\/v2\/comments?post=5684"}],"version-history":[{"count":1,"href":"https:\/\/procana.org\/site\/wp-json\/wp\/v2\/posts\/5684\/revisions"}],"predecessor-version":[{"id":5687,"href":"https:\/\/procana.org\/site\/wp-json\/wp\/v2\/posts\/5684\/revisions\/5687"}],"wp:featuredmedia":[{"embeddable":true,"href":"https:\/\/procana.org\/site\/wp-json\/wp\/v2\/media\/5688"}],"wp:attachment":[{"href":"https:\/\/procana.org\/site\/wp-json\/wp\/v2\/media?parent=5684"}],"wp:term":[{"taxonomy":"category","embeddable":true,"href":"https:\/\/procana.org\/site\/wp-json\/wp\/v2\/categories?post=5684"},{"taxonomy":"post_tag","embeddable":true,"href":"https:\/\/procana.org\/site\/wp-json\/wp\/v2\/tags?post=5684"}],"curies":[{"name":"wp","href":"https:\/\/api.w.org\/{rel}","templated":true}]}}