{"id":5651,"date":"2023-04-18T13:28:56","date_gmt":"2023-04-18T18:28:56","guid":{"rendered":"https:\/\/procana.org\/site\/?p=5651"},"modified":"2023-04-18T13:28:59","modified_gmt":"2023-04-18T18:28:59","slug":"aniversario-retos-y-cambios-que-vienen-para-procana","status":"publish","type":"post","link":"https:\/\/procana.org\/site\/aniversario-retos-y-cambios-que-vienen-para-procana\/","title":{"rendered":"Aniversario, retos y cambios que vienen para Proca\u00f1a"},"content":{"rendered":"\n<p><em>Por: \u00c1ngela Mar\u00eda Cabal<\/em><\/p>\n\n\n\n<p><em>Presidenta Junta Directiva de Proca\u00f1a<\/em><\/p>\n\n\n\n<p>Este a\u00f1o Proca\u00f1a celebra 50 a\u00f1os de estar cumpliendo con la misi\u00f3n de representar a los productores y proveedores de ca\u00f1a de az\u00facar ante entidades p\u00fablicas y privadas, promoviendo la sostenibilidad jur\u00eddica, social, ambiental y econ\u00f3mica del sector agroindustrial a trav\u00e9s de programas de mejoramiento continuo que han estimulado la innovaci\u00f3n y contribuido al desarrollo de la regi\u00f3n.\u00a0\u00a0<\/p>\n\n\n\n<p>Y la mejor manera de celebrar este acontecimiento tan importante ser\u00e1 bajo el marco del Congreso Internacional de la Asociaci\u00f3n Mundial de Cultivadores de Remolacha y Ca\u00f1a -WABCG, (por sus siglas en ingl\u00e9s), a realizarse el 14, 15 y 16 de junio en Cali y que contar\u00e1 con una presencia masiva de agricultores.<\/p>\n\n\n\n<p>Es importante recordar que el 15 de junio se llevar\u00e1 a cabo la Asamblea Anual Ordinaria de Proca\u00f1a, en donde se mostrar\u00e1 la gesti\u00f3n realizada y se elegir\u00e1 la Junta Directiva. Este a\u00f1o tendremos nueva modalidad de votaci\u00f3n, los afiliados podr\u00e1n ejercer su derecho al voto por medio de una plataforma especializada, desde el 12 de junio hasta el 15 de junio, en la Asamblea, esto con el fin de tener tranquilidad y rapidez a la hora de recibir los resultados. Los detalles de log\u00edstica y link de votaci\u00f3n ser\u00e1n enviados a sus correos electr\u00f3nicos y celulares las pr\u00f3ximas semanas.<\/p>\n\n\n\n<p>Grandes retos y cambios se vienen para Proca\u00f1a con el fin de brindarle a los afiliados mayor conocimiento, comunicaci\u00f3n y relacionamiento. La virtualidad ser\u00e1 uno de ellos, sugerido por el Comit\u00e9 de Fortalecimiento y aprobado en la Junta Directiva, los seminarios de Proca\u00f1a laboral, tributario y costos de producci\u00f3n de ca\u00f1a pasar\u00e1n a la virtualidad con el prop\u00f3sito de fortalecer y garantizar al afiliado espacios sin costo que les permita estar actualizados sobre los diferentes temas de inter\u00e9s de nuestro sector.<\/p>\n\n\n\n<p>La Asamblea Anual y el evento de \u2018Vamos al Campo\u2019 seguir\u00e1n siendo presencial, esto con el fin de tener un equilibrio y contar con dos espacios en el a\u00f1o en donde podamos compartir y socializar temas importantes para el sector.<\/p>\n\n\n\n<p>De cualquiera de las dos v\u00edas, presencial o virtual, queremos darles la tranquilidad de que fomentaremos espacios que permitan una interacci\u00f3n arm\u00f3nica y nos lleven a ser reconocidos como generadores de opini\u00f3n, pol\u00edticas y proyectos que impacten positivamente los indicadores de sostenibilidad econ\u00f3mica, social y ambiental del sector agroindustrial de la ca\u00f1a de az\u00facar.<\/p>\n\n\n\n<p><\/p>\n","protected":false},"excerpt":{"rendered":"<p>Por: \u00c1ngela Mar\u00eda Cabal Presidenta Junta Directiva de Proca\u00f1a Este a\u00f1o Proca\u00f1a celebra 50 a\u00f1os de estar cumpliendo con la misi\u00f3n de representar a los productores y proveedores de ca\u00f1a de az\u00facar ante entidades p\u00fablicas y privadas, promoviendo la sostenibilidad jur\u00eddica, social, ambiental y econ\u00f3mica del sector agroindustrial a trav\u00e9s de programas de mejoramiento continuo [&hellip;]<\/p>\n","protected":false},"author":442,"featured_media":5655,"comment_status":"open","ping_status":"open","sticky":false,"template":"","format":"standard","meta":{"_et_pb_use_builder":"","_et_pb_old_content":"","_et_gb_content_width":"","footnotes":""},"categories":[9,10,1],"tags":[61,33,26,30,64,28,66,65,63],"class_list":["post-5651","post","type-post","status-publish","format-standard","has-post-thumbnail","hentry","category-revista","category-revista-principal","category-sin-categoria","tag-50-anos","tag-agricultores","tag-cana","tag-cana-de-azucar","tag-junio","tag-procana","tag-sector-agroindustrial-de-la-cana-de-azucar","tag-virtual","tag-wabcg"],"_links":{"self":[{"href":"https:\/\/procana.org\/site\/wp-json\/wp\/v2\/posts\/5651","targetHints":{"allow":["GET"]}}],"collection":[{"href":"https:\/\/procana.org\/site\/wp-json\/wp\/v2\/posts"}],"about":[{"href":"https:\/\/procana.org\/site\/wp-json\/wp\/v2\/types\/post"}],"author":[{"embeddable":true,"href":"https:\/\/procana.org\/site\/wp-json\/wp\/v2\/users\/442"}],"replies":[{"embeddable":true,"href":"https:\/\/procana.org\/site\/wp-json\/wp\/v2\/comments?post=5651"}],"version-history":[{"count":1,"href":"https:\/\/procana.org\/site\/wp-json\/wp\/v2\/posts\/5651\/revisions"}],"predecessor-version":[{"id":5653,"href":"https:\/\/procana.org\/site\/wp-json\/wp\/v2\/posts\/5651\/revisions\/5653"}],"wp:featuredmedia":[{"embeddable":true,"href":"https:\/\/procana.org\/site\/wp-json\/wp\/v2\/media\/5655"}],"wp:attachment":[{"href":"https:\/\/procana.org\/site\/wp-json\/wp\/v2\/media?parent=5651"}],"wp:term":[{"taxonomy":"category","embeddable":true,"href":"https:\/\/procana.org\/site\/wp-json\/wp\/v2\/categories?post=5651"},{"taxonomy":"post_tag","embeddable":true,"href":"https:\/\/procana.org\/site\/wp-json\/wp\/v2\/tags?post=5651"}],"curies":[{"name":"wp","href":"https:\/\/api.w.org\/{rel}","templated":true}]}}