{"id":5553,"date":"2023-03-28T13:12:27","date_gmt":"2023-03-28T18:12:27","guid":{"rendered":"https:\/\/procana.org\/site\/?p=5553"},"modified":"2023-03-28T13:12:30","modified_gmt":"2023-03-28T18:12:30","slug":"entidades-extranjeras-resaltan-los-procesos-de-cultivo-de-cana-de-la-region","status":"publish","type":"post","link":"https:\/\/procana.org\/site\/entidades-extranjeras-resaltan-los-procesos-de-cultivo-de-cana-de-la-region\/","title":{"rendered":"<strong>Entidades extranjeras resaltan los procesos de cultivo de ca\u00f1a de la regi\u00f3n\u00a0<\/strong>"},"content":{"rendered":"\n<p>Proca\u00f1a realiza transferencia de conocimiento sobre el cultivo de la ca\u00f1a con productores de otros pa\u00edses.<\/p>\n\n\n\n<p>La Uni\u00f3n Nacional de Ca\u00f1eros A.C visit\u00f3 la hacienda El Hatico, con la que quedaron gratamente sorprendidos por los principios agroecol\u00f3gicos en la producci\u00f3n de ca\u00f1a de az\u00facar org\u00e1nica y las pr\u00e1cticas sostenibles que se implementan en la finca.<\/p>\n\n\n\n<p>\u201c<em>La investigaci\u00f3n rinde frutos, m\u00e1s a\u00fan cuando los directamente beneficiados; ingenios y cultivadores aportan recursos y unen esfuerzos, la agroindustria de la ca\u00f1a de az\u00facar colombiana ha desarrollado un esfuerzo de investigaci\u00f3n de 40 a\u00f1os que aporta a la transferencia de tecnolog\u00eda, el uso eficiente de los recursos agr\u00edcolas y la obtenci\u00f3n de variedades mejoradas<\/em>\u201d, dijo Carlos Balckaller, ingeniero de la Uni\u00f3n Nacional de Ca\u00f1eros.<\/p>\n\n\n\n<p>Por otro lado, la Cooperativa de Sina\u00ed visit\u00f3 las oficinas de Proca\u00f1a en una reuni\u00f3n con la directora ejecutiva, Martha Betancourt, en la que compartieron datos de la producci\u00f3n de etanol en su territorio, as\u00ed como el impacto social de cultivadores de ca\u00f1a en Colombia, a trav\u00e9s de los programas sociales como el Fondo Social y Compromiso Rural, previamente ellos visitaron Cenica\u00f1a y conocieron aspectos t\u00e9cnicos del cultivo.\u00a0<\/p>\n\n\n\n<figure class=\"wp-block-gallery has-nested-images columns-default is-cropped wp-block-gallery-1 is-layout-flex wp-block-gallery-is-layout-flex\">\n<figure class=\"wp-block-image size-large\"><img loading=\"lazy\" decoding=\"async\" width=\"1024\" height=\"768\" data-id=\"5554\" src=\"https:\/\/procana.org\/site\/wp-content\/uploads\/2023\/03\/MEXICO-1024x768.jpeg\" alt=\"\" class=\"wp-image-5554\"\/><figcaption class=\"wp-element-caption\">Uni\u00f3n Nacional de Ca\u00f1eros A.C de M\u00e9xico <\/figcaption><\/figure>\n\n\n\n<figure class=\"wp-block-image size-large\"><img loading=\"lazy\" decoding=\"async\" width=\"1024\" height=\"768\" data-id=\"5555\" src=\"https:\/\/procana.org\/site\/wp-content\/uploads\/2023\/03\/ECUADOR-1024x768.jpeg\" alt=\"\" class=\"wp-image-5555\"\/><figcaption class=\"wp-element-caption\">Cooperativa de Producci\u00f3n  Agr\u00edcola de Derivados de Ca\u00f1a de Az\u00facar Sina\u00ed Ecuador<\/figcaption><\/figure>\n<\/figure>\n","protected":false},"excerpt":{"rendered":"<p>Proca\u00f1a realiza transferencia de conocimiento sobre el cultivo de la ca\u00f1a con productores de otros pa\u00edses. La Uni\u00f3n Nacional de Ca\u00f1eros A.C visit\u00f3 la hacienda El Hatico, con la que quedaron gratamente sorprendidos por los principios agroecol\u00f3gicos en la producci\u00f3n de ca\u00f1a de az\u00facar org\u00e1nica y las pr\u00e1cticas sostenibles que se implementan en la finca. [&hellip;]<\/p>\n","protected":false},"author":442,"featured_media":5554,"comment_status":"open","ping_status":"open","sticky":false,"template":"","format":"standard","meta":{"_et_pb_use_builder":"","_et_pb_old_content":"","_et_gb_content_width":"","footnotes":""},"categories":[9,10,1],"tags":[33,26,30,27,25,50,28],"class_list":["post-5553","post","type-post","status-publish","format-standard","has-post-thumbnail","hentry","category-revista","category-revista-principal","category-sin-categoria","tag-agricultores","tag-cana","tag-cana-de-azucar","tag-colombia","tag-ecuador","tag-mexico","tag-procana"],"_links":{"self":[{"href":"https:\/\/procana.org\/site\/wp-json\/wp\/v2\/posts\/5553","targetHints":{"allow":["GET"]}}],"collection":[{"href":"https:\/\/procana.org\/site\/wp-json\/wp\/v2\/posts"}],"about":[{"href":"https:\/\/procana.org\/site\/wp-json\/wp\/v2\/types\/post"}],"author":[{"embeddable":true,"href":"https:\/\/procana.org\/site\/wp-json\/wp\/v2\/users\/442"}],"replies":[{"embeddable":true,"href":"https:\/\/procana.org\/site\/wp-json\/wp\/v2\/comments?post=5553"}],"version-history":[{"count":1,"href":"https:\/\/procana.org\/site\/wp-json\/wp\/v2\/posts\/5553\/revisions"}],"predecessor-version":[{"id":5556,"href":"https:\/\/procana.org\/site\/wp-json\/wp\/v2\/posts\/5553\/revisions\/5556"}],"wp:featuredmedia":[{"embeddable":true,"href":"https:\/\/procana.org\/site\/wp-json\/wp\/v2\/media\/5554"}],"wp:attachment":[{"href":"https:\/\/procana.org\/site\/wp-json\/wp\/v2\/media?parent=5553"}],"wp:term":[{"taxonomy":"category","embeddable":true,"href":"https:\/\/procana.org\/site\/wp-json\/wp\/v2\/categories?post=5553"},{"taxonomy":"post_tag","embeddable":true,"href":"https:\/\/procana.org\/site\/wp-json\/wp\/v2\/tags?post=5553"}],"curies":[{"name":"wp","href":"https:\/\/api.w.org\/{rel}","templated":true}]}}