{"id":5530,"date":"2023-03-22T11:02:32","date_gmt":"2023-03-22T16:02:32","guid":{"rendered":"https:\/\/procana.org\/site\/?p=5530"},"modified":"2023-03-22T11:02:35","modified_gmt":"2023-03-22T16:02:35","slug":"seguro-agricola-para-el-cultivo-de-cana-de-azucar","status":"publish","type":"post","link":"https:\/\/procana.org\/site\/seguro-agricola-para-el-cultivo-de-cana-de-azucar\/","title":{"rendered":"<strong>Seguro Agr\u00edcola para el cultivo de ca\u00f1a de az\u00facar<\/strong>"},"content":{"rendered":"\n<p>Consiste en proteger las p\u00e9rdidas de rendimiento \u2013 TCH, que se puedan presentar en el cultivo, originadas por los eventos clim\u00e1ticos.<\/p>\n\n\n\n<p><strong>Coberturas<\/strong>:<\/p>\n\n\n\n<ul class=\"wp-block-list\">\n<li>Incendio y\/o rayo accidental<\/li>\n\n\n\n<li>Avalancha<\/li>\n\n\n\n<li>Vientos fuertes<\/li>\n\n\n\n<li>D\u00e9ficit de lluvia<\/li>\n\n\n\n<li>Exceso de lluvia<\/li>\n\n\n\n<li>Inundaci\u00f3n<\/li>\n\n\n\n<li>Deslizamiento<\/li>\n\n\n\n<li>Granizo<\/li>\n\n\n\n<li>Terrorismo (<strong>exclusivo para Proca\u00f1a<\/strong>, limitado al 30% del valor asegurado en la p\u00f3liza)<\/li>\n<\/ul>\n\n\n\n<p><strong>Documentos solicitados:<\/strong><\/p>\n\n\n\n<ul class=\"wp-block-list\">\n<li>Costos de producci\u00f3n por Ha (valor del paquete tecnol\u00f3gico).<\/li>\n\n\n\n<li>Ubicaci\u00f3n y coordenadas de las fincas.<\/li>\n\n\n\n<li>\u00c1reas con cultivo a asegurar.<\/li>\n\n\n\n<li>Nombres de las fincas.<\/li>\n\n\n\n<li>Identificaci\u00f3n de suertes.<\/li>\n\n\n\n<li>Rendimiento hist\u00f3rico (\u00faltimos 5 a\u00f1os).<\/li>\n\n\n\n<li>Tipo de tenencia.<\/li>\n\n\n\n<li>Municipio de ubicaci\u00f3n.<\/li>\n<\/ul>\n\n\n\n<p><strong>Subsidio a la prima<\/strong>: Este seguro cuenta con un subsidio del Gobierno Nacional entregado a trav\u00e9s de FINAGRO, el cual depende del tipo de productor seg\u00fan su clasificaci\u00f3n:<\/p>\n\n\n\n<p><strong>Peque\u00f1o productor: <\/strong>Con activos hasta 284 S.M.M.L.V (solo Persona Natural)<\/p>\n\n\n\n<p><strong>Mediano productor: <\/strong>Con activos hasta 5.000 S.M.M.L.V<\/p>\n\n\n\n<p><strong>Grande productor: <\/strong>Con activos mayores a 5.000 S.M.M.L.V<\/p>\n\n\n\n<p>La aplicaci\u00f3n de subsidio a la prima del seguro, estar\u00e1 sujeta a la disponibilidad de presupuesto al momento de realizar el cobro de subsidio ante FINAGRO.<\/p>\n\n\n\n<p><strong>Observaciones<\/strong>:<\/p>\n\n\n\n<ol class=\"wp-block-list\" type=\"1\">\n<li>El tr\u00e1mite del subsidio lo realiza directamente la aseguradora ante FINAGRO, una vez el afiliado haya realizado el pago de la parte de la prima que le corresponde.<\/li>\n\n\n\n<li>La tasa de seguro est\u00e1 en un rango que oscila entre 2% y 3%.<\/li>\n<\/ol>\n\n\n\n<p>Para m\u00e1s informaci\u00f3n sobre el seguro se puede comunicar a:<\/p>\n\n\n\n<p>311 367 8239<\/p>\n\n\n\n<p><a href=\"mailto:servicios2@procana.org\">servicios2@procana.org<\/a><\/p>\n","protected":false},"excerpt":{"rendered":"<p>Consiste en proteger las p\u00e9rdidas de rendimiento \u2013 TCH, que se puedan presentar en el cultivo, originadas por los eventos clim\u00e1ticos. Coberturas: Documentos solicitados: Subsidio a la prima: Este seguro cuenta con un subsidio del Gobierno Nacional entregado a trav\u00e9s de FINAGRO, el cual depende del tipo de productor seg\u00fan su clasificaci\u00f3n: Peque\u00f1o productor: Con [&hellip;]<\/p>\n","protected":false},"author":442,"featured_media":5531,"comment_status":"open","ping_status":"open","sticky":false,"template":"","format":"standard","meta":{"_et_pb_use_builder":"","_et_pb_old_content":"","_et_gb_content_width":"","footnotes":""},"categories":[9,10,1],"tags":[33,26,30,28,54,55],"class_list":["post-5530","post","type-post","status-publish","format-standard","has-post-thumbnail","hentry","category-revista","category-revista-principal","category-sin-categoria","tag-agricultores","tag-cana","tag-cana-de-azucar","tag-procana","tag-seguro","tag-seguro-agricola"],"_links":{"self":[{"href":"https:\/\/procana.org\/site\/wp-json\/wp\/v2\/posts\/5530","targetHints":{"allow":["GET"]}}],"collection":[{"href":"https:\/\/procana.org\/site\/wp-json\/wp\/v2\/posts"}],"about":[{"href":"https:\/\/procana.org\/site\/wp-json\/wp\/v2\/types\/post"}],"author":[{"embeddable":true,"href":"https:\/\/procana.org\/site\/wp-json\/wp\/v2\/users\/442"}],"replies":[{"embeddable":true,"href":"https:\/\/procana.org\/site\/wp-json\/wp\/v2\/comments?post=5530"}],"version-history":[{"count":1,"href":"https:\/\/procana.org\/site\/wp-json\/wp\/v2\/posts\/5530\/revisions"}],"predecessor-version":[{"id":5532,"href":"https:\/\/procana.org\/site\/wp-json\/wp\/v2\/posts\/5530\/revisions\/5532"}],"wp:featuredmedia":[{"embeddable":true,"href":"https:\/\/procana.org\/site\/wp-json\/wp\/v2\/media\/5531"}],"wp:attachment":[{"href":"https:\/\/procana.org\/site\/wp-json\/wp\/v2\/media?parent=5530"}],"wp:term":[{"taxonomy":"category","embeddable":true,"href":"https:\/\/procana.org\/site\/wp-json\/wp\/v2\/categories?post=5530"},{"taxonomy":"post_tag","embeddable":true,"href":"https:\/\/procana.org\/site\/wp-json\/wp\/v2\/tags?post=5530"}],"curies":[{"name":"wp","href":"https:\/\/api.w.org\/{rel}","templated":true}]}}