{"id":5502,"date":"2023-03-17T11:50:47","date_gmt":"2023-03-17T16:50:47","guid":{"rendered":"https:\/\/procana.org\/site\/?p=5502"},"modified":"2023-07-31T14:15:39","modified_gmt":"2023-07-31T19:15:39","slug":"ideas-practicas-para-mejorar-la-productividad-y-la-rentabilidad-en-la-agroindustria-de-la-cana-de-azucar","status":"publish","type":"post","link":"https:\/\/procana.org\/site\/ideas-practicas-para-mejorar-la-productividad-y-la-rentabilidad-en-la-agroindustria-de-la-cana-de-azucar\/","title":{"rendered":"<strong>Ideas pr\u00e1cticas para mejorar la productividad y la rentabilidad en la agroindustria de la ca\u00f1a de az\u00facar<\/strong>"},"content":{"rendered":"\n<p>El pasado 16 de marzo se llev\u00f3 a cabo el <strong>Seminario de Costos de Producci\u00f3n de Ca\u00f1a de Az\u00facar, <\/strong>organizado por Proca\u00f1a, un encuentro que se realiza una vez en el a\u00f1o y en el que se interact\u00faa e intercambia conocimientos con todos los actores del sector agroindustrial de la ca\u00f1a de az\u00facar.<\/p>\n\n\n\n<p>El evento cont\u00f3 con la asistencia de m\u00e1s de 180 personas y 11 conferencistas <strong>nacionales e internacionales<\/strong>, que brindaron informaci\u00f3n importante a los asistentes sobre el control de costos en el pa\u00eds y se hizo un comparativo de costos entre Colombia, M\u00e9xico y Brasil.<\/p>\n\n\n\n<p>El <strong>Seminario de Costos de Producci\u00f3n de Ca\u00f1a de Az\u00facar, <\/strong>es un<strong> <\/strong>evento insignia de Proca\u00f1a y lleva 14 a\u00f1os brindando herramientas efectivas que le permiten al agricultor, empresario, administrador agr\u00edcola, trabajador del sector, a los ingenios, contadores, inversionistas, entidades financieras y en general a todos los interesados en el negocio agr\u00edcola y en particular en el cultivo de la ca\u00f1a de az\u00facar, tomar decisiones oportunas para:<\/p>\n\n\n\n<ol class=\"wp-block-list\">\n<li>Ajustar las pr\u00e1cticas que han venido implementando<\/li>\n\n\n\n<li>Optimizar inversiones<\/li>\n\n\n\n<li>Mejorar la productividad para que su negocio sea cada d\u00eda m\u00e1s rentable<\/li>\n<\/ol>\n\n\n\n<p>Al finalizar, la Directora Ejecutiva de Proca\u00f1a, Martha Betancourt, present\u00f3 a los asistentes varias plantillas que sirven de gu\u00eda en la implementaci\u00f3n para la reducci\u00f3n de costos en producci\u00f3n, y la tabla de costos detallados. Este material se le entreg\u00f3 a cada uno de los participantes.<\/p>\n\n\n\n<p>A continuaci\u00f3n compartimos con ustedes algunas im\u00e1genes del evento:<\/p>\n\n\n\n<figure class=\"wp-block-gallery has-nested-images columns-default is-cropped wp-block-gallery-1 is-layout-flex wp-block-gallery-is-layout-flex\">\n<figure class=\"wp-block-image size-large\"><img loading=\"lazy\" decoding=\"async\" width=\"1024\" height=\"768\" data-id=\"5517\" src=\"https:\/\/procana.org\/site\/wp-content\/uploads\/2023\/03\/Martha-Betancourt-1-3-1024x768.jpg\" alt=\"\" class=\"wp-image-5517\"\/><\/figure>\n\n\n\n<figure class=\"wp-block-image size-large\"><img loading=\"lazy\" decoding=\"async\" width=\"1024\" height=\"768\" data-id=\"5516\" src=\"https:\/\/procana.org\/site\/wp-content\/uploads\/2023\/03\/Pedro-Sanguino-1024x768.jpg\" alt=\"\" class=\"wp-image-5516\"\/><\/figure>\n\n\n\n<figure class=\"wp-block-image size-large\"><img loading=\"lazy\" decoding=\"async\" width=\"1024\" height=\"768\" data-id=\"5514\" src=\"https:\/\/procana.org\/site\/wp-content\/uploads\/2023\/03\/Paula-Uribe-2-1024x768.jpg\" alt=\"\" class=\"wp-image-5514\"\/><\/figure>\n\n\n\n<figure class=\"wp-block-image size-large\"><img loading=\"lazy\" decoding=\"async\" width=\"1024\" height=\"768\" data-id=\"5512\" src=\"https:\/\/procana.org\/site\/wp-content\/uploads\/2023\/03\/Manuel-Lopez--1024x768.jpg\" alt=\"\" class=\"wp-image-5512\"\/><\/figure>\n\n\n\n<figure class=\"wp-block-image size-large\"><img loading=\"lazy\" decoding=\"async\" width=\"1024\" height=\"768\" data-id=\"5508\" src=\"https:\/\/procana.org\/site\/wp-content\/uploads\/2023\/03\/Felipe-Mejia--1024x768.jpg\" alt=\"\" class=\"wp-image-5508\"\/><\/figure>\n\n\n\n<figure class=\"wp-block-image size-large\"><img loading=\"lazy\" decoding=\"async\" width=\"1024\" height=\"768\" data-id=\"5511\" src=\"https:\/\/procana.org\/site\/wp-content\/uploads\/2023\/03\/Oscar-Leon--1024x768.jpg\" alt=\"\" class=\"wp-image-5511\"\/><\/figure>\n\n\n\n<figure class=\"wp-block-image size-large\"><img loading=\"lazy\" decoding=\"async\" width=\"1024\" height=\"768\" data-id=\"5510\" src=\"https:\/\/procana.org\/site\/wp-content\/uploads\/2023\/03\/Carlos-Blackaller-1024x768.jpg\" alt=\"\" class=\"wp-image-5510\"\/><\/figure>\n\n\n\n<figure class=\"wp-block-image size-large\"><img loading=\"lazy\" decoding=\"async\" width=\"1024\" height=\"768\" data-id=\"5509\" src=\"https:\/\/procana.org\/site\/wp-content\/uploads\/2023\/03\/Bruno-Rangel-1024x768.jpg\" alt=\"\" class=\"wp-image-5509\"\/><\/figure>\n\n\n\n<figure class=\"wp-block-image size-large\"><img loading=\"lazy\" decoding=\"async\" width=\"1024\" height=\"768\" data-id=\"5515\" src=\"https:\/\/procana.org\/site\/wp-content\/uploads\/2023\/03\/Panel-de-Agricultores-de-Cana-1024x768.jpg\" alt=\"\" class=\"wp-image-5515\"\/><\/figure>\n<\/figure>\n\n\n\n<p>Para m\u00e1s informaci\u00f3n, se puede comunicar con:<\/p>\n\n\n\n<p><em><strong>Alejandra Acebedo<\/strong><\/em><\/p>\n\n\n\n<p><em>Jefe de Servicios Gremiales de Proca\u00f1a&nbsp;<\/em><\/p>\n\n\n\n<p><em>servicios@procana.org<\/em><\/p>\n\n\n\n<p><em>310 8259113<\/em><\/p>\n","protected":false},"excerpt":{"rendered":"<p>El pasado 16 de marzo se llev\u00f3 a cabo el Seminario de Costos de Producci\u00f3n de Ca\u00f1a de Az\u00facar, organizado por Proca\u00f1a, un encuentro que se realiza una vez en el a\u00f1o y en el que se interact\u00faa e intercambia conocimientos con todos los actores del sector agroindustrial de la ca\u00f1a de az\u00facar. El evento [&hellip;]<\/p>\n","protected":false},"author":1,"featured_media":5518,"comment_status":"open","ping_status":"open","sticky":false,"template":"","format":"standard","meta":{"_et_pb_use_builder":"","_et_pb_old_content":"","_et_gb_content_width":"","footnotes":""},"categories":[9,10,1],"tags":[33,35,49,26,30,27,50,28,53,51,52,86,39],"class_list":["post-5502","post","type-post","status-publish","format-standard","has-post-thumbnail","hentry","category-revista","category-revista-principal","category-sin-categoria","tag-agricultores","tag-ambiental","tag-brasil","tag-cana","tag-cana-de-azucar","tag-colombia","tag-mexico","tag-procana","tag-roturacion","tag-seminario-de-costos","tag-seminario-de-costos-de-produccion-de-cana-de-azucar","tag-sostenibilidad","tag-suelo"],"_links":{"self":[{"href":"https:\/\/procana.org\/site\/wp-json\/wp\/v2\/posts\/5502","targetHints":{"allow":["GET"]}}],"collection":[{"href":"https:\/\/procana.org\/site\/wp-json\/wp\/v2\/posts"}],"about":[{"href":"https:\/\/procana.org\/site\/wp-json\/wp\/v2\/types\/post"}],"author":[{"embeddable":true,"href":"https:\/\/procana.org\/site\/wp-json\/wp\/v2\/users\/1"}],"replies":[{"embeddable":true,"href":"https:\/\/procana.org\/site\/wp-json\/wp\/v2\/comments?post=5502"}],"version-history":[{"count":2,"href":"https:\/\/procana.org\/site\/wp-json\/wp\/v2\/posts\/5502\/revisions"}],"predecessor-version":[{"id":5520,"href":"https:\/\/procana.org\/site\/wp-json\/wp\/v2\/posts\/5502\/revisions\/5520"}],"wp:featuredmedia":[{"embeddable":true,"href":"https:\/\/procana.org\/site\/wp-json\/wp\/v2\/media\/5518"}],"wp:attachment":[{"href":"https:\/\/procana.org\/site\/wp-json\/wp\/v2\/media?parent=5502"}],"wp:term":[{"taxonomy":"category","embeddable":true,"href":"https:\/\/procana.org\/site\/wp-json\/wp\/v2\/categories?post=5502"},{"taxonomy":"post_tag","embeddable":true,"href":"https:\/\/procana.org\/site\/wp-json\/wp\/v2\/tags?post=5502"}],"curies":[{"name":"wp","href":"https:\/\/api.w.org\/{rel}","templated":true}]}}