{"id":5490,"date":"2023-03-15T09:59:18","date_gmt":"2023-03-15T14:59:18","guid":{"rendered":"https:\/\/procana.org\/site\/?p=5490"},"modified":"2023-03-15T10:11:46","modified_gmt":"2023-03-15T15:11:46","slug":"fondo-social-de-la-agroindustria-de-la-cana","status":"publish","type":"post","link":"https:\/\/procana.org\/site\/fondo-social-de-la-agroindustria-de-la-cana\/","title":{"rendered":"<strong>Fondo social de la agroindustria de la ca\u00f1a<\/strong>"},"content":{"rendered":"<p>[et_pb_section admin_label=&#8221;section&#8221;]<br>\n\t\t\t[et_pb_row admin_label=&#8221;row&#8221;]<br>\n\t\t\t\t[et_pb_column type=&#8221;4_4&#8243;][et_pb_text admin_label=&#8221;Text&#8221;]<\/p>\n\n\n<p><strong>Una iniciativa liderada por ingenios y agricultores de ca\u00f1a, mediante el incremento de los aportes de las ventas de az\u00facar y etanol, con la cual se busca impactar positivamente en las comunidades de influencia del sector.<\/strong><\/p>\n\n\n\n<p>Con estos recursos se contribuye al mejoramiento de las condiciones sociales y econ\u00f3micas de las familias rurales, ubicadas en zonas de ladera y alta monta\u00f1a.<\/p>\n\n\n\n<p>Entre agosto de 2019 y marzo de 2022 se firmaron dos convenios con la Gobernaci\u00f3n del Valle del Cauca y el Comit\u00e9 de Cafeteros del Valle para la intervenci\u00f3n de v\u00edas terciarias, con inversiones que alcanzan los $5.138 millones, de los cuales el Fondo Social aport\u00f3 $1.500 millones<strong> <\/strong>y el resto la Gobernaci\u00f3n.<\/p>\n\n\n\n<p><strong>Primer convenio:<\/strong><\/p>\n\n\n\n<p>Firmado en 2019 y finalizado en febrero de 2021, se intervinieron 20.2 kil\u00f3metros de v\u00edas rurales en el municipio de Florida, que beneficia a 2.759 habitantes de la zona entre poblaci\u00f3n campesina, afro e ind\u00edgena.<\/p>\n\n\n\n<p>Para este convenio se invirtieron $2.600 millones, de los cuales el Fondo Social aport\u00f3 $1.000 millones. Los tramos mejorados fueron Peralonso-El Crucero, con un total de 8,2 Kil\u00f3metros y la v\u00eda San Francisco-Pueblo Nuevo-Las Brisas con 12 Kil\u00f3metros.<\/p>\n\n\n\n<p><strong>Segundo convenio:<\/strong><\/p>\n\n\n\n<p>Firmado en noviembre de 2021 con la Gobernaci\u00f3n del Valle. Se invirtieron $2.538 millones de pesos, de los cuales $500 millones fueron aportados por el Fondo Social con el objetivo de recuperar 8 kil\u00f3metros de la v\u00eda terciaria La Magdalena \u2013 Puente Rojo, en el municipio de Guacar\u00ed.<\/p>\n\n\n\n<p>El comit\u00e9 de Cafeteros del Valle inici\u00f3 la etapa constructiva de este proyecto en diciembre de 2021, actualmente se encuentran realizando las actividades de mejoramiento e implementaci\u00f3n de placa huella.<\/p>\n\n\n\n<p><strong>Apoyo a las comunidades<\/strong><\/p>\n\n\n\n<p>Equipos interdisciplinarios del sector han identificado las necesidades de las comunidades, espec\u00edficamente aquellas poblaciones ubicadas en zonas de ladera y alta monta\u00f1a de influencia de la agroindustria de la ca\u00f1a.<\/p>\n\n\n\n<p>Un ejemplo de esto es el resguardo ind\u00edgena Kwe\u2019sx yu\u2019 Kiwe que cultiva mora, caf\u00e9, pl\u00e1tano y banano; y por la gran dificultad que ten\u00edan para transportar sus productos estaban teniendo problemas con los tiempos de entrega a sus proveedores. Heiber Esteban Maigual, integrante del resguardo, afirma que gracias al mejoramiento de  v\u00edas rurales en el municipio de Florida se beneficiaron 792 familias distribuidas en siete comunidades.<\/p>\n\n\n\n<p>Haga Clic en el siguiente link, para ver el testimonio de Heiber Esteban: <a href=\"https:\/\/www.youtube.com\/shorts\/uXvpbT4DlUU\" target=\"_blank\" rel=\"noreferrer noopener\">https:\/\/www.youtube.com\/shorts\/uXvpbT4DlUU<\/a> <\/p>\n\n\n<p>[\/et_pb_text][\/et_pb_column]<br>\n\t\t\t[\/et_pb_row]<br>\n\t\t[\/et_pb_section]<\/p>","protected":false},"excerpt":{"rendered":"<p>Una iniciativa liderada por ingenios y agricultores de ca\u00f1a, mediante el incremento de los aportes de las ventas de az\u00facar y etanol, con la cual se busca impactar positivamente en las comunidades de influencia del sector. Con estos recursos se contribuye al mejoramiento de las condiciones sociales y econ\u00f3micas de las familias rurales, ubicadas en [&hellip;]<\/p>\n","protected":false},"author":442,"featured_media":5492,"comment_status":"open","ping_status":"open","sticky":false,"template":"","format":"standard","meta":{"_et_pb_use_builder":"on","_et_pb_old_content":"<!-- wp:paragraph -->\n<p><strong>Una iniciativa liderada por ingenios y agricultores de ca\u00f1a, mediante el incremento de los aportes de las ventas de az\u00facar y etanol, con la cual se busca impactar positivamente en las comunidades de influencia del sector.<\/strong><\/p>\n<!-- \/wp:paragraph -->\n\n<!-- wp:paragraph -->\n<p>Con estos recursos se contribuye al mejoramiento de las condiciones sociales y econ\u00f3micas de las familias rurales, ubicadas en zonas de ladera y alta monta\u00f1a.<\/p>\n<!-- \/wp:paragraph -->\n\n<!-- wp:paragraph -->\n<p>Entre agosto de 2019 y marzo de 2022 se firmaron dos convenios con la Gobernaci\u00f3n del Valle del Cauca y el Comit\u00e9 de Cafeteros del Valle para la intervenci\u00f3n de v\u00edas terciarias, con inversiones que alcanzan los $5.138 millones, de los cuales el Fondo Social aport\u00f3 $1.500 millones<strong> <\/strong>y el resto la Gobernaci\u00f3n.<\/p>\n<!-- \/wp:paragraph -->\n\n<!-- wp:paragraph -->\n<p><strong>Primer convenio:<\/strong><\/p>\n<!-- \/wp:paragraph -->\n\n<!-- wp:paragraph -->\n<p>Firmado en 2019 y finalizado en febrero de 2021, se intervinieron 20.2 kil\u00f3metros de v\u00edas rurales en el municipio de Florida, que beneficia a 2.759 habitantes de la zona entre poblaci\u00f3n campesina, afro e ind\u00edgena.<\/p>\n<!-- \/wp:paragraph -->\n\n<!-- wp:paragraph -->\n<p>Para este convenio se invirtieron $2.600 millones, de los cuales el Fondo Social aport\u00f3 $1.000 millones. Los tramos mejorados fueron Peralonso-El Crucero, con un total de 8,2 Kil\u00f3metros y la v\u00eda San Francisco-Pueblo Nuevo-Las Brisas con 12 Kil\u00f3metros.<\/p>\n<!-- \/wp:paragraph -->\n\n<!-- wp:paragraph -->\n<p><strong>Segundo convenio:<\/strong><\/p>\n<!-- \/wp:paragraph -->\n\n<!-- wp:paragraph -->\n<p>Firmado en noviembre de 2021 con la Gobernaci\u00f3n del Valle. Se invirtieron $2.538 millones de pesos, de los cuales $500 millones fueron aportados por el Fondo Social con el objetivo de recuperar 8 kil\u00f3metros de la v\u00eda terciaria La Magdalena \u2013 Puente Rojo, en el municipio de Guacar\u00ed.<\/p>\n<!-- \/wp:paragraph -->\n\n<!-- wp:paragraph -->\n<p>El comit\u00e9 de Cafeteros del Valle inici\u00f3 la etapa constructiva de este proyecto en diciembre de 2021, actualmente se encuentran realizando las actividades de mejoramiento e implementaci\u00f3n de placa huella.<\/p>\n<!-- \/wp:paragraph -->\n\n<!-- wp:paragraph -->\n<p><strong>Apoyo a las comunidades<\/strong><\/p>\n<!-- \/wp:paragraph -->\n\n<!-- wp:paragraph -->\n<p>Equipos interdisciplinarios del sector han identificado las necesidades de las comunidades, espec\u00edficamente aquellas poblaciones ubicadas en zonas de ladera y alta monta\u00f1a de influencia de la agroindustria de la ca\u00f1a.<\/p>\n<!-- \/wp:paragraph -->\n\n<!-- wp:paragraph -->\n<p>Un ejemplo de esto es el resguardo ind\u00edgena Kwe\u2019sx yu\u2019 Kiwe que cultiva mora, caf\u00e9, pl\u00e1tano y banano; y por la gran dificultad que ten\u00edan para transportar sus productos estaban teniendo problemas con los tiempos de entrega a sus proveedores. Heiber Esteban Maigual, integrante del resguardo, afirma que gracias al mejoramiento de  v\u00edas rurales en el municipio de Florida se beneficiaron 792 familias distribuidas en siete comunidades.<\/p>\n<!-- \/wp:paragraph -->\n\n<!-- wp:paragraph -->\n<p>Haga Clic en el siguiente link, para ver el testimonio de Heiber Esteban: https:\/\/www.youtube.com\/shorts\/uXvpbT4DlUU <\/p>\n<!-- \/wp:paragraph -->","_et_gb_content_width":"","footnotes":""},"categories":[9,10,1],"tags":[33,26,30,47,46,28,48],"class_list":["post-5490","post","type-post","status-publish","format-standard","has-post-thumbnail","hentry","category-revista","category-revista-principal","category-sin-categoria","tag-agricultores","tag-cana","tag-cana-de-azucar","tag-fondo-social","tag-gobernacion-del-valle-del-cauca","tag-procana","tag-vias"],"_links":{"self":[{"href":"https:\/\/procana.org\/site\/wp-json\/wp\/v2\/posts\/5490","targetHints":{"allow":["GET"]}}],"collection":[{"href":"https:\/\/procana.org\/site\/wp-json\/wp\/v2\/posts"}],"about":[{"href":"https:\/\/procana.org\/site\/wp-json\/wp\/v2\/types\/post"}],"author":[{"embeddable":true,"href":"https:\/\/procana.org\/site\/wp-json\/wp\/v2\/users\/442"}],"replies":[{"embeddable":true,"href":"https:\/\/procana.org\/site\/wp-json\/wp\/v2\/comments?post=5490"}],"version-history":[{"count":4,"href":"https:\/\/procana.org\/site\/wp-json\/wp\/v2\/posts\/5490\/revisions"}],"predecessor-version":[{"id":5497,"href":"https:\/\/procana.org\/site\/wp-json\/wp\/v2\/posts\/5490\/revisions\/5497"}],"wp:featuredmedia":[{"embeddable":true,"href":"https:\/\/procana.org\/site\/wp-json\/wp\/v2\/media\/5492"}],"wp:attachment":[{"href":"https:\/\/procana.org\/site\/wp-json\/wp\/v2\/media?parent=5490"}],"wp:term":[{"taxonomy":"category","embeddable":true,"href":"https:\/\/procana.org\/site\/wp-json\/wp\/v2\/categories?post=5490"},{"taxonomy":"post_tag","embeddable":true,"href":"https:\/\/procana.org\/site\/wp-json\/wp\/v2\/tags?post=5490"}],"curies":[{"name":"wp","href":"https:\/\/api.w.org\/{rel}","templated":true}]}}