{"id":5377,"date":"2023-02-20T15:38:17","date_gmt":"2023-02-20T20:38:17","guid":{"rendered":"https:\/\/procana.org\/site\/?p=5377"},"modified":"2023-02-20T15:38:20","modified_gmt":"2023-02-20T20:38:20","slug":"entrevista-programa-de-agronomia-de-cenicana-nuevo-enfoque-investigativo","status":"publish","type":"post","link":"https:\/\/procana.org\/site\/entrevista-programa-de-agronomia-de-cenicana-nuevo-enfoque-investigativo\/","title":{"rendered":"<strong>Entrevista Programa de Agronom\u00eda de Cenica\u00f1a: <\/strong>Nuevo enfoque investigativo"},"content":{"rendered":"\n<p>Con el fin de dar a conocer el nuevo enfoque investigativo que adelanta el Centro de Investigaci\u00f3n de la Ca\u00f1a de Az\u00facar de Colombia \u2013 CENICA\u00d1A, sobre la evaluaci\u00f3n de algunas pr\u00e1cticas agr\u00edcolas que est\u00e1n implementando los agricultores en la regi\u00f3n, Proca\u00f1a contact\u00f3 a los investigadores, Mauricio Quevedo y Francisco Sanguino, para obtener m\u00e1s informaci\u00f3n al respecto.<\/p>\n\n\n\n<p><strong>Proca\u00f1a:<\/strong> En los equipos de labranza postcosecha construidos por los agricultores que Cenica\u00f1a eval\u00faa, se han identificado modificaciones importantes para despajar, escarificar y abonar. \u00bfC\u00f3mo medir\u00e1n el impacto de estas nuevas pr\u00e1cticas?<\/p>\n\n\n\n<p><strong>Cenica\u00f1a:<\/strong> Actualmente estamos llevando a cabo experimentos para evaluar las pr\u00e1cticas convencionales y las nuevas propuestas antes y despu\u00e9s de cada labor. Por ahora estamos enfocados en evaluar el efecto en el crecimiento de la planta, control de malezas, la descompactaci\u00f3n y adecuaci\u00f3n de geometr\u00eda del cultivo. M\u00e1s adelante incluiremos otras variables relacionadas al aporte del nitr\u00f3geno y el mejoramiento de las propiedades f\u00edsicas y qu\u00edmicas de los suelos, por aportes de los residuos de cosecha.<\/p>\n\n\n\n<p><strong>P:<\/strong> \u00bfHan identificado las condiciones del suelo que permitir\u00edan estas labores?<\/p>\n\n\n\n<p><strong>C:<\/strong> Hasta ahora nos hemos enfocado en el mega ambiente seco-semiseco, esperamos evaluarlo en la zona h\u00fameda. Pero agron\u00f3micamente esto podr\u00eda resultar inviable, puesto que generar\u00eda un microclima que conlleve a la aparici\u00f3n de enfermedades a nivel de ra\u00edces o incluso problemas de drenaje.<\/p>\n\n\n\n<p><strong>P:<\/strong> \u00bfQu\u00e9 modificaciones est\u00e1n proponiendo en el dise\u00f1o de equipos?<\/p>\n\n\n\n<p><strong>C:<\/strong> En el marco del proyecto INTEGRA que est\u00e1 liderando el servicio de cooperaci\u00f3n t\u00e9cnica y de transferencia de tecnolog\u00eda de Cenica\u00f1a, se ha venido evaluando una escarificadora con modificaciones en la ubicaci\u00f3n de los v\u00e1stagos (v\u00e1stagos intercalados), para evitar que los residuos se acumulen provocando inoperabilidad de la m\u00e1quina por atascamiento. Por otro lado, estamos explorando la posibilidad de integrar la labor de roturaci\u00f3n con la siembra de las leguminosas, pero esto conlleva grandes retos.<\/p>\n\n\n\n<p><strong>P:<\/strong> La siembra de leguminosas en las calles del cultivo de la ca\u00f1a aporta nuevas condiciones para la vida microbiana, y nutrientes que pueden sustituir el uso de nitr\u00f3geno a partir de s\u00edntesis qu\u00edmica. \u00bfC\u00f3mo eval\u00faan esta opci\u00f3n?<\/p>\n\n\n\n<p><strong>C:<\/strong> Nosotros creemos que las leguminosas pueden llegar a suplir cierta cantidad de la fertilizaci\u00f3n nitrogenada, pero no sustituirla en 100%. Estamos proponiendo experimentos para evaluar la respuesta del crecimiento de las leguminosas y el contenido de nitr\u00f3geno, al momento de la incorporaci\u00f3n, y adem\u00e1s de la competencia que la leguminosa ejerce sobre la ca\u00f1a. Esperamos cuantificar el efecto en la calidad del suelo, pero son estudios que llevan bastante tiempo para ver los efectos.<\/p>\n\n\n\n<p><strong>P:<\/strong> \u00bfQu\u00e9 tipo de especies de leguminosas?<\/p>\n\n\n\n<p><strong>C:<\/strong> Hemos hecho unos estudios evaluando soya, caup\u00ed y crotalaria. Pero esperamos incluir otras como el mungo, man\u00ed y soyas de crecimiento indeterminado.<\/p>\n","protected":false},"excerpt":{"rendered":"<p>Con el fin de dar a conocer el nuevo enfoque investigativo que adelanta el Centro de Investigaci\u00f3n de la Ca\u00f1a de Az\u00facar de Colombia \u2013 CENICA\u00d1A, sobre la evaluaci\u00f3n de algunas pr\u00e1cticas agr\u00edcolas que est\u00e1n implementando los agricultores en la regi\u00f3n, Proca\u00f1a contact\u00f3 a los investigadores, Mauricio Quevedo y Francisco Sanguino, para obtener m\u00e1s informaci\u00f3n [&hellip;]<\/p>\n","protected":false},"author":442,"featured_media":5378,"comment_status":"open","ping_status":"open","sticky":false,"template":"","format":"standard","meta":{"_et_pb_use_builder":"","_et_pb_old_content":"","_et_gb_content_width":"","footnotes":""},"categories":[9,10,1],"tags":[38,26,37,27,40,28,39],"class_list":["post-5377","post","type-post","status-publish","format-standard","has-post-thumbnail","hentry","category-revista","category-revista-principal","category-sin-categoria","tag-agronomia","tag-cana","tag-cenicana","tag-colombia","tag-leguminosas","tag-procana","tag-suelo"],"_links":{"self":[{"href":"https:\/\/procana.org\/site\/wp-json\/wp\/v2\/posts\/5377","targetHints":{"allow":["GET"]}}],"collection":[{"href":"https:\/\/procana.org\/site\/wp-json\/wp\/v2\/posts"}],"about":[{"href":"https:\/\/procana.org\/site\/wp-json\/wp\/v2\/types\/post"}],"author":[{"embeddable":true,"href":"https:\/\/procana.org\/site\/wp-json\/wp\/v2\/users\/442"}],"replies":[{"embeddable":true,"href":"https:\/\/procana.org\/site\/wp-json\/wp\/v2\/comments?post=5377"}],"version-history":[{"count":1,"href":"https:\/\/procana.org\/site\/wp-json\/wp\/v2\/posts\/5377\/revisions"}],"predecessor-version":[{"id":5379,"href":"https:\/\/procana.org\/site\/wp-json\/wp\/v2\/posts\/5377\/revisions\/5379"}],"wp:featuredmedia":[{"embeddable":true,"href":"https:\/\/procana.org\/site\/wp-json\/wp\/v2\/media\/5378"}],"wp:attachment":[{"href":"https:\/\/procana.org\/site\/wp-json\/wp\/v2\/media?parent=5377"}],"wp:term":[{"taxonomy":"category","embeddable":true,"href":"https:\/\/procana.org\/site\/wp-json\/wp\/v2\/categories?post=5377"},{"taxonomy":"post_tag","embeddable":true,"href":"https:\/\/procana.org\/site\/wp-json\/wp\/v2\/tags?post=5377"}],"curies":[{"name":"wp","href":"https:\/\/api.w.org\/{rel}","templated":true}]}}